{"id":8397,"date":"2026-03-19T15:07:20","date_gmt":"2026-03-19T12:07:20","guid":{"rendered":"https:\/\/yolcu360.com\/blog\/?p=8397"},"modified":"2026-03-19T15:07:22","modified_gmt":"2026-03-19T12:07:22","slug":"kuzguncuk-gezilecek-yerler","status":"publish","type":"post","link":"https:\/\/yolcu360.com\/blog\/kuzguncuk-gezilecek-yerler\/","title":{"rendered":"Kuzguncuk&#8217;ta Gezilecek Yerler"},"content":{"rendered":"\n<p>Kuzguncuk gezilecek yerleri ke\u015ffe \u00e7\u0131k\u0131yoruz.<\/p>\n\n\n\n<p>\u0130stanbul\u2019un Anadolu yakas\u0131nda, as\u0131rl\u0131k \u00e7\u0131narlar\u0131n g\u00f6lgesinde ho\u015fg\u00f6r\u00fc ve kom\u015fuluk k\u00fclt\u00fcr\u00fcn\u00fcn hala ilmek ilmek i\u015flendi\u011fi b\u00fcy\u00fcleyici bir semte yolculu\u011fa \u00e7\u0131kmaya ne dersiniz? Tarihi dokusunu titizlikle koruyan cumbal\u0131 evleri, yan yana y\u00fckselen ibadethaneleri ve nostaljik atmosferiyle Kuzguncuk, \u015fehirden kopmadan huzuru bulmak isteyenler i\u00e7in e\u015fsiz bir ka\u00e7\u0131\u015f noktas\u0131 sunuyor.<\/p>\n\n\n\n<p>Dizilere ilham olan Arnavut kald\u0131r\u0131ml\u0131 sokaklarda y\u00fcr\u00fcrken, her k\u00f6\u015fede kar\u015f\u0131n\u0131za \u00e7\u0131kan butik tasar\u0131m d\u00fckkanlar\u0131 ve sanat at\u00f6lyeleriyle Kuzguncuk \u0130stanbul rotas\u0131, ziyaret\u00e7ilerine adeta bir zaman makinesindeymi\u015f hissi ya\u015fat\u0131yor. G\u00f6kku\u015fa\u011f\u0131n\u0131 and\u0131ran tarihi yap\u0131lar\u0131n aras\u0131nda ge\u00e7mi\u015fin izlerini s\u00fcrerken, Bo\u011faz\u2019\u0131n iyot kokulu r\u00fczgar\u0131yla tazelenece\u011finiz bu ke\u015fif turu size unutulmaz an\u0131lar vaat ediyor.<\/p>\n\n\n\n<div id=\"ez-toc-container\" class=\"ez-toc-v2_0_82_2 ez-toc-wrap-left counter-hierarchy ez-toc-counter ez-toc-grey ez-toc-container-direction\">\n<div class=\"ez-toc-title-container\">\n<p class=\"ez-toc-title\" style=\"cursor:inherit\">\u0130\u00e7indekiler<\/p>\n<span class=\"ez-toc-title-toggle\"><a href=\"#\" class=\"ez-toc-pull-right ez-toc-btn ez-toc-btn-xs ez-toc-btn-default ez-toc-toggle\" aria-label=\"\u0130\u00e7indekiler Tablosunu A\u00e7\/Kapat\"><span class=\"ez-toc-js-icon-con\"><span class=\"\"><span class=\"eztoc-hide\" style=\"display:none;\">Toggle<\/span><span class=\"ez-toc-icon-toggle-span\"><svg style=\"fill: #999;color:#999\" xmlns=\"http:\/\/www.w3.org\/2000\/svg\" class=\"list-377408\" width=\"20px\" height=\"20px\" viewBox=\"0 0 24 24\" fill=\"none\"><path d=\"M6 6H4v2h2V6zm14 0H8v2h12V6zM4 11h2v2H4v-2zm16 0H8v2h12v-2zM4 16h2v2H4v-2zm16 0H8v2h12v-2z\" fill=\"currentColor\"><\/path><\/svg><svg style=\"fill: #999;color:#999\" class=\"arrow-unsorted-368013\" xmlns=\"http:\/\/www.w3.org\/2000\/svg\" width=\"10px\" height=\"10px\" viewBox=\"0 0 24 24\" version=\"1.2\" baseProfile=\"tiny\"><path d=\"M18.2 9.3l-6.2-6.3-6.2 6.3c-.2.2-.3.4-.3.7s.1.5.3.7c.2.2.4.3.7.3h11c.3 0 .5-.1.7-.3.2-.2.3-.5.3-.7s-.1-.5-.3-.7zM5.8 14.7l6.2 6.3 6.2-6.3c.2-.2.3-.5.3-.7s-.1-.5-.3-.7c-.2-.2-.4-.3-.7-.3h-11c-.3 0-.5.1-.7.3-.2.2-.3.5-.3.7s.1.5.3.7z\"\/><\/svg><\/span><\/span><\/span><\/a><\/span><\/div>\n<nav><ul class='ez-toc-list ez-toc-list-level-1 eztoc-toggle-hide-by-default' ><li class='ez-toc-page-1 ez-toc-heading-level-2'><a class=\"ez-toc-link ez-toc-heading-1\" href=\"https:\/\/yolcu360.com\/blog\/kuzguncuk-gezilecek-yerler\/#Kuzguncuk_Nerede_Kuzguncuka_Nasil_Gidilir\" >Kuzguncuk Nerede, Kuzguncuk&#8217;a Nas\u0131l Gidilir?<\/a><\/li><li class='ez-toc-page-1 ez-toc-heading-level-2'><a class=\"ez-toc-link ez-toc-heading-2\" href=\"https:\/\/yolcu360.com\/blog\/kuzguncuk-gezilecek-yerler\/#Kuzguncuk_Gezilecek_Yerler_Haritasi\" >Kuzguncuk Gezilecek Yerler Haritas\u0131<\/a><\/li><li class='ez-toc-page-1 ez-toc-heading-level-2'><a class=\"ez-toc-link ez-toc-heading-3\" href=\"https:\/\/yolcu360.com\/blog\/kuzguncuk-gezilecek-yerler\/#1_Beylerbeyi_Sarayi\" >1. Beylerbeyi Saray\u0131<\/a><\/li><li class='ez-toc-page-1 ez-toc-heading-level-2'><a class=\"ez-toc-link ez-toc-heading-4\" href=\"https:\/\/yolcu360.com\/blog\/kuzguncuk-gezilecek-yerler\/#2_Kuzguncuk_Sahili\" >2. Kuzguncuk Sahili<\/a><\/li><li class='ez-toc-page-1 ez-toc-heading-level-2'><a class=\"ez-toc-link ez-toc-heading-5\" href=\"https:\/\/yolcu360.com\/blog\/kuzguncuk-gezilecek-yerler\/#3_Icadiye_Caddesi\" >3. \u0130cadiye Caddesi<\/a><\/li><li class='ez-toc-page-1 ez-toc-heading-level-2'><a class=\"ez-toc-link ez-toc-heading-6\" href=\"https:\/\/yolcu360.com\/blog\/kuzguncuk-gezilecek-yerler\/#4_Nail_Kitabevi_Cafe\" >4. Nail Kitabevi &amp; Cafe<\/a><\/li><li class='ez-toc-page-1 ez-toc-heading-level-2'><a class=\"ez-toc-link ez-toc-heading-7\" href=\"https:\/\/yolcu360.com\/blog\/kuzguncuk-gezilecek-yerler\/#5_Kuzguncuk_Bostani\" >5. Kuzguncuk Bostan\u0131<\/a><\/li><li class='ez-toc-page-1 ez-toc-heading-level-2'><a class=\"ez-toc-link ez-toc-heading-8\" href=\"https:\/\/yolcu360.com\/blog\/kuzguncuk-gezilecek-yerler\/#6_Perihan_Abla_Sokagi\" >6. Perihan Abla Soka\u011f\u0131<\/a><\/li><li class='ez-toc-page-1 ez-toc-heading-level-2'><a class=\"ez-toc-link ez-toc-heading-9\" href=\"https:\/\/yolcu360.com\/blog\/kuzguncuk-gezilecek-yerler\/#7_Fethi_Pasa_Korusu\" >7. Fethi Pa\u015fa Korusu<\/a><\/li><li class='ez-toc-page-1 ez-toc-heading-level-2'><a class=\"ez-toc-link ez-toc-heading-10\" href=\"https:\/\/yolcu360.com\/blog\/kuzguncuk-gezilecek-yerler\/#8_Tarihi_Kuzguncuk_Firini\" >8. Tarihi Kuzguncuk F\u0131r\u0131n\u0131<\/a><\/li><li class='ez-toc-page-1 ez-toc-heading-level-2'><a class=\"ez-toc-link ez-toc-heading-11\" href=\"https:\/\/yolcu360.com\/blog\/kuzguncuk-gezilecek-yerler\/#9_Kuzguncuk_Evleri\" >9. Kuzguncuk Evleri<\/a><\/li><li class='ez-toc-page-1 ez-toc-heading-level-2'><a class=\"ez-toc-link ez-toc-heading-12\" href=\"https:\/\/yolcu360.com\/blog\/kuzguncuk-gezilecek-yerler\/#10_Ahsap_Evler\" >10. Ah\u015fap Evler<\/a><\/li><li class='ez-toc-page-1 ez-toc-heading-level-2'><a class=\"ez-toc-link ez-toc-heading-13\" href=\"https:\/\/yolcu360.com\/blog\/kuzguncuk-gezilecek-yerler\/#11_Ayios_Panteleimon_Rum_Ortodoks_Kilisesi\" >11. Ayios Panteleimon Rum Ortodoks Kilisesi<\/a><\/li><li class='ez-toc-page-1 ez-toc-heading-level-2'><a class=\"ez-toc-link ez-toc-heading-14\" href=\"https:\/\/yolcu360.com\/blog\/kuzguncuk-gezilecek-yerler\/#12_Kuzguncuk_Camii\" >12. Kuzguncuk Camii<\/a><\/li><li class='ez-toc-page-1 ez-toc-heading-level-2'><a class=\"ez-toc-link ez-toc-heading-15\" href=\"https:\/\/yolcu360.com\/blog\/kuzguncuk-gezilecek-yerler\/#13_Surp_Krikor_Lusavoric_Ermeni_Kilisesi\" >13. Surp Krikor Lusavori\u00e7 Ermeni Kilisesi<\/a><\/li><li class='ez-toc-page-1 ez-toc-heading-level-2'><a class=\"ez-toc-link ez-toc-heading-16\" href=\"https:\/\/yolcu360.com\/blog\/kuzguncuk-gezilecek-yerler\/#14_Kuzguncuk_Cinaralti_Kahvesi\" >14. Kuzguncuk \u00c7\u0131naralt\u0131 Kahvesi<\/a><\/li><li class='ez-toc-page-1 ez-toc-heading-level-2'><a class=\"ez-toc-link ez-toc-heading-17\" href=\"https:\/\/yolcu360.com\/blog\/kuzguncuk-gezilecek-yerler\/#15_Nakkastepe_Millet_Bahcesi\" >15. Nakka\u015ftepe Millet Bah\u00e7esi<\/a><\/li><li class='ez-toc-page-1 ez-toc-heading-level-2'><a class=\"ez-toc-link ez-toc-heading-18\" href=\"https:\/\/yolcu360.com\/blog\/kuzguncuk-gezilecek-yerler\/#16_IBB_Kuzguncuk_Parki\" >16. \u0130BB Kuzguncuk Park\u0131<\/a><\/li><li class='ez-toc-page-1 ez-toc-heading-level-2'><a class=\"ez-toc-link ez-toc-heading-19\" href=\"https:\/\/yolcu360.com\/blog\/kuzguncuk-gezilecek-yerler\/#17_Cemil_Molla_Kosku\" >17. Cemil Molla K\u00f6\u015fk\u00fc<\/a><\/li><li class='ez-toc-page-1 ez-toc-heading-level-2'><a class=\"ez-toc-link ez-toc-heading-20\" href=\"https:\/\/yolcu360.com\/blog\/kuzguncuk-gezilecek-yerler\/#18_Pulat_Ciftligi\" >18. Pulat \u00c7iftli\u011fi<\/a><\/li><li class='ez-toc-page-1 ez-toc-heading-level-2'><a class=\"ez-toc-link ez-toc-heading-21\" href=\"https:\/\/yolcu360.com\/blog\/kuzguncuk-gezilecek-yerler\/#19_Kuzguncuk_Sanat_Tiyatrosu\" >19. Kuzguncuk Sanat Tiyatrosu<\/a><\/li><li class='ez-toc-page-1 ez-toc-heading-level-2'><a class=\"ez-toc-link ez-toc-heading-22\" href=\"https:\/\/yolcu360.com\/blog\/kuzguncuk-gezilecek-yerler\/#20_Refikanin_Mutfagi\" >20. Refika&#8217;n\u0131n Mutfa\u011f\u0131<\/a><\/li><li class='ez-toc-page-1 ez-toc-heading-level-2'><a class=\"ez-toc-link ez-toc-heading-23\" href=\"https:\/\/yolcu360.com\/blog\/kuzguncuk-gezilecek-yerler\/#21_Abdurrahman_Aga_Camii\" >21. Abdurrahman A\u011fa Camii<\/a><\/li><li class='ez-toc-page-1 ez-toc-heading-level-2'><a class=\"ez-toc-link ez-toc-heading-24\" href=\"https:\/\/yolcu360.com\/blog\/kuzguncuk-gezilecek-yerler\/#22_Uryanizade_Ahmet_Medeni_Camii\" >22. \u00dcryanizade Ahmet Medeni Camii<\/a><\/li><li class='ez-toc-page-1 ez-toc-heading-level-2'><a class=\"ez-toc-link ez-toc-heading-25\" href=\"https:\/\/yolcu360.com\/blog\/kuzguncuk-gezilecek-yerler\/#23_Abdulmecit_Efendi_Kosku\" >23. Abd\u00fclmecit Efendi K\u00f6\u015fk\u00fc<\/a><\/li><li class='ez-toc-page-1 ez-toc-heading-level-2'><a class=\"ez-toc-link ez-toc-heading-26\" href=\"https:\/\/yolcu360.com\/blog\/kuzguncuk-gezilecek-yerler\/#24_Bogaz_Manzara_Noktasi\" >24. Bo\u011faz Manzara Noktas\u0131<\/a><\/li><li class='ez-toc-page-1 ez-toc-heading-level-2'><a class=\"ez-toc-link ez-toc-heading-27\" href=\"https:\/\/yolcu360.com\/blog\/kuzguncuk-gezilecek-yerler\/#25_Yesil_Mavi_Kafe\" >25. Ye\u015fil Mavi Kafe<\/a><\/li><li class='ez-toc-page-1 ez-toc-heading-level-2'><a class=\"ez-toc-link ez-toc-heading-28\" href=\"https:\/\/yolcu360.com\/blog\/kuzguncuk-gezilecek-yerler\/#Kuzguncuk_Gezilecek_Yerlere_Hizli_Bakis\" >Kuzguncuk Gezilecek Yerlere H\u0131zl\u0131 Bak\u0131\u015f<\/a><\/li><li class='ez-toc-page-1 ez-toc-heading-level-2'><a class=\"ez-toc-link ez-toc-heading-29\" href=\"https:\/\/yolcu360.com\/blog\/kuzguncuk-gezilecek-yerler\/#Ekonomik_bir_Istanbul_gezisi_icin_Yolcu360_mobil_uygulamasini_indirin\" >Ekonomik bir \u0130stanbul gezisi i\u00e7in Yolcu360 mobil uygulamas\u0131n\u0131 indirin:<\/a><\/li><\/ul><\/nav><\/div>\n<h2 class=\"wp-block-heading\"><span class=\"ez-toc-section\" id=\"Kuzguncuk_Nerede_Kuzguncuka_Nasil_Gidilir\"><\/span>Kuzguncuk Nerede, Kuzguncuk&#8217;a Nas\u0131l Gidilir?<span class=\"ez-toc-section-end\"><\/span><\/h2>\n\n\n<style>.kb-google-maps-container8397_7a6283-d5{height:150px;}<\/style><div class=\"kb-google-maps-container kb-google-maps-container8397_7a6283-d5  wp-block-kadence-googlemaps\" data-mapid=\"8397_7a6283d5\"><iframe width=\"100%\" height=\"100%\"\n\t\t\t\t\t\t\tstyle=\"border:0\" loading=\"lazy\"\n\t\t\t\t\t\t\tsrc=\"https:\/\/www.google.com\/maps\/embed\/v1\/place?key=AIzaSyBAM2o7PiQqwk15LC1XRH2e_KJ-jUa7KYk&#038;zoom=13&#038;maptype=roadmap&#038;q=kuzguncuk\"\n\t\t\t\t\t\t\ttitle=\"Google map of kuzguncuk\"><\/iframe><\/div><script>function kb_google_map8397_7a6283d5() { let center = { lat: 37.8201, lng: -122.4781}; let map = new google.maps.Map(document.getElementById(\"kb-google-map8397_7a6283d5\"), {\n\t\t\t\t\t    zoom: 13,\n\t\t\t\t\t    center: center,});let marker = new google.maps.Marker({   position: { lat: 37.8201, lng: -122.4781},    map: map,  });}<\/script>\n\n\n<figure class=\"wp-block-table\"><table><thead><tr><th class=\"has-text-align-left\" data-align=\"left\">Ula\u015f\u0131m<\/th><th class=\"has-text-align-left\" data-align=\"left\">\u00d6nerimiz<\/th><\/tr><\/thead><tbody><tr><td class=\"has-text-align-left\" data-align=\"left\"><strong>Ara\u00e7 Kiralama<\/strong><\/td><td class=\"has-text-align-left\" data-align=\"left\"><a href=\"https:\/\/yolcu360.com\/arac-kiralama\/turkiye\/istanbul\" target=\"_blank\" rel=\"noreferrer noopener\">\u0130stanbul&#8217;da ara\u00e7 kiralama se\u00e7enekleri g\u00fcnl\u00fck 1000 TL&#8217;den* ba\u015fl\u0131yor.<\/a><\/td><\/tr><tr><td class=\"has-text-align-left\" data-align=\"left\"><strong>\u015eof\u00f6rl\u00fc Kiralama<\/strong><\/td><td class=\"has-text-align-left\" data-align=\"left\"><a href=\"https:\/\/yolcu360.com\/soforlu-arac-kiralama\" target=\"_blank\" rel=\"noreferrer noopener\">\u00d6zel \u015fof\u00f6rl\u00fc ara\u00e7 tutarak diledi\u011finiz noktadan kalabal\u0131k grupla Kuzguncuk ve \u00e7evresine ula\u015fabilirsiniz.<\/a><\/td><\/tr><\/tbody><\/table><\/figure>\n\n\n\n<p class=\"has-bd-color-background-color has-background has-small-font-size\">*<em>Fiyatlar genel bilgilendirme ama\u00e7l\u0131d\u0131r, net \u00fccretleri rezervasyon a\u015famas\u0131nda g\u00f6r\u00fcnt\u00fcleyebilirsiniz.<\/em><\/p>\n\n\n\n<p><strong>Kuzguncuk<\/strong>, \u0130stanbul\u2019un Anadolu Yakas\u0131\u2019nda, \u00dcsk\u00fcdar il\u00e7esine ba\u011fl\u0131 tarihi bir mahalledir. Pa\u015faliman\u0131 ile Beylerbeyi aras\u0131nda, ye\u015filin maviyle bulu\u015ftu\u011fu huzurlu bir vadi i\u00e7inde konumlan\u0131r.<\/p>\n\n\n\n<h3 class=\"wp-block-heading\">Kuzguncuk Yol Tarifi<\/h3>\n\n\n\n<p>Bo\u011faz\u2019\u0131n bu masals\u0131 semtine ula\u015fmak, \u0130stanbul\u2019un merkezi noktalar\u0131ndan kalkan toplu ta\u015f\u0131ma ara\u00e7lar\u0131 sayesinde olduk\u00e7a zahmetsizdir. <\/p>\n\n\n\n<ul class=\"wp-block-list\">\n<li><strong>\u00dcsk\u00fcdar \u0130skele \u2013 Kuzguncuk:<\/strong> Yakla\u015f\u0131k 1.5 km (Sahilden y\u00fcr\u00fcyerek 15-20 dakika)<\/li>\n\n\n\n<li><strong>Be\u015fikta\u015f \u2013 Kuzguncuk:<\/strong> Vapur\/Motorla \u00dcsk\u00fcdar (15 dk) + Minib\u00fcs\/Otob\u00fcs (5 dk)<\/li>\n\n\n\n<li><strong>Kad\u0131k\u00f6y \u2013 Kuzguncuk:<\/strong> Marmaray ile \u00dcsk\u00fcdar (4 dk) + Otob\u00fcs (5 dk)<\/li>\n\n\n\n<li><strong>Altunizade \u2013 Kuzguncuk:<\/strong> M5 Metrosu ile F\u0131st\u0131ka\u011fac\u0131 dura\u011f\u0131 + 15 dakika y\u00fcr\u00fcy\u00fc\u015f<\/li>\n<\/ul>\n\n\n\n<p><strong>Deniz Yolu ve Vapur Keyfi:<\/strong> Anadolu Yakas\u0131&#8217;n\u0131n tad\u0131n\u0131 \u00e7\u0131karmak isteyenler i\u00e7in Kuzguncuk sahili vapur iskelelerine olduk\u00e7a yak\u0131nd\u0131r. \u015eehir Hatlar\u0131\u2019n\u0131n \u00c7engelk\u00f6y-\u0130stinye veya Bo\u011faz hatt\u0131 vapurlar\u0131n\u0131 kullanarak do\u011frudan Kuzguncuk iskelesine yana\u015fabilirsiniz. \u00d6zellikle Avrupa Yakas\u0131&#8217;ndan gelecek misafirler i\u00e7in Be\u015fikta\u015f veya Emin\u00f6n\u00fc\u2019nden \u00dcsk\u00fcdar\u2019a ge\u00e7ip oradan sahil otob\u00fcslerine binmek en pop\u00fcler se\u00e7enektir.<\/p>\n\n\n\n<p class=\"has-background\" style=\"background-color:#fffcf3\"><strong>Otob\u00fcs ve Minib\u00fcs Hatlar\u0131:<\/strong> \u00dcsk\u00fcdar Marmaray veya Metro duraklar\u0131ndan \u00e7\u0131kt\u0131ktan sonra sahil y\u00f6n\u00fcndeki duraklardan kalkan 15, 15B, 15C, 15E, 15F, 15K ve 15U gibi hemen hemen t\u00fcm Beykoz y\u00f6n\u00fc otob\u00fcsleri semtin i\u00e7inden ge\u00e7er. \u0130nece\u011finiz durak ismi &#8220;Kuzguncuk &#8211; \u015eehit Samet Uslu&#8221; dura\u011f\u0131d\u0131r.<\/p>\n\n\n\n<p class=\"has-background\" style=\"background-color:#f4ffff\"><strong>Kara Yolu ve Otopark Durumu:<\/strong> Kendi arac\u0131n\u0131zla gelmeyi planl\u0131yorsan\u0131z, \u00dcsk\u00fcdar-Beylerbeyi sahil yolunu takip etmelisiniz. Ancak Kuzguncuk sokaklar\u0131 dar ve park yeri olduk\u00e7a k\u0131s\u0131tl\u0131d\u0131r. Arac\u0131n\u0131z\u0131 \u0130cadiye Caddesi \u00fczerindeki k\u00fc\u00e7\u00fck \u00f6zel otoparklara veya \u0130BB Kuzguncuk Park\u0131 yak\u0131n\u0131ndaki alanlara b\u0131rakabilirsiniz. Hafta sonu yo\u011funlu\u011funu d\u00fc\u015f\u00fcnerek arac\u0131n\u0131z\u0131 \u00dcsk\u00fcdar\u2019daki katl\u0131 otoparklara b\u0131rak\u0131p semte y\u00fcr\u00fcmek size b\u00fcy\u00fck zaman kazand\u0131racakt\u0131r.<\/p>\n\n\n\n<blockquote class=\"wp-block-quote is-layout-flow wp-block-quote-is-layout-flow\">\n<p><strong>Yolcu360 Notu:<\/strong> Semtin nostaljik ruhunu ke\u015ffetmek i\u00e7in en iyi y\u00f6ntem y\u00fcr\u00fcmektir. Ancak bu geziyi Beylerbeyi Saray\u0131 veya Nakka\u015f Tepe gibi noktalarla birle\u015ftirip t\u00fcm Bo\u011faz hatt\u0131n\u0131 \u00f6zg\u00fcrce gezmek <a href=\"https:\/\/yolcu360.com\/arac-kiralama\">isterseniz<\/a>, <a href=\"https:\/\/yolcu360.com\/arac-kiralama\" target=\"_blank\" rel=\"noreferrer noopener\">ara\u00e7 kiralama se\u00e7eneklerini de\u011ferlendirerek ula\u015f\u0131m\u0131n\u0131z\u0131 \u00e7ok daha h\u0131zl\u0131 hale getirebilirsiniz.<\/a><\/p>\n<\/blockquote>\n\n\n\n<h2 class=\"wp-block-heading\"><span class=\"ez-toc-section\" id=\"Kuzguncuk_Gezilecek_Yerler_Haritasi\"><\/span>Kuzguncuk Gezilecek Yerler Haritas\u0131<span class=\"ez-toc-section-end\"><\/span><\/h2>\n\n\n\n<iframe data-trx-lazyload-src=\"https:\/\/www.google.com\/maps\/d\/u\/0\/embed?mid=1rovCPB54qSoxEjQjUBl53enWGrHLySY&#038;ehbc=2E312F&#038;noprof=1\" width=\"640\" height=\"480\"><\/iframe>\n\n\n\n<h2 class=\"wp-block-heading\"><span class=\"ez-toc-section\" id=\"1_Beylerbeyi_Sarayi\"><\/span>1. Beylerbeyi Saray\u0131<span class=\"ez-toc-section-end\"><\/span><\/h2>\n\n\n\n<figure class=\"wp-block-image size-large\"><img fetchpriority=\"high\" decoding=\"async\" width=\"1024\" height=\"578\" src=\"https:\/\/yolcu360.com\/blog\/wp-content\/uploads\/2023\/01\/beylerbeyi-sarayi-1024x578.webp\" alt=\"beylerbeyi saray\u0131, kuzguncuk gezilecek yerler\" class=\"wp-image-74613\" srcset=\"https:\/\/yolcu360.com\/blog\/wp-content\/uploads\/2023\/01\/beylerbeyi-sarayi-1024x578.webp 1024w, https:\/\/yolcu360.com\/blog\/wp-content\/uploads\/2023\/01\/beylerbeyi-sarayi-500x282.webp 500w, https:\/\/yolcu360.com\/blog\/wp-content\/uploads\/2023\/01\/beylerbeyi-sarayi-150x85.webp 150w, https:\/\/yolcu360.com\/blog\/wp-content\/uploads\/2023\/01\/beylerbeyi-sarayi-768x433.webp 768w, https:\/\/yolcu360.com\/blog\/wp-content\/uploads\/2023\/01\/beylerbeyi-sarayi-370x209.webp 370w, https:\/\/yolcu360.com\/blog\/wp-content\/uploads\/2023\/01\/beylerbeyi-sarayi-865x488.webp 865w, https:\/\/yolcu360.com\/blog\/wp-content\/uploads\/2023\/01\/beylerbeyi-sarayi-642x362.webp 642w, https:\/\/yolcu360.com\/blog\/wp-content\/uploads\/2023\/01\/beylerbeyi-sarayi-270x152.webp 270w, https:\/\/yolcu360.com\/blog\/wp-content\/uploads\/2023\/01\/beylerbeyi-sarayi.webp 1063w\" sizes=\"(max-width: 1024px) 100vw, 1024px\" \/><\/figure>\n\n\n\n<p>Bo\u011faz\u2019\u0131n Anadolu yakas\u0131nda, 19. y\u00fczy\u0131l\u0131n ihti\u015fam\u0131n\u0131 g\u00fcn\u00fcm\u00fcze ta\u015f\u0131yan bu yazl\u0131k saray, d\u00f6nemin en \u00f6nemli devlet konuklar\u0131n\u0131 a\u011f\u0131rlayan bir mimari \u015faheserdir. Sultan Abd\u00fclaziz taraf\u0131ndan yapt\u0131r\u0131lan yap\u0131, hem Bat\u0131 hem de Do\u011fu mimarisinin sentezi olan detaylar\u0131yla \u00dcsk\u00fcdar Kuzguncuk gezilecek yerler rotas\u0131n\u0131n en g\u00f6rkemli dura\u011f\u0131d\u0131r. \u0130\u00e7erideki kristal avizeler ve Hereke hal\u0131lar\u0131, ziyaret\u00e7ilere imparatorluk d\u00f6neminin l\u00fcks ya\u015fam\u0131n\u0131 bizzat hissettiriyor.<\/p>\n\n\n\n<ul class=\"wp-block-list\">\n<li><a href=\"https:\/\/maps.app.goo.gl\/E5NP3syeCYLcnGVL7\" target=\"_blank\" rel=\"noreferrer noopener\">Beylerbeyi Saray\u0131\u2019n\u0131 haritada g\u00f6ster<\/a><\/li>\n\n\n\n<li><strong>Ziyaret saatleri:<\/strong> Pazartesi g\u00fcnleri hari\u00e7 09:00 \u2013 17:00.<\/li>\n\n\n\n<li><strong>2026 giri\u015f \u00fccreti:<\/strong> yerli 200 TL, yabanc\u0131 800 TL, indirimli 100 TL, bah\u00e7e ziyareti 100 TL.<\/li>\n<\/ul>\n\n\n\n<h2 class=\"wp-block-heading\"><span class=\"ez-toc-section\" id=\"2_Kuzguncuk_Sahili\"><\/span>2. Kuzguncuk Sahili<span class=\"ez-toc-section-end\"><\/span><\/h2>\n\n\n\n<figure class=\"wp-block-image size-large\"><img decoding=\"async\" width=\"1024\" height=\"547\" src=\"https:\/\/yolcu360.com\/blog\/wp-content\/uploads\/2023\/08\/kuzguncuk-sahili-1024x547.webp\" alt=\"kuzguncuk sahili, kuzguncuk gezilecek yerler\" class=\"wp-image-75089\" srcset=\"https:\/\/yolcu360.com\/blog\/wp-content\/uploads\/2023\/08\/kuzguncuk-sahili-1024x547.webp 1024w, https:\/\/yolcu360.com\/blog\/wp-content\/uploads\/2023\/08\/kuzguncuk-sahili-500x267.webp 500w, https:\/\/yolcu360.com\/blog\/wp-content\/uploads\/2023\/08\/kuzguncuk-sahili-150x80.webp 150w, https:\/\/yolcu360.com\/blog\/wp-content\/uploads\/2023\/08\/kuzguncuk-sahili-768x410.webp 768w, https:\/\/yolcu360.com\/blog\/wp-content\/uploads\/2023\/08\/kuzguncuk-sahili-370x198.webp 370w, https:\/\/yolcu360.com\/blog\/wp-content\/uploads\/2023\/08\/kuzguncuk-sahili-1080x577.webp 1080w, https:\/\/yolcu360.com\/blog\/wp-content\/uploads\/2023\/08\/kuzguncuk-sahili-865x462.webp 865w, https:\/\/yolcu360.com\/blog\/wp-content\/uploads\/2023\/08\/kuzguncuk-sahili-642x343.webp 642w, https:\/\/yolcu360.com\/blog\/wp-content\/uploads\/2023\/08\/kuzguncuk-sahili.webp 1124w\" sizes=\"(max-width: 1024px) 100vw, 1024px\" \/><\/figure>\n\n\n\n<p>\u0130stanbul\u2019un o me\u015fhur k\u00f6pr\u00fc manzaras\u0131n\u0131 en huzurlu haliyle izleyebilece\u011finiz bu k\u0131y\u0131 \u015feridi, bal\u0131k\u00e7\u0131 tekneleri ve as\u0131rl\u0131k \u00e7\u0131nar a\u011fa\u00e7lar\u0131yla tam bir dinlenme noktas\u0131d\u0131r. Bo\u011faz\u2019\u0131n serin r\u00fczgar\u0131n\u0131 i\u00e7inize \u00e7ekerek y\u00fcr\u00fcy\u00fc\u015f yapabilece\u011finiz Kuzguncuk Sahili, \u00f6zellikle g\u00fcn bat\u0131m\u0131 saatlerinde sundu\u011fu renklerle foto\u011fraf\u00e7\u0131lar\u0131n vazge\u00e7ilmez mekan\u0131 oluyor. Deniz kenar\u0131ndaki banklarda oturup ge\u00e7en vapurlar\u0131 izlemek, semtin dingin ruhuna ortak olman\u0131z\u0131 sa\u011flar.<\/p>\n\n\n\n<ul class=\"wp-block-list\">\n<li><a href=\"https:\/\/maps.app.goo.gl\/HmBG4J7E4SSU5doF6\" target=\"_blank\" rel=\"noreferrer noopener\">Kuzguncuk Sahili\u2019ni haritada g\u00f6ster<\/a><\/li>\n<\/ul>\n\n\n\n<h2 class=\"wp-block-heading\"><span class=\"ez-toc-section\" id=\"3_Icadiye_Caddesi\"><\/span>3. \u0130cadiye Caddesi<span class=\"ez-toc-section-end\"><\/span><\/h2>\n\n\n\n<figure class=\"wp-block-image size-full\"><img decoding=\"async\" width=\"894\" height=\"600\" src=\"https:\/\/yolcu360.com\/blog\/wp-content\/uploads\/2023\/08\/icadiye-caddesi-kuzguncuk-gezilecek-yerler.webp\" alt=\"icadiye caddesi, kuzguncuk\" class=\"wp-image-75090\" srcset=\"https:\/\/yolcu360.com\/blog\/wp-content\/uploads\/2023\/08\/icadiye-caddesi-kuzguncuk-gezilecek-yerler.webp 894w, https:\/\/yolcu360.com\/blog\/wp-content\/uploads\/2023\/08\/icadiye-caddesi-kuzguncuk-gezilecek-yerler-500x336.webp 500w, https:\/\/yolcu360.com\/blog\/wp-content\/uploads\/2023\/08\/icadiye-caddesi-kuzguncuk-gezilecek-yerler-150x101.webp 150w, https:\/\/yolcu360.com\/blog\/wp-content\/uploads\/2023\/08\/icadiye-caddesi-kuzguncuk-gezilecek-yerler-768x515.webp 768w, https:\/\/yolcu360.com\/blog\/wp-content\/uploads\/2023\/08\/icadiye-caddesi-kuzguncuk-gezilecek-yerler-370x248.webp 370w, https:\/\/yolcu360.com\/blog\/wp-content\/uploads\/2023\/08\/icadiye-caddesi-kuzguncuk-gezilecek-yerler-865x581.webp 865w, https:\/\/yolcu360.com\/blog\/wp-content\/uploads\/2023\/08\/icadiye-caddesi-kuzguncuk-gezilecek-yerler-642x431.webp 642w\" sizes=\"(max-width: 894px) 100vw, 894px\" \/><\/figure>\n\n\n\n<p>Semtin can damar\u0131 olan bu cadde, sa\u011fl\u0131 sollu s\u0131ralanan butik kafeleri, sanat at\u00f6lyeleri ve \u00f6zg\u00fcn d\u00fckkanlar\u0131yla Kuzguncuk \u00e7ar\u015f\u0131 atmosferini en canl\u0131 haliyle sunmaktad\u0131r. Y\u00fcr\u00fcrken her k\u00f6\u015fe ba\u015f\u0131nda bir dizi setine ya da bir ressam\u0131n tuvaline rastlayabilece\u011finiz cadde, semt k\u00fclt\u00fcr\u00fcn\u00fcn kalbi olarak kabul edilir. Tarihi yap\u0131lar\u0131n aras\u0131nda al\u0131\u015fveri\u015f yaparken bir yandan da yerel esnafla sohbet ederek semtin dokusunu ke\u015ffedebilirsiniz.<\/p>\n\n\n\n<ul class=\"wp-block-list\">\n<li><a href=\"https:\/\/maps.app.goo.gl\/vQQWHfJSqxLMEDR39\" target=\"_blank\" rel=\"noreferrer noopener\">\u0130cadiye Caddesi\u2019ni haritada g\u00f6ster<\/a><\/li>\n<\/ul>\n\n\n\n<h2 class=\"wp-block-heading\"><span class=\"ez-toc-section\" id=\"4_Nail_Kitabevi_Cafe\"><\/span>4. Nail Kitabevi &amp; Cafe<span class=\"ez-toc-section-end\"><\/span><\/h2>\n\n\n\n<figure class=\"wp-block-image size-large\"><img loading=\"lazy\" decoding=\"async\" width=\"1024\" height=\"622\" src=\"https:\/\/yolcu360.com\/blog\/wp-content\/uploads\/2023\/08\/nail-kitapevi-cafe-1024x622.webp\" alt=\"Nail Kitabevi &amp; Cafe\" class=\"wp-image-75091\" srcset=\"https:\/\/yolcu360.com\/blog\/wp-content\/uploads\/2023\/08\/nail-kitapevi-cafe-1024x622.webp 1024w, https:\/\/yolcu360.com\/blog\/wp-content\/uploads\/2023\/08\/nail-kitapevi-cafe-500x304.webp 500w, https:\/\/yolcu360.com\/blog\/wp-content\/uploads\/2023\/08\/nail-kitapevi-cafe-150x91.webp 150w, https:\/\/yolcu360.com\/blog\/wp-content\/uploads\/2023\/08\/nail-kitapevi-cafe-768x466.webp 768w, https:\/\/yolcu360.com\/blog\/wp-content\/uploads\/2023\/08\/nail-kitapevi-cafe-370x225.webp 370w, https:\/\/yolcu360.com\/blog\/wp-content\/uploads\/2023\/08\/nail-kitapevi-cafe-865x525.webp 865w, https:\/\/yolcu360.com\/blog\/wp-content\/uploads\/2023\/08\/nail-kitapevi-cafe-642x390.webp 642w, https:\/\/yolcu360.com\/blog\/wp-content\/uploads\/2023\/08\/nail-kitapevi-cafe.webp 1064w\" sizes=\"(max-width: 1024px) 100vw, 1024px\" \/><\/figure>\n\n\n\n<p>Cumbal\u0131 mimarisi ve pencerelerinin \u00f6n\u00fcndeki okuma k\u00f6\u015feleriyle tan\u0131nan bu mekan, sadece bir kitap d\u00fckkan\u0131 de\u011fil ayn\u0131 zamanda semtin en estetik yap\u0131lar\u0131ndan biridir. Estetik tasar\u0131m\u0131 sayesinde Kuzguncuk foto\u011fraf \u00e7ekilecek yerler denildi\u011finde akla ilk gelen noktalardan biri olan kitabevi, okurlar i\u00e7in sessiz ve masals\u0131 bir s\u0131\u011f\u0131nak niteli\u011fi ta\u015f\u0131yor. Kitab\u0131n\u0131z\u0131 al\u0131p cam kenar\u0131ndaki o me\u015fhur koltuklarda otururken, d\u0131\u015far\u0131daki tarihi dokuyu seyretmek paha bi\u00e7ilemez bir deneyimdir.<\/p>\n\n\n\n<ul class=\"wp-block-list\">\n<li><a href=\"https:\/\/maps.app.goo.gl\/BPk42HmoTwK5iztR7\" target=\"_blank\" rel=\"noreferrer noopener\">Nail Kitabevi\u2019ni haritada g\u00f6ster<\/a><\/li>\n\n\n\n<li><strong>Ziyaret saatleri:<\/strong> Her g\u00fcn 10:00 \u2013 19:30.<\/li>\n<\/ul>\n\n\n\n<h2 class=\"wp-block-heading\"><span class=\"ez-toc-section\" id=\"5_Kuzguncuk_Bostani\"><\/span>5. Kuzguncuk Bostan\u0131<span class=\"ez-toc-section-end\"><\/span><\/h2>\n\n\n\n<figure class=\"wp-block-image size-large\"><img loading=\"lazy\" decoding=\"async\" width=\"1024\" height=\"529\" src=\"https:\/\/yolcu360.com\/blog\/wp-content\/uploads\/2023\/08\/kuzguncuk-bostani-1024x529.webp\" alt=\"Kuzguncuk Bostan\u0131\" class=\"wp-image-75092\" srcset=\"https:\/\/yolcu360.com\/blog\/wp-content\/uploads\/2023\/08\/kuzguncuk-bostani-1024x529.webp 1024w, https:\/\/yolcu360.com\/blog\/wp-content\/uploads\/2023\/08\/kuzguncuk-bostani-500x258.webp 500w, https:\/\/yolcu360.com\/blog\/wp-content\/uploads\/2023\/08\/kuzguncuk-bostani-150x77.webp 150w, https:\/\/yolcu360.com\/blog\/wp-content\/uploads\/2023\/08\/kuzguncuk-bostani-768x397.webp 768w, https:\/\/yolcu360.com\/blog\/wp-content\/uploads\/2023\/08\/kuzguncuk-bostani-370x191.webp 370w, https:\/\/yolcu360.com\/blog\/wp-content\/uploads\/2023\/08\/kuzguncuk-bostani-1290x666.webp 1290w, https:\/\/yolcu360.com\/blog\/wp-content\/uploads\/2023\/08\/kuzguncuk-bostani-1080x558.webp 1080w, https:\/\/yolcu360.com\/blog\/wp-content\/uploads\/2023\/08\/kuzguncuk-bostani-865x447.webp 865w, https:\/\/yolcu360.com\/blog\/wp-content\/uploads\/2023\/08\/kuzguncuk-bostani-642x332.webp 642w, https:\/\/yolcu360.com\/blog\/wp-content\/uploads\/2023\/08\/kuzguncuk-bostani.webp 1355w\" sizes=\"(max-width: 1024px) 100vw, 1024px\" \/><\/figure>\n\n\n\n<p>Eski ad\u0131yla \u0130lya\u2019n\u0131n Bostan\u0131 olarak bilinen bu alan, \u0130stanbul\u2019un merkezinde kalmay\u0131 ba\u015farm\u0131\u015f son mahalle bostanlar\u0131ndan biri olarak do\u011faseverleri kar\u015f\u0131lar. Mahalle sakinlerinin ekip bi\u00e7ti\u011fi bu ye\u015fil vaha, Kuzguncuk Bostan\u0131 ad\u0131yla semtin toplumsal dayan\u0131\u015fma ruhunu ve do\u011faya olan ba\u011fl\u0131l\u0131\u011f\u0131n\u0131 simgeler. Meyve a\u011fa\u00e7lar\u0131 ve sebze tarhlar\u0131 aras\u0131nda dola\u015f\u0131rken, kendinizi bir metropolde de\u011fil, huzurlu bir k\u00f6ydeymi\u015f gibi hissetmeniz i\u015ften bile de\u011fildir.<\/p>\n\n\n\n<ul class=\"wp-block-list\">\n<li><a href=\"https:\/\/maps.app.goo.gl\/AC9Wkn6y3gk38FA28\" target=\"_blank\" rel=\"noreferrer noopener\">Kuzguncuk Bostan\u0131\u2019n\u0131 haritada g\u00f6ster<\/a><\/li>\n<\/ul>\n\n\n\n<h2 class=\"wp-block-heading\"><span class=\"ez-toc-section\" id=\"6_Perihan_Abla_Sokagi\"><\/span>6. Perihan Abla Soka\u011f\u0131<span class=\"ez-toc-section-end\"><\/span><\/h2>\n\n\n\n<figure class=\"wp-block-image size-large\"><img loading=\"lazy\" decoding=\"async\" width=\"1024\" height=\"492\" src=\"https:\/\/yolcu360.com\/blog\/wp-content\/uploads\/2023\/08\/perihan-abla-sokagi-kuzguncuk-uskudar-1024x492.webp\" alt=\"Perihan Abla Soka\u011f\u0131\" class=\"wp-image-75093\" srcset=\"https:\/\/yolcu360.com\/blog\/wp-content\/uploads\/2023\/08\/perihan-abla-sokagi-kuzguncuk-uskudar-1024x492.webp 1024w, https:\/\/yolcu360.com\/blog\/wp-content\/uploads\/2023\/08\/perihan-abla-sokagi-kuzguncuk-uskudar-500x240.webp 500w, https:\/\/yolcu360.com\/blog\/wp-content\/uploads\/2023\/08\/perihan-abla-sokagi-kuzguncuk-uskudar-150x72.webp 150w, https:\/\/yolcu360.com\/blog\/wp-content\/uploads\/2023\/08\/perihan-abla-sokagi-kuzguncuk-uskudar-768x369.webp 768w, https:\/\/yolcu360.com\/blog\/wp-content\/uploads\/2023\/08\/perihan-abla-sokagi-kuzguncuk-uskudar-370x178.webp 370w, https:\/\/yolcu360.com\/blog\/wp-content\/uploads\/2023\/08\/perihan-abla-sokagi-kuzguncuk-uskudar-1290x620.webp 1290w, https:\/\/yolcu360.com\/blog\/wp-content\/uploads\/2023\/08\/perihan-abla-sokagi-kuzguncuk-uskudar-1080x519.webp 1080w, https:\/\/yolcu360.com\/blog\/wp-content\/uploads\/2023\/08\/perihan-abla-sokagi-kuzguncuk-uskudar-865x416.webp 865w, https:\/\/yolcu360.com\/blog\/wp-content\/uploads\/2023\/08\/perihan-abla-sokagi-kuzguncuk-uskudar-642x309.webp 642w, https:\/\/yolcu360.com\/blog\/wp-content\/uploads\/2023\/08\/perihan-abla-sokagi-kuzguncuk-uskudar.webp 1456w\" sizes=\"(max-width: 1024px) 100vw, 1024px\" \/><\/figure>\n\n\n\n<p>90\u2019l\u0131 y\u0131llar\u0131n o unutulmaz mahalle k\u00fclt\u00fcr\u00fcn\u00fc ekranlara ta\u015f\u0131yan efsanevi dizinin \u00e7ekildi\u011fi bu sokak, bug\u00fcn hala o samimi atmosferini koruyor. Arnavut kald\u0131r\u0131mlar\u0131 ve kar\u015f\u0131l\u0131kl\u0131 uzanan tarihi yap\u0131lar\u0131yla Kuzguncuk sokaklar\u0131 aras\u0131nda en \u00e7ok ziyaret edilen nokta olan bu rota, sizi adeta bir zaman yolculu\u011funa \u00e7\u0131kar\u0131yor. Soka\u011f\u0131n her k\u00f6\u015fesinde o eski \u0130stanbul mahalle hayat\u0131n\u0131n izlerine rastlamak m\u00fcmk\u00fcn.<\/p>\n\n\n\n<ul class=\"wp-block-list\">\n<li><a href=\"https:\/\/maps.app.goo.gl\/DP6zLpaPiBZpmrb39\" target=\"_blank\" rel=\"noreferrer noopener\">Perihan Abla Soka\u011f\u0131\u2019n\u0131 haritada g\u00f6ster<\/a><\/li>\n\n\n\n<li><strong>Not:<\/strong> Ekmek Teknesi&#8217;nin \u00e7ekildi\u011fi semt hat\u0131ralar\u0131n\u0131 canland\u0131rmak i\u00e7in en do\u011fru durak buras\u0131d\u0131r.<\/li>\n<\/ul>\n\n\n\n<h2 class=\"wp-block-heading\"><span class=\"ez-toc-section\" id=\"7_Fethi_Pasa_Korusu\"><\/span>7. Fethi Pa\u015fa Korusu<span class=\"ez-toc-section-end\"><\/span><\/h2>\n\n\n\n<figure class=\"wp-block-image size-full\"><img loading=\"lazy\" decoding=\"async\" width=\"982\" height=\"588\" src=\"https:\/\/yolcu360.com\/blog\/wp-content\/uploads\/2022\/10\/fethi-pasa-korusu-istanbul.webp\" alt=\"fethi pa\u015fa korusu\" class=\"wp-image-74457\" srcset=\"https:\/\/yolcu360.com\/blog\/wp-content\/uploads\/2022\/10\/fethi-pasa-korusu-istanbul.webp 982w, https:\/\/yolcu360.com\/blog\/wp-content\/uploads\/2022\/10\/fethi-pasa-korusu-istanbul-500x299.webp 500w, https:\/\/yolcu360.com\/blog\/wp-content\/uploads\/2022\/10\/fethi-pasa-korusu-istanbul-150x90.webp 150w, https:\/\/yolcu360.com\/blog\/wp-content\/uploads\/2022\/10\/fethi-pasa-korusu-istanbul-768x460.webp 768w, https:\/\/yolcu360.com\/blog\/wp-content\/uploads\/2022\/10\/fethi-pasa-korusu-istanbul-370x222.webp 370w, https:\/\/yolcu360.com\/blog\/wp-content\/uploads\/2022\/10\/fethi-pasa-korusu-istanbul-865x518.webp 865w, https:\/\/yolcu360.com\/blog\/wp-content\/uploads\/2022\/10\/fethi-pasa-korusu-istanbul-642x384.webp 642w\" sizes=\"(max-width: 982px) 100vw, 982px\" \/><\/figure>\n\n\n\n<p>Pa\u015faliman\u0131 sahilinden ba\u015flay\u0131p tepelere do\u011fru uzanan bu devasa ye\u015fil alan, bo\u011faz\u0131n e\u015fsiz manzaras\u0131n\u0131 ku\u015f bak\u0131\u015f\u0131 izlemek isteyenler i\u00e7in harika bir durakt\u0131r. Do\u011fa ile ba\u015f ba\u015fa kalabilece\u011finiz y\u00fcr\u00fcy\u00fc\u015f parkurlar\u0131 ve sosyal tesisleriyle \u00dcsk\u00fcdar Kuzguncuk gezilecek yerler listesinde huzur arayanlar\u0131n ilk tercihi oluyor. A\u011fa\u00e7lar\u0131n aras\u0131ndan s\u00fcz\u00fclen deniz havas\u0131, t\u00fcm \u015fehir yorgunlu\u011funuzu unutturacak nitelikte.<\/p>\n\n\n\n<ul class=\"wp-block-list\">\n<li><a href=\"https:\/\/maps.app.goo.gl\/LU77ZkiStxLxzikbA\" target=\"_blank\" rel=\"noreferrer noopener\">Fethi Pa\u015fa Korusu\u2019nu haritada g\u00f6ster<\/a><\/li>\n\n\n\n<li><a href=\"https:\/\/yolcu360.com\/blog\/istanbul-doga-yerleri\/\" target=\"_blank\" rel=\"noreferrer noopener\">\u0130stanbul&#8217;un do\u011fal g\u00fczellikleri i\u00e7in bu yaz\u0131m\u0131za g\u00f6z at\u0131n.<\/a><\/li>\n<\/ul>\n\n\n\n<h2 class=\"wp-block-heading\"><span class=\"ez-toc-section\" id=\"8_Tarihi_Kuzguncuk_Firini\"><\/span>8. Tarihi Kuzguncuk F\u0131r\u0131n\u0131<span class=\"ez-toc-section-end\"><\/span><\/h2>\n\n\n\n<figure class=\"wp-block-image size-full\"><img loading=\"lazy\" decoding=\"async\" width=\"1007\" height=\"600\" src=\"https:\/\/yolcu360.com\/blog\/wp-content\/uploads\/2023\/08\/tarihi-kuzguncuk-firini.webp\" alt=\"Tarihi Kuzguncuk F\u0131r\u0131n\u0131\" class=\"wp-image-75094\" srcset=\"https:\/\/yolcu360.com\/blog\/wp-content\/uploads\/2023\/08\/tarihi-kuzguncuk-firini.webp 1007w, https:\/\/yolcu360.com\/blog\/wp-content\/uploads\/2023\/08\/tarihi-kuzguncuk-firini-500x298.webp 500w, https:\/\/yolcu360.com\/blog\/wp-content\/uploads\/2023\/08\/tarihi-kuzguncuk-firini-150x89.webp 150w, https:\/\/yolcu360.com\/blog\/wp-content\/uploads\/2023\/08\/tarihi-kuzguncuk-firini-768x458.webp 768w, https:\/\/yolcu360.com\/blog\/wp-content\/uploads\/2023\/08\/tarihi-kuzguncuk-firini-370x220.webp 370w, https:\/\/yolcu360.com\/blog\/wp-content\/uploads\/2023\/08\/tarihi-kuzguncuk-firini-865x515.webp 865w, https:\/\/yolcu360.com\/blog\/wp-content\/uploads\/2023\/08\/tarihi-kuzguncuk-firini-642x383.webp 642w\" sizes=\"(max-width: 1007px) 100vw, 1007px\" \/><\/figure>\n\n\n\n<p>F\u0131r\u0131ndan y\u00fckselen taze ekmek ve kurabiye kokular\u0131n\u0131 takip etti\u011finizde ula\u015faca\u011f\u0131n\u0131z bu mekan, semtin lezzet haf\u0131zas\u0131n\u0131 temsil ediyor. \u0130cadiye Caddesi \u00fczerinde yer alan bu durak, Kuzguncuk mekan \u00f6nerileri listelerinde \u00f6zellikle &#8220;mantar kurabiyesi&#8221; ve taze simitleriyle her zaman en \u00fcst s\u0131ralarda yer buluyor. Gezinize k\u0131sa bir lezzet molas\u0131 vermek i\u00e7in buradan taze bir at\u0131\u015ft\u0131rmal\u0131k al\u0131p sahile inmek olduk\u00e7a keyifli bir aktivite.<\/p>\n\n\n\n<ul class=\"wp-block-list\">\n<li><a href=\"https:\/\/maps.app.goo.gl\/LBUn8FtGZShzoRYo9\" target=\"_blank\" rel=\"noreferrer noopener\">Tarihi Kuzguncuk F\u0131r\u0131n\u0131\u2019n\u0131 haritada g\u00f6ster<\/a><\/li>\n\n\n\n<li><strong>Ziyaret saatleri:<\/strong> Her g\u00fcn 06:00 \u2013 24:00.<\/li>\n<\/ul>\n\n\n\n<h2 class=\"wp-block-heading\"><span class=\"ez-toc-section\" id=\"9_Kuzguncuk_Evleri\"><\/span>9. Kuzguncuk Evleri<span class=\"ez-toc-section-end\"><\/span><\/h2>\n\n\n\n<figure class=\"wp-block-image size-full\"><img loading=\"lazy\" decoding=\"async\" width=\"982\" height=\"600\" src=\"https:\/\/yolcu360.com\/blog\/wp-content\/uploads\/2023\/01\/kuzguncuk-evleri.webp\" alt=\"kuzguncuk evleri\" class=\"wp-image-74605\" srcset=\"https:\/\/yolcu360.com\/blog\/wp-content\/uploads\/2023\/01\/kuzguncuk-evleri.webp 982w, https:\/\/yolcu360.com\/blog\/wp-content\/uploads\/2023\/01\/kuzguncuk-evleri-500x305.webp 500w, https:\/\/yolcu360.com\/blog\/wp-content\/uploads\/2023\/01\/kuzguncuk-evleri-150x92.webp 150w, https:\/\/yolcu360.com\/blog\/wp-content\/uploads\/2023\/01\/kuzguncuk-evleri-768x469.webp 768w, https:\/\/yolcu360.com\/blog\/wp-content\/uploads\/2023\/01\/kuzguncuk-evleri-370x226.webp 370w, https:\/\/yolcu360.com\/blog\/wp-content\/uploads\/2023\/01\/kuzguncuk-evleri-865x529.webp 865w, https:\/\/yolcu360.com\/blog\/wp-content\/uploads\/2023\/01\/kuzguncuk-evleri-642x392.webp 642w\" sizes=\"(max-width: 982px) 100vw, 982px\" \/><\/figure>\n\n\n\n<p>Semtin karakteristik yap\u0131s\u0131n\u0131 olu\u015fturan, yan yana dizilmi\u015f rengarenk ve cumbal\u0131 yap\u0131lar, \u0130stanbul\u2019un mimari esteti\u011fini en zarif haliyle yans\u0131t\u0131yor. G\u00f6kku\u015fa\u011f\u0131n\u0131 and\u0131ran bu Kuzguncuk renkli evler, estetik pencereleri ve \u00e7i\u00e7ekli balkonlar\u0131yla her mevsim ziyaret\u00e7ilerine g\u00f6rsel bir \u015f\u00f6len sunuyor. Bu evlerin \u00f6n\u00fcnde durup foto\u011fraf \u00e7ekmek, semt gezisinin en pop\u00fcler rit\u00fcellerinden biri haline gelmi\u015f durumda.<\/p>\n\n\n\n<ul class=\"wp-block-list\">\n<li><a href=\"https:\/\/maps.app.goo.gl\/zppbACzz2NSq8PKH7\" target=\"_blank\" rel=\"noreferrer noopener\">Kuzguncuk Evleri\u2019ni haritada g\u00f6ster<\/a><\/li>\n<\/ul>\n\n\n\n<h2 class=\"wp-block-heading\"><span class=\"ez-toc-section\" id=\"10_Ahsap_Evler\"><\/span>10. Ah\u015fap Evler<span class=\"ez-toc-section-end\"><\/span><\/h2>\n\n\n\n<figure class=\"wp-block-image size-full\"><img loading=\"lazy\" decoding=\"async\" width=\"980\" height=\"600\" src=\"https:\/\/yolcu360.com\/blog\/wp-content\/uploads\/2023\/08\/kuzguncuk-ahsap-evleri.webp\" alt=\"kuzguncuk ah\u015fap evler\" class=\"wp-image-75095\" srcset=\"https:\/\/yolcu360.com\/blog\/wp-content\/uploads\/2023\/08\/kuzguncuk-ahsap-evleri.webp 980w, https:\/\/yolcu360.com\/blog\/wp-content\/uploads\/2023\/08\/kuzguncuk-ahsap-evleri-500x306.webp 500w, https:\/\/yolcu360.com\/blog\/wp-content\/uploads\/2023\/08\/kuzguncuk-ahsap-evleri-150x92.webp 150w, https:\/\/yolcu360.com\/blog\/wp-content\/uploads\/2023\/08\/kuzguncuk-ahsap-evleri-768x470.webp 768w, https:\/\/yolcu360.com\/blog\/wp-content\/uploads\/2023\/08\/kuzguncuk-ahsap-evleri-370x227.webp 370w, https:\/\/yolcu360.com\/blog\/wp-content\/uploads\/2023\/08\/kuzguncuk-ahsap-evleri-865x530.webp 865w, https:\/\/yolcu360.com\/blog\/wp-content\/uploads\/2023\/08\/kuzguncuk-ahsap-evleri-642x393.webp 642w\" sizes=\"(max-width: 980px) 100vw, 980px\" \/><\/figure>\n\n\n\n<p>Restore edilerek g\u00fcn\u00fcm\u00fcze kazand\u0131r\u0131lan ve ge\u00e7mi\u015fin zarafetini ta\u015f\u0131yan ah\u015fap konaklar, semtin \u00e7ok k\u00fclt\u00fcrl\u00fc tarihine \u0131\u015f\u0131k tutuyor. Mimari detaylar\u0131yla dikkat \u00e7eken bu Kuzguncuk ah\u015fap evler, ince i\u015f\u00e7ilikli kap\u0131 tokmaklar\u0131ndan geni\u015f sa\u00e7aklar\u0131na kadar her detay\u0131yla birer sanat eseri niteli\u011fi ta\u015f\u0131yor. Sokak aralar\u0131nda ke\u015ffedece\u011finiz bu yap\u0131lar, semtin korunmu\u015f dokusunun en somut kan\u0131tlar\u0131 aras\u0131nda yer al\u0131yor.<\/p>\n\n\n\n<ul class=\"wp-block-list\">\n<li><a href=\"https:\/\/maps.app.goo.gl\/whMR7pSGf6Nhta5V7\" target=\"_blank\" rel=\"noreferrer noopener\">Kuzguncuk ah\u015fap evler rotas\u0131n\u0131 haritada g\u00f6ster<\/a><\/li>\n<\/ul>\n\n\n\n<h2 class=\"wp-block-heading\"><span class=\"ez-toc-section\" id=\"11_Ayios_Panteleimon_Rum_Ortodoks_Kilisesi\"><\/span>11. Ayios Panteleimon Rum Ortodoks Kilisesi<span class=\"ez-toc-section-end\"><\/span><\/h2>\n\n\n\n<figure class=\"wp-block-image size-full\"><img loading=\"lazy\" decoding=\"async\" width=\"971\" height=\"600\" src=\"https:\/\/yolcu360.com\/blog\/wp-content\/uploads\/2023\/08\/kuzguncuk-ayios-panteleimon-rum-ortodoks-kilisesi.webp\" alt=\"Ayios Panteleimon Rum Ortodoks Kilisesi\" class=\"wp-image-75096\" srcset=\"https:\/\/yolcu360.com\/blog\/wp-content\/uploads\/2023\/08\/kuzguncuk-ayios-panteleimon-rum-ortodoks-kilisesi.webp 971w, https:\/\/yolcu360.com\/blog\/wp-content\/uploads\/2023\/08\/kuzguncuk-ayios-panteleimon-rum-ortodoks-kilisesi-500x309.webp 500w, https:\/\/yolcu360.com\/blog\/wp-content\/uploads\/2023\/08\/kuzguncuk-ayios-panteleimon-rum-ortodoks-kilisesi-150x93.webp 150w, https:\/\/yolcu360.com\/blog\/wp-content\/uploads\/2023\/08\/kuzguncuk-ayios-panteleimon-rum-ortodoks-kilisesi-768x475.webp 768w, https:\/\/yolcu360.com\/blog\/wp-content\/uploads\/2023\/08\/kuzguncuk-ayios-panteleimon-rum-ortodoks-kilisesi-370x229.webp 370w, https:\/\/yolcu360.com\/blog\/wp-content\/uploads\/2023\/08\/kuzguncuk-ayios-panteleimon-rum-ortodoks-kilisesi-865x535.webp 865w, https:\/\/yolcu360.com\/blog\/wp-content\/uploads\/2023\/08\/kuzguncuk-ayios-panteleimon-rum-ortodoks-kilisesi-642x397.webp 642w\" sizes=\"(max-width: 971px) 100vw, 971px\" \/><\/figure>\n\n\n\n<p>Kuzguncuk\u2019un \u00e7ok k\u00fclt\u00fcrl\u00fc miras\u0131n\u0131n en zarif temsilcilerinden biri olan bu kilise, 19. y\u00fczy\u0131ldan beri g\u00f6rkemli \u00e7an kulesiyle semt siluetini s\u00fcslemektedir. \u0130cadiye Caddesi \u00fczerinde yer alan bu yap\u0131, mimari detaylar\u0131yla Kuzguncuk&#8217;ta gezilecek yerler listesinin en huzurlu ve mistik duraklar\u0131ndan biri olarak kabul ediliyor. \u0130\u00e7erideki ikonalar ve lo\u015f atmosfer, ziyaret\u00e7ilerini \u0130stanbul\u2019un kadim tarihindeki dini \u00e7e\u015fitlili\u011fe do\u011fru bir yolculu\u011fa \u00e7\u0131kar\u0131yor.<\/p>\n\n\n\n<ul class=\"wp-block-list\">\n<li><a href=\"https:\/\/maps.app.goo.gl\/Kju5hZfdoiJyueB19\" target=\"_blank\" rel=\"noreferrer noopener\">Ayios Panteleimon Kilisesi\u2019ni haritada g\u00f6ster<\/a><\/li>\n\n\n\n<li><strong>Ziyaret saati:<\/strong> \u0130badet saatleri d\u0131\u015f\u0131nda ziyaret edilebilir.<\/li>\n<\/ul>\n\n\n\n<h2 class=\"wp-block-heading\"><span class=\"ez-toc-section\" id=\"12_Kuzguncuk_Camii\"><\/span>12. Kuzguncuk Camii<span class=\"ez-toc-section-end\"><\/span><\/h2>\n\n\n\n<figure class=\"wp-block-image size-large\"><img loading=\"lazy\" decoding=\"async\" width=\"1024\" height=\"575\" src=\"https:\/\/yolcu360.com\/blog\/wp-content\/uploads\/2023\/08\/kuzguncuk-camii-1024x575.webp\" alt=\"Kuzguncuk Camii\" class=\"wp-image-75097\" srcset=\"https:\/\/yolcu360.com\/blog\/wp-content\/uploads\/2023\/08\/kuzguncuk-camii-1024x575.webp 1024w, https:\/\/yolcu360.com\/blog\/wp-content\/uploads\/2023\/08\/kuzguncuk-camii-500x281.webp 500w, https:\/\/yolcu360.com\/blog\/wp-content\/uploads\/2023\/08\/kuzguncuk-camii-150x84.webp 150w, https:\/\/yolcu360.com\/blog\/wp-content\/uploads\/2023\/08\/kuzguncuk-camii-768x431.webp 768w, https:\/\/yolcu360.com\/blog\/wp-content\/uploads\/2023\/08\/kuzguncuk-camii-370x208.webp 370w, https:\/\/yolcu360.com\/blog\/wp-content\/uploads\/2023\/08\/kuzguncuk-camii-865x486.webp 865w, https:\/\/yolcu360.com\/blog\/wp-content\/uploads\/2023\/08\/kuzguncuk-camii-642x361.webp 642w, https:\/\/yolcu360.com\/blog\/wp-content\/uploads\/2023\/08\/kuzguncuk-camii-270x152.webp 270w, https:\/\/yolcu360.com\/blog\/wp-content\/uploads\/2023\/08\/kuzguncuk-camii.webp 1068w\" sizes=\"(max-width: 1024px) 100vw, 1024px\" \/><\/figure>\n\n\n\n<p>Kuzguncuk\u2019taki ho\u015fg\u00f6r\u00fc ikliminin en somut kan\u0131t\u0131 olan bu cami, hemen yan\u0131 ba\u015f\u0131ndaki kiliseyle ayn\u0131 duvar\u0131 payla\u015fmas\u0131yla d\u00fcnyaca \u00fcnl\u00fc bir simge haline gelmi\u015ftir. \u0130n\u015fa edildi\u011fi d\u00f6nemden bu yana mahalle k\u00fclt\u00fcr\u00fcn\u00fcn kalbi say\u0131lan bu ibadethane, \u00dcsk\u00fcdar Kuzguncuk gezilecek yerler rotas\u0131nda toplumsal bar\u0131\u015f\u0131n ve karde\u015fli\u011fin en g\u00fczel foto\u011fraf karesini sunuyor. Bah\u00e7esindeki as\u0131rl\u0131k a\u011fa\u00e7lar\u0131n g\u00f6lgesinde soluklanmak, semtin huzurunu iliklerinize kadar hissettirecektir.<\/p>\n\n\n\n<ul class=\"wp-block-list\">\n<li><a href=\"https:\/\/maps.app.goo.gl\/nRW9Ly1LffsUBL5w6\" target=\"_blank\" rel=\"noreferrer noopener\">Kuzguncuk Camii\u2019ni haritada g\u00f6ster<\/a><\/li>\n<\/ul>\n\n\n\n<h2 class=\"wp-block-heading\"><span class=\"ez-toc-section\" id=\"13_Surp_Krikor_Lusavoric_Ermeni_Kilisesi\"><\/span>13. Surp Krikor Lusavori\u00e7 Ermeni Kilisesi<span class=\"ez-toc-section-end\"><\/span><\/h2>\n\n\n\n<figure class=\"wp-block-image size-large\"><img loading=\"lazy\" decoding=\"async\" width=\"1024\" height=\"437\" src=\"https:\/\/yolcu360.com\/blog\/wp-content\/uploads\/2023\/08\/kuzguncuk-surp-krikor-lusavoric-ermeni-kilisesi-1024x437.webp\" alt=\"Surp Krikor Lusavori\u00e7 Ermeni Kilisesi\" class=\"wp-image-75098\" srcset=\"https:\/\/yolcu360.com\/blog\/wp-content\/uploads\/2023\/08\/kuzguncuk-surp-krikor-lusavoric-ermeni-kilisesi-1024x437.webp 1024w, https:\/\/yolcu360.com\/blog\/wp-content\/uploads\/2023\/08\/kuzguncuk-surp-krikor-lusavoric-ermeni-kilisesi-500x213.webp 500w, https:\/\/yolcu360.com\/blog\/wp-content\/uploads\/2023\/08\/kuzguncuk-surp-krikor-lusavoric-ermeni-kilisesi-150x64.webp 150w, https:\/\/yolcu360.com\/blog\/wp-content\/uploads\/2023\/08\/kuzguncuk-surp-krikor-lusavoric-ermeni-kilisesi-768x328.webp 768w, https:\/\/yolcu360.com\/blog\/wp-content\/uploads\/2023\/08\/kuzguncuk-surp-krikor-lusavoric-ermeni-kilisesi-370x158.webp 370w, https:\/\/yolcu360.com\/blog\/wp-content\/uploads\/2023\/08\/kuzguncuk-surp-krikor-lusavoric-ermeni-kilisesi-1290x550.webp 1290w, https:\/\/yolcu360.com\/blog\/wp-content\/uploads\/2023\/08\/kuzguncuk-surp-krikor-lusavoric-ermeni-kilisesi-1080x461.webp 1080w, https:\/\/yolcu360.com\/blog\/wp-content\/uploads\/2023\/08\/kuzguncuk-surp-krikor-lusavoric-ermeni-kilisesi-865x369.webp 865w, https:\/\/yolcu360.com\/blog\/wp-content\/uploads\/2023\/08\/kuzguncuk-surp-krikor-lusavoric-ermeni-kilisesi-642x274.webp 642w, https:\/\/yolcu360.com\/blog\/wp-content\/uploads\/2023\/08\/kuzguncuk-surp-krikor-lusavoric-ermeni-kilisesi.webp 1407w\" sizes=\"(max-width: 1024px) 100vw, 1024px\" \/><\/figure>\n\n\n\n<p>Sahil yoluna olduk\u00e7a yak\u0131n bir konumda bulunan bu tarihi yap\u0131, zarif kubbesi ve ta\u015f i\u015f\u00e7ili\u011fiyle dikkat \u00e7eken bir ba\u015fka \u00f6nemli inan\u00e7 merkezidir. Semtin genel dokusuna uyum sa\u011flayan mimarisiyle Kuzguncuk Mahallesi s\u0131n\u0131rlar\u0131 i\u00e7erisindeki k\u00fclt\u00fcrel zenginli\u011fin ayr\u0131lmaz bir par\u00e7as\u0131 olarak kar\u015f\u0131m\u0131za \u00e7\u0131k\u0131yor. Kilisenin huzurlu avlusu, \u00f6zellikle sakin bir y\u00fcr\u00fcy\u00fc\u015f rotas\u0131 planlayanlar i\u00e7in dinlendirici bir atmosfer vaat ediyor.<\/p>\n\n\n\n<ul class=\"wp-block-list\">\n<li><a href=\"https:\/\/maps.app.goo.gl\/8rSyBw5REuFpynrg6\" target=\"_blank\" rel=\"noreferrer noopener\">Surp Krikor Lusavori\u00e7 Kilisesi\u2019ni haritada g\u00f6ster<\/a><\/li>\n<\/ul>\n\n\n\n<h2 class=\"wp-block-heading\"><span class=\"ez-toc-section\" id=\"14_Kuzguncuk_Cinaralti_Kahvesi\"><\/span>14. Kuzguncuk \u00c7\u0131naralt\u0131 Kahvesi<span class=\"ez-toc-section-end\"><\/span><\/h2>\n\n\n\n<p>Deniz kenar\u0131nda, devasa \u00e7\u0131nar a\u011fa\u00e7lar\u0131n\u0131n alt\u0131nda konumlanan bu mekan, \u0130stanbul\u2019un en nostaljik \u00e7ay molas\u0131 noktalar\u0131ndan biridir. Vapur sesleri e\u015fli\u011finde demli bir \u00e7ay i\u00e7mek, Kuzguncuk sahili boyunca yapaca\u011f\u0131n\u0131z ke\u015fif turunun en keyifli finali olacakt\u0131r. Burada oturup kar\u015f\u0131 k\u0131y\u0131y\u0131 izlemek, \u015fehrin karma\u015fas\u0131ndan tamamen uzakla\u015f\u0131p sadece ana odaklanman\u0131z\u0131 sa\u011flayan nadir deneyimlerden biri.<\/p>\n\n\n\n<ul class=\"wp-block-list\">\n<li><a href=\"https:\/\/maps.app.goo.gl\/Ff67r3BqpxaiVu6m9\" target=\"_blank\" rel=\"noreferrer noopener\">\u00c7\u0131naralt\u0131 Kahvesi\u2019ni haritada g\u00f6ster<\/a><\/li>\n<\/ul>\n\n\n\n<h2 class=\"wp-block-heading\"><span class=\"ez-toc-section\" id=\"15_Nakkastepe_Millet_Bahcesi\"><\/span>15. Nakka\u015ftepe Millet Bah\u00e7esi<span class=\"ez-toc-section-end\"><\/span><\/h2>\n\n\n\n<figure class=\"wp-block-image size-full\"><img loading=\"lazy\" decoding=\"async\" width=\"955\" height=\"596\" src=\"https:\/\/yolcu360.com\/blog\/wp-content\/uploads\/2023\/08\/nakkastepe-millet-bahcesi.webp\" alt=\"\" class=\"wp-image-75099\" srcset=\"https:\/\/yolcu360.com\/blog\/wp-content\/uploads\/2023\/08\/nakkastepe-millet-bahcesi.webp 955w, https:\/\/yolcu360.com\/blog\/wp-content\/uploads\/2023\/08\/nakkastepe-millet-bahcesi-500x312.webp 500w, https:\/\/yolcu360.com\/blog\/wp-content\/uploads\/2023\/08\/nakkastepe-millet-bahcesi-150x94.webp 150w, https:\/\/yolcu360.com\/blog\/wp-content\/uploads\/2023\/08\/nakkastepe-millet-bahcesi-768x479.webp 768w, https:\/\/yolcu360.com\/blog\/wp-content\/uploads\/2023\/08\/nakkastepe-millet-bahcesi-370x231.webp 370w, https:\/\/yolcu360.com\/blog\/wp-content\/uploads\/2023\/08\/nakkastepe-millet-bahcesi-865x540.webp 865w, https:\/\/yolcu360.com\/blog\/wp-content\/uploads\/2023\/08\/nakkastepe-millet-bahcesi-642x401.webp 642w, https:\/\/yolcu360.com\/blog\/wp-content\/uploads\/2023\/08\/nakkastepe-millet-bahcesi-915x570.webp 915w\" sizes=\"(max-width: 955px) 100vw, 955px\" \/><\/figure>\n\n\n\n<p>Kuzguncuk\u2019un hemen \u00fczerindeki tepede yer alan bu devasa ye\u015fil alan, Bo\u011fazi\u00e7i K\u00f6pr\u00fcs\u00fc\u2019n\u00fc en iyi a\u00e7\u0131dan g\u00f6ren seyir teraslar\u0131yla misafirlerini a\u011f\u0131rl\u0131yor. \u015eehrin en g\u00fczel manzaras\u0131na kar\u015f\u0131 piknik yapabilece\u011finiz veya y\u00fcr\u00fcy\u00fc\u015f parkurlar\u0131n\u0131 deneyimleyebilece\u011finiz bu nokta, Kuzguncuk manzara aray\u0131\u015f\u0131nda olanlar\u0131n kesinlikle atlamamas\u0131 gereken bir durak. G\u00f6letleri, macera parkurlar\u0131 ve geni\u015f \u00e7im alanlar\u0131yla hem aileler hem de do\u011fa foto\u011fraf\u00e7\u0131lar\u0131 i\u00e7in vazge\u00e7ilmez bir rota.<\/p>\n\n\n\n<ul class=\"wp-block-list\">\n<li><a href=\"https:\/\/maps.app.goo.gl\/acUfkK1eSN5tbCSk8\" target=\"_blank\" rel=\"noreferrer noopener\">Nakka\u015ftepe Millet Bah\u00e7esi\u2019ni haritada g\u00f6ster<\/a><\/li>\n\n\n\n<li><strong>Ziyaret saatleri:<\/strong> Her g\u00fcn 08:00 \u2013 22:00.<\/li>\n<\/ul>\n\n\n\n<h2 class=\"wp-block-heading\"><span class=\"ez-toc-section\" id=\"16_IBB_Kuzguncuk_Parki\"><\/span>16. \u0130BB Kuzguncuk Park\u0131<span class=\"ez-toc-section-end\"><\/span><\/h2>\n\n\n\n<p>Kuzguncuk sahilinin hemen bitiminde yer alan bu geni\u015f ye\u015fil alan, denizin k\u0131y\u0131s\u0131nda \u00e7ocuklar\u0131n ko\u015fturdu\u011fu ve mahallelinin nefes ald\u0131\u011f\u0131 en pop\u00fcler duraklardan biridir. Modern peyzaj\u0131 ve dinlenme alanlar\u0131yla Kuzguncuk Park\u0131, \u00f6zellikle hafta sonlar\u0131 ailelerin vazge\u00e7ilmez rotas\u0131 haline gelmi\u015f durumda. Park\u0131n i\u00e7indeki y\u00fcr\u00fcy\u00fc\u015f yollar\u0131nda ilerlerken bir yandan Bo\u011faz manzaras\u0131n\u0131 izleyebilir, di\u011fer yandan semtin dingin havas\u0131n\u0131 soluyabilirsiniz.<\/p>\n\n\n\n<ul class=\"wp-block-list\">\n<li><a href=\"https:\/\/maps.app.goo.gl\/rMBkeeCHo8hBJRWdA\" target=\"_blank\" rel=\"noreferrer noopener\">\u0130BB Kuzguncuk Park\u0131\u2019n\u0131 haritada g\u00f6ster<\/a><\/li>\n<\/ul>\n\n\n\n<h2 class=\"wp-block-heading\"><span class=\"ez-toc-section\" id=\"17_Cemil_Molla_Kosku\"><\/span>17. Cemil Molla K\u00f6\u015fk\u00fc<span class=\"ez-toc-section-end\"><\/span><\/h2>\n\n\n\n<p>Kuzguncuk\u2019un s\u0131rtlar\u0131nda, Bo\u011fazi\u00e7i K\u00f6pr\u00fcs\u00fc\u2019n\u00fcn hemen ayaklar\u0131n\u0131n dibinde y\u00fckselen bu beyaz ihti\u015faml\u0131 yap\u0131, Osmanl\u0131\u2019n\u0131n son d\u00f6nem mimarisinin en zarif \u00f6rneklerinden biridir. \u015eehrin pek \u00e7ok noktas\u0131ndan g\u00f6r\u00fclebilen kulesiyle dikkat \u00e7eken k\u00f6\u015fk, Kuzguncuk foto\u011fraf \u00e7ekilecek yerler aray\u0131\u015f\u0131nda olan mimari tutkunlar\u0131 i\u00e7in b\u00fcy\u00fcleyici bir arka plan sunuyor. Tarihi dokusu ve devasa bah\u00e7esiyle bu yap\u0131, semtin aristokrat ge\u00e7mi\u015fini g\u00fcn\u00fcm\u00fcze ta\u015f\u0131yan en \u00f6nemli simgelerden biridir.<\/p>\n\n\n\n<ul class=\"wp-block-list\">\n<li><a href=\"https:\/\/maps.app.goo.gl\/PSHdxR5qGFZq9gse7\" target=\"_blank\" rel=\"noreferrer noopener\">Cemil Molla K\u00f6\u015fk\u00fc\u2019n\u00fc haritada g\u00f6ster<\/a><\/li>\n<\/ul>\n\n\n\n<h2 class=\"wp-block-heading\"><span class=\"ez-toc-section\" id=\"18_Pulat_Ciftligi\"><\/span>18. Pulat \u00c7iftli\u011fi<span class=\"ez-toc-section-end\"><\/span><\/h2>\n\n\n\n<p>\u0130cadiye Caddesi \u00fczerinde yer alan ve do\u011fal ya\u015fam\u0131 \u015fehre ta\u015f\u0131yan bu butik d\u00fckkan, \u00e7iftlikten gelen taze \u00fcr\u00fcnleriyle sa\u011fl\u0131kl\u0131 beslenmeyi sevenlerin u\u011frak noktas\u0131d\u0131r. Organik kahvalt\u0131l\u0131klar ve y\u00f6resel lezzetlerle dolu olan bu mekan, Kuzguncuk mekan \u00f6nerileri listelerinde \u00f6zellikle do\u011fal \u00fcr\u00fcn al\u0131\u015fveri\u015fi yapmak isteyenlerin radar\u0131na giriyor. \u015eehrin kalbinde k\u00fc\u00e7\u00fck bir mola verip taze bir \u015feyler tatmak isterseniz, bu samimi d\u00fckkan\u0131n sundu\u011fu do\u011fal atmosfer size \u00e7ok iyi gelecek.<\/p>\n\n\n\n<ul class=\"wp-block-list\">\n<li><a href=\"https:\/\/maps.app.goo.gl\/nrDeiho6LKo8PD437\" target=\"_blank\" rel=\"noreferrer noopener\">Pulat \u00c7iftli\u011fi\u2019ni haritada g\u00f6ster<\/a><\/li>\n\n\n\n<li><strong>Ziyaret saatleri:<\/strong> Her g\u00fcn 09:00 \u2013 19:00.<\/li>\n<\/ul>\n\n\n\n<h2 class=\"wp-block-heading\"><span class=\"ez-toc-section\" id=\"19_Kuzguncuk_Sanat_Tiyatrosu\"><\/span>19. Kuzguncuk Sanat Tiyatrosu<span class=\"ez-toc-section-end\"><\/span><\/h2>\n\n\n\n<p>Semtin k\u00fclt\u00fcrel dokusunu sanatla harmanlayan bu butik tiyatro, tarihi bir yap\u0131n\u0131n i\u00e7inde sanatseverlere kap\u0131lar\u0131n\u0131 a\u00e7maktad\u0131r. Yerel oyunlardan at\u00f6lye \u00e7al\u0131\u015fmalar\u0131na kadar pek \u00e7ok etkinli\u011fe ev sahipli\u011fi yapan bu sahne, Kuzguncuk&#8217;ta neler yap\u0131l\u0131r diye soranlar i\u00e7in ak\u015fam saatlerine harika bir sanatsal alternatif sunuyor. Samimi atmosferi sayesinde oyuncu ve seyirciyi birbirine yakla\u015ft\u0131ran bu mekan, Kuzguncuk\u2019un sadece g\u00f6rsel de\u011fil, ruhsal bir derinli\u011fe de sahip oldu\u011funun en b\u00fcy\u00fck kan\u0131t\u0131d\u0131r.<\/p>\n\n\n\n<ul class=\"wp-block-list\">\n<li><a href=\"https:\/\/maps.app.goo.gl\/9xooUmmRdwUjaEvJ6\" target=\"_blank\" rel=\"noreferrer noopener\">Kuzguncuk Sanat Tiyatrosu\u2019nu haritada g\u00f6ster<\/a><\/li>\n\n\n\n<li><strong>Etkinlikler:<\/strong> G\u00fcncel program\u0131 web sitesinden takip edebilirsiniz.<\/li>\n<\/ul>\n\n\n\n<h2 class=\"wp-block-heading\"><span class=\"ez-toc-section\" id=\"20_Refikanin_Mutfagi\"><\/span>20. Refika&#8217;n\u0131n Mutfa\u011f\u0131<span class=\"ez-toc-section-end\"><\/span><\/h2>\n\n\n\n<p>\u00dcnl\u00fc \u015fef Refika Birg\u00fcl\u2019\u00fcn kurdu\u011fu ve T\u00fcrk mutfa\u011f\u0131n\u0131 yarat\u0131c\u0131 dokunu\u015flarla yeniden yorumlad\u0131\u011f\u0131 bu at\u00f6lye, semtin gastronomi d\u00fcnyas\u0131ndaki en pop\u00fcler duraklar\u0131ndan biridir. \u0130cadiye Caddesi\u2019nin \u00fcst k\u0131s\u0131mlar\u0131nda yer alan bu yarat\u0131c\u0131 mutfak, Kuzguncuk&#8217;ta ne yap\u0131l\u0131r diyen lezzet tutkunlar\u0131 i\u00e7in adeta bir ilham kayna\u011f\u0131 niteli\u011fi ta\u015f\u0131yor. \u015eansl\u0131ysan\u0131z \u00e7ekimlere denk gelebilir ya da ekibin haz\u0131rlad\u0131\u011f\u0131 taze \u00fcr\u00fcnlerin kokusunu soka\u011f\u0131n ba\u015f\u0131ndan itibaren hissetmeye ba\u015flayabilirsiniz.<\/p>\n\n\n\n<ul class=\"wp-block-list\">\n<li><a href=\"https:\/\/maps.app.goo.gl\/EaZgARWA3jL4PLmN7\" target=\"_blank\" rel=\"noreferrer noopener\">Refika&#8217;n\u0131n Mutfa\u011f\u0131&#8217;n\u0131 haritada g\u00f6ster<\/a><\/li>\n<\/ul>\n\n\n\n<h2 class=\"wp-block-heading\"><span class=\"ez-toc-section\" id=\"21_Abdurrahman_Aga_Camii\"><\/span>21. Abdurrahman A\u011fa Camii<span class=\"ez-toc-section-end\"><\/span><\/h2>\n\n\n\n<p>Pa\u015faliman\u0131 ile Kuzguncuk aras\u0131nda, denizin hemen k\u0131y\u0131s\u0131nda y\u00fckselen bu tarihi yap\u0131, 18. y\u00fczy\u0131l\u0131n zarafetini g\u00fcn\u00fcm\u00fcze ta\u015f\u0131yan en \u00f6nemli ibadethanelerden biridir. Geleneksel mimarisi ve huzur veren bah\u00e7esiyle \u0130stanbul Kuzguncuk gezilecek yerler listesinde hem manevi hem de tarihi bir durak arayanlar\u0131 selaml\u0131yor. Caminin avlusundan Bo\u011faz\u2019\u0131n masmavi sular\u0131n\u0131 izlemek, ziyaret\u00e7ilerine \u015fehir i\u00e7inde nadir bulunan bir dinginlik sunuyor.<\/p>\n\n\n\n<ul class=\"wp-block-list\">\n<li><a href=\"https:\/\/maps.app.goo.gl\/s3W3VoPLj3BcQ4Dn8\" target=\"_blank\" rel=\"noreferrer noopener\">Abdurrahman A\u011fa Camii\u2019ni haritada g\u00f6ster<\/a><\/li>\n<\/ul>\n\n\n\n<h2 class=\"wp-block-heading\"><span class=\"ez-toc-section\" id=\"22_Uryanizade_Ahmet_Medeni_Camii\"><\/span>22. \u00dcryanizade Ahmet Medeni Camii<span class=\"ez-toc-section-end\"><\/span><\/h2>\n\n\n\n<p>D\u00fcnyan\u0131n en ilgin\u00e7 cami mimarilerinden birine sahip olan bu yap\u0131, ah\u015fap minaresi ve bir k\u00f6\u015fk\u00fc and\u0131ran tasar\u0131m\u0131yla g\u00f6renleri hayrete d\u00fc\u015f\u00fcr\u00fcyor. Denizden bak\u0131ld\u0131\u011f\u0131nda bir yal\u0131y\u0131 and\u0131ran bu estetik cami, Kuzguncuk foto\u011fraf \u00e7ekilecek yerler aras\u0131nda \u00f6zellikle mimari detaylara merakl\u0131 gezginlerin favori mekan\u0131d\u0131r. Bo\u011faz sular\u0131n\u0131n neredeyse duvarlar\u0131na de\u011fdi\u011fi bu e\u015fsiz yap\u0131, 19. y\u00fczy\u0131l Osmanl\u0131 sivil mimarisinin dini bir yap\u0131ya nas\u0131l zarafetle uyarland\u0131\u011f\u0131n\u0131n en g\u00fczel kan\u0131t\u0131d\u0131r.<\/p>\n\n\n\n<ul class=\"wp-block-list\">\n<li><a href=\"https:\/\/maps.app.goo.gl\/rSoEgnk1b9jwHW7A7\" target=\"_blank\" rel=\"noreferrer noopener\">\u00dcryanizade Camii\u2019ni haritada g\u00f6ster<\/a><\/li>\n<\/ul>\n\n\n\n<h2 class=\"wp-block-heading\"><span class=\"ez-toc-section\" id=\"23_Abdulmecit_Efendi_Kosku\"><\/span>23. Abd\u00fclmecit Efendi K\u00f6\u015fk\u00fc<span class=\"ez-toc-section-end\"><\/span><\/h2>\n\n\n\n<p>Nakka\u015ftepe\u2019nin hemen giri\u015finde yer alan bu masals\u0131 k\u00f6\u015fk, bir d\u00f6nem Osmanl\u0131 \u015fehzadelerine ve sanat\u00e7\u0131lar\u0131na ev sahipli\u011fi yapm\u0131\u015f \u00e7ok \u00f6zel bir k\u00fclt\u00fcr miras\u0131d\u0131r. G\u00f6rkemli kap\u0131s\u0131 ve \u00e7ini s\u00fcslemeleriyle dikkat \u00e7eken yap\u0131, bug\u00fcn Kuzguncuk&#8217;ta neler yap\u0131l\u0131r diye soran sanatseverler i\u00e7in d\u00f6nem d\u00f6nem d\u00fczenlenen \u00e7ok \u00f6zel sergilere ev sahipli\u011fi yap\u0131yor. K\u00f6\u015fk\u00fcn bah\u00e7esinde y\u00fcr\u00fcrken, \u0130stanbul\u2019un entelekt\u00fcel ge\u00e7mi\u015finin ve sanat dolu g\u00fcnlerinin izlerini s\u00fcrmek m\u00fcmk\u00fcn.<\/p>\n\n\n\n<ul class=\"wp-block-list\">\n<li><a href=\"https:\/\/maps.app.goo.gl\/m7sEhATB6GkLouxs6\" target=\"_blank\" rel=\"noreferrer noopener\">Abd\u00fclmecit Efendi K\u00f6\u015fk\u00fc\u2019n\u00fc haritada g\u00f6ster<\/a><\/li>\n<\/ul>\n\n\n\n<h2 class=\"wp-block-heading\"><span class=\"ez-toc-section\" id=\"24_Bogaz_Manzara_Noktasi\"><\/span>24. Bo\u011faz Manzara Noktas\u0131<span class=\"ez-toc-section-end\"><\/span><\/h2>\n\n\n\n<p>Kuzguncuk\u2019un dik yoku\u015flar\u0131n\u0131 t\u0131rmand\u0131\u011f\u0131n\u0131zda kar\u015f\u0131n\u0131za \u00e7\u0131kan gizli seyir noktalar\u0131, \u015fehrin iki yakas\u0131n\u0131 birbirine ba\u011flayan k\u00f6pr\u00fcleri ku\u015f bak\u0131\u015f\u0131 izleme imkan\u0131 sunuyor. G\u00f6ky\u00fcz\u00fcyle denizin birle\u015fti\u011fi bu e\u015fsiz konum, Kuzguncuk manzara tutkunlar\u0131 i\u00e7in kartpostall\u0131k kareler yakalayabilece\u011finiz en ideal noktad\u0131r. \u00d6zellikle g\u00fcne\u015fin batmaya ba\u015flad\u0131\u011f\u0131 anlarda, tarihi yar\u0131madan\u0131n silueti e\u015fli\u011finde \u0130stanbul\u2019un o b\u00fcy\u00fcleyici atmosferine \u015fahitlik edebilirsiniz.<\/p>\n\n\n\n<ul class=\"wp-block-list\">\n<li><a href=\"https:\/\/maps.app.goo.gl\/1PY1SS1xGzAU3JL18\" target=\"_blank\" rel=\"noreferrer noopener\">Bo\u011faz manzara noktas\u0131n\u0131 haritada g\u00f6ster<\/a><\/li>\n<\/ul>\n\n\n\n<h2 class=\"wp-block-heading\"><span class=\"ez-toc-section\" id=\"25_Yesil_Mavi_Kafe\"><\/span>25. Ye\u015fil Mavi Kafe<span class=\"ez-toc-section-end\"><\/span><\/h2>\n\n\n\n<p>Bo\u011faz hatt\u0131n\u0131n en samimi noktalar\u0131ndan birinde yer alan bu kafe, ad\u0131ndan da anla\u015f\u0131laca\u011f\u0131 \u00fczere misafirlerine ye\u015fil ve mavinin her tonunu ayn\u0131 anda sunuyor. Deniz kenar\u0131ndaki masalar\u0131nda oturup mart\u0131 sesleri e\u015fli\u011finde kahvalt\u0131n\u0131z\u0131 yapabilece\u011finiz bu mekan, Kuzguncuk mekanlar\u0131 aras\u0131nda huzurlu ve sala\u015f atmosferiyle \u00f6n plana \u00e7\u0131k\u0131yor. Dalgalar\u0131n k\u0131y\u0131ya vuru\u015funu dinleyerek yorgunluk kahvenizi yudumlamak, semt gezinize dingin bir mola vermenizi sa\u011flayacak.<\/p>\n\n\n\n<ul class=\"wp-block-list\">\n<li><a href=\"https:\/\/maps.app.goo.gl\/6PkDYqDNGA1HqrGG8\" target=\"_blank\" rel=\"noreferrer noopener\">Ye\u015fil Mavi Kafe\u2019yi haritada g\u00f6ster<\/a><\/li>\n<\/ul>\n\n\n\n<h2 class=\"wp-block-heading\"><span class=\"ez-toc-section\" id=\"Kuzguncuk_Gezilecek_Yerlere_Hizli_Bakis\"><\/span>Kuzguncuk Gezilecek Yerlere H\u0131zl\u0131 Bak\u0131\u015f<span class=\"ez-toc-section-end\"><\/span><\/h2>\n\n\n\n<figure class=\"wp-block-table\"><table class=\"has-fixed-layout\"><thead><tr><th class=\"has-text-align-center\" data-align=\"center\">Gezilecek yer<\/th><th class=\"has-text-align-center\" data-align=\"center\">T\u00fcr<\/th><th class=\"has-text-align-center\" data-align=\"center\">Google puan\u0131<\/th><\/tr><\/thead><tbody><tr><td class=\"has-text-align-center\" data-align=\"center\"><strong>Beylerbeyi Saray\u0131<\/strong><\/td><td class=\"has-text-align-center\" data-align=\"center\">Tarihi<\/td><td class=\"has-text-align-center\" data-align=\"center\">4.7 \u2b50<\/td><\/tr><tr><td class=\"has-text-align-center\" data-align=\"center\"><strong>Kuzguncuk Sahili<\/strong><\/td><td class=\"has-text-align-center\" data-align=\"center\">Foto \u00e7ekmelik<\/td><td class=\"has-text-align-center\" data-align=\"center\">4.8 \u2b50<\/td><\/tr><tr><td class=\"has-text-align-center\" data-align=\"center\"><strong>\u0130cadiye Caddesi<\/strong><\/td><td class=\"has-text-align-center\" data-align=\"center\">Al\u0131\u015fveri\u015f<\/td><td class=\"has-text-align-center\" data-align=\"center\">&#8211;<\/td><\/tr><tr><td class=\"has-text-align-center\" data-align=\"center\"><strong>Nail Kitabevi<\/strong><\/td><td class=\"has-text-align-center\" data-align=\"center\">Al\u0131\u015fveri\u015f<\/td><td class=\"has-text-align-center\" data-align=\"center\">4.5 \u2b50<\/td><\/tr><tr><td class=\"has-text-align-center\" data-align=\"center\"><strong>Kuzguncuk Bostan\u0131<\/strong><\/td><td class=\"has-text-align-center\" data-align=\"center\">Do\u011fa<\/td><td class=\"has-text-align-center\" data-align=\"center\">4.5 \u2b50<\/td><\/tr><tr><td class=\"has-text-align-center\" data-align=\"center\"><strong>Perihan Abla Soka\u011f\u0131<\/strong><\/td><td class=\"has-text-align-center\" data-align=\"center\">Foto \u00e7ekmelik<\/td><td class=\"has-text-align-center\" data-align=\"center\">&#8211;<\/td><\/tr><tr><td class=\"has-text-align-center\" data-align=\"center\"><strong>Fethi Pa\u015fa Korusu<\/strong><\/td><td class=\"has-text-align-center\" data-align=\"center\">Do\u011fa<\/td><td class=\"has-text-align-center\" data-align=\"center\">4.6 \u2b50<\/td><\/tr><tr><td class=\"has-text-align-center\" data-align=\"center\"><strong>Tarihi Kuzguncuk F\u0131r\u0131n\u0131<\/strong><\/td><td class=\"has-text-align-center\" data-align=\"center\">Yeme i\u00e7me<\/td><td class=\"has-text-align-center\" data-align=\"center\">4.3 \u2b50<\/td><\/tr><tr><td class=\"has-text-align-center\" data-align=\"center\"><strong>Kuzguncuk Evleri<\/strong><\/td><td class=\"has-text-align-center\" data-align=\"center\">Foto \u00e7ekmelik<\/td><td class=\"has-text-align-center\" data-align=\"center\">4.7 \u2b50<\/td><\/tr><tr><td class=\"has-text-align-center\" data-align=\"center\"><strong>Ah\u015fap Evler<\/strong><\/td><td class=\"has-text-align-center\" data-align=\"center\">Foto \u00e7ekmelik<\/td><td class=\"has-text-align-center\" data-align=\"center\">4.5 \u2b50<\/td><\/tr><tr><td class=\"has-text-align-center\" data-align=\"center\"><strong>Ayios Panteleimon Rum Ortodoks Kilisesi<\/strong><\/td><td class=\"has-text-align-center\" data-align=\"center\">Tarihi<\/td><td class=\"has-text-align-center\" data-align=\"center\">4.6 \u2b50<\/td><\/tr><tr><td class=\"has-text-align-center\" data-align=\"center\"><strong>Kuzguncuk Camii<\/strong><\/td><td class=\"has-text-align-center\" data-align=\"center\">Tarihi<\/td><td class=\"has-text-align-center\" data-align=\"center\">4.8 \u2b50<\/td><\/tr><tr><td class=\"has-text-align-center\" data-align=\"center\"><strong>Surp Krikor Lusavori\u00e7 Ermeni Kilisesi<\/strong><\/td><td class=\"has-text-align-center\" data-align=\"center\">Tarihi<\/td><td class=\"has-text-align-center\" data-align=\"center\">4.1 \u2b50<\/td><\/tr><tr><td class=\"has-text-align-center\" data-align=\"center\"><strong>Kuzguncuk \u00c7\u0131naralt\u0131 Kahvesi<\/strong><\/td><td class=\"has-text-align-center\" data-align=\"center\">Yeme i\u00e7me<\/td><td class=\"has-text-align-center\" data-align=\"center\">4.2 \u2b50<\/td><\/tr><tr><td class=\"has-text-align-center\" data-align=\"center\"><strong>Nakka\u015ftepe Millet Bah\u00e7esi<\/strong><\/td><td class=\"has-text-align-center\" data-align=\"center\">Do\u011fa<\/td><td class=\"has-text-align-center\" data-align=\"center\">4.7 \u2b50<\/td><\/tr><tr><td class=\"has-text-align-center\" data-align=\"center\"><strong>\u0130BB Kuzguncuk Park\u0131<\/strong><\/td><td class=\"has-text-align-center\" data-align=\"center\">Do\u011fa<\/td><td class=\"has-text-align-center\" data-align=\"center\">4.5 \u2b50<\/td><\/tr><tr><td class=\"has-text-align-center\" data-align=\"center\"><strong>Cemil Molla K\u00f6\u015fk\u00fc<\/strong><\/td><td class=\"has-text-align-center\" data-align=\"center\">Tarihi<\/td><td class=\"has-text-align-center\" data-align=\"center\">4.4 \u2b50<\/td><\/tr><tr><td class=\"has-text-align-center\" data-align=\"center\"><strong>Pulat \u00c7iftli\u011fi<\/strong><\/td><td class=\"has-text-align-center\" data-align=\"center\">Al\u0131\u015fveri\u015f<\/td><td class=\"has-text-align-center\" data-align=\"center\">3.4 \u2b50<\/td><\/tr><tr><td class=\"has-text-align-center\" data-align=\"center\"><strong>Kuzguncuk Sanat Tiyatrosu<\/strong><\/td><td class=\"has-text-align-center\" data-align=\"center\">Sanat<\/td><td class=\"has-text-align-center\" data-align=\"center\">4.3 \u2b50<\/td><\/tr><tr><td class=\"has-text-align-center\" data-align=\"center\"><strong>Refika&#8217;n\u0131n Mutfa\u011f\u0131<\/strong><\/td><td class=\"has-text-align-center\" data-align=\"center\">Yeme i\u00e7me<\/td><td class=\"has-text-align-center\" data-align=\"center\">4.5 \u2b50<\/td><\/tr><tr><td class=\"has-text-align-center\" data-align=\"center\"><strong>Abdurrahman A\u011fa Camii<\/strong><\/td><td class=\"has-text-align-center\" data-align=\"center\">Tarihi<\/td><td class=\"has-text-align-center\" data-align=\"center\">4.6 \u2b50<\/td><\/tr><tr><td class=\"has-text-align-center\" data-align=\"center\"><strong>\u00dcryanizade Ahmet Medeni Camii<\/strong><\/td><td class=\"has-text-align-center\" data-align=\"center\">Tarihi<\/td><td class=\"has-text-align-center\" data-align=\"center\">4.9 \u2b50<\/td><\/tr><tr><td class=\"has-text-align-center\" data-align=\"center\"><strong>Abd\u00fclmecit Efendi K\u00f6\u015fk\u00fc<\/strong><\/td><td class=\"has-text-align-center\" data-align=\"center\">Tarihi<\/td><td class=\"has-text-align-center\" data-align=\"center\">4.4 \u2b50<\/td><\/tr><tr><td class=\"has-text-align-center\" data-align=\"center\"><strong>Bo\u011faz Manzara Noktas\u0131<\/strong><\/td><td class=\"has-text-align-center\" data-align=\"center\">Foto \u00e7ekmelik<\/td><td class=\"has-text-align-center\" data-align=\"center\">4.7 \u2b50<\/td><\/tr><tr><td class=\"has-text-align-center\" data-align=\"center\"><strong>Ye\u015fil Mavi Kafe<\/strong><\/td><td class=\"has-text-align-center\" data-align=\"center\">Yeme i\u00e7me<\/td><td class=\"has-text-align-center\" data-align=\"center\">4.1 \u2b50<\/td><\/tr><\/tbody><\/table><\/figure>\n\n\n\n<p><a href=\"https:\/\/yolcu360.com\/blog\/istanbul-gezilecek-yerler\/\" target=\"_blank\" rel=\"noreferrer noopener\">\u0130stanbul&#8217;da gezilecek yerleri merak ediyorsan\u0131z bu yaz\u0131m\u0131za g\u00f6z at\u0131n.<\/a><\/p>\n\n\n\n<blockquote class=\"wp-block-quote is-layout-flow wp-block-quote-is-layout-flow\">\n<h2 class=\"wp-block-heading\"><span class=\"ez-toc-section\" id=\"Ekonomik_bir_Istanbul_gezisi_icin_Yolcu360_mobil_uygulamasini_indirin\"><\/span>Ekonomik bir \u0130stanbul gezisi i\u00e7in Yolcu360 mobil uygulamas\u0131n\u0131 indirin:<span class=\"ez-toc-section-end\"><\/span><\/h2>\n<\/blockquote>\n\n\n\n<div class=\"wp-block-group is-vertical is-layout-flex wp-container-core-group-is-layout-8cf370e7 wp-block-group-is-layout-flex\">\n<figure class=\"wp-block-image size-full is-resized\"><a href=\"https:\/\/apps.apple.com\/tr\/app\/yolcu360-car-rental\/id1331933613\" target=\"_blank\" rel=\" noreferrer noopener\"><img loading=\"lazy\" decoding=\"async\" width=\"606\" height=\"160\" src=\"https:\/\/yolcu360.com\/blog\/wp-content\/uploads\/2025\/10\/yolcu360-mobil-ios.png\" alt=\"ios yolcu360 mobil uygulama indirme butonu\" class=\"lazyload_inited wp-image-69904\" style=\"width:543px;height:auto\" srcset=\"https:\/\/yolcu360.com\/blog\/wp-content\/uploads\/2025\/10\/yolcu360-mobil-ios.png 606w, https:\/\/yolcu360.com\/blog\/wp-content\/uploads\/2025\/10\/yolcu360-mobil-ios-500x132.png 500w, https:\/\/yolcu360.com\/blog\/wp-content\/uploads\/2025\/10\/yolcu360-mobil-ios-150x40.png 150w, https:\/\/yolcu360.com\/blog\/wp-content\/uploads\/2025\/10\/yolcu360-mobil-ios-370x98.png 370w\" sizes=\"(max-width: 606px) 100vw, 606px\" \/><\/a><\/figure>\n\n\n\n<figure class=\"wp-block-image size-full\"><a href=\"https:\/\/play.google.com\/store\/apps\/details?id=com.yolcu360\" target=\"_blank\" rel=\" noreferrer noopener\"><img loading=\"lazy\" decoding=\"async\" width=\"541\" height=\"160\" src=\"https:\/\/yolcu360.com\/blog\/wp-content\/uploads\/2025\/10\/yolcu360-mobil-android.png\" alt=\"android yolcu360 mobil uygulama indirme butonu\" class=\"lazyload_inited wp-image-69906\" srcset=\"https:\/\/yolcu360.com\/blog\/wp-content\/uploads\/2025\/10\/yolcu360-mobil-android.png 541w, https:\/\/yolcu360.com\/blog\/wp-content\/uploads\/2025\/10\/yolcu360-mobil-android-500x148.png 500w, https:\/\/yolcu360.com\/blog\/wp-content\/uploads\/2025\/10\/yolcu360-mobil-android-150x44.png 150w, https:\/\/yolcu360.com\/blog\/wp-content\/uploads\/2025\/10\/yolcu360-mobil-android-370x109.png 370w\" sizes=\"(max-width: 600px) 100vw, 541px\" \/><\/a><\/figure>\n\n\n\n<figure class=\"wp-block-image size-full is-resized\"><a href=\"https:\/\/appgallery.huawei.com\/#\/app\/C102881793\" target=\"_blank\" rel=\" noreferrer noopener\"><img loading=\"lazy\" decoding=\"async\" width=\"534\" height=\"160\" src=\"https:\/\/yolcu360.com\/blog\/wp-content\/uploads\/2025\/10\/yolcu360-mobil-huawei.png\" alt=\"huawei yolcu360 mobil uygulama indirme butonu\" class=\"lazyload_inited wp-image-69908\" style=\"width:542px;height:auto\" srcset=\"https:\/\/yolcu360.com\/blog\/wp-content\/uploads\/2025\/10\/yolcu360-mobil-huawei.png 534w, https:\/\/yolcu360.com\/blog\/wp-content\/uploads\/2025\/10\/yolcu360-mobil-huawei-500x150.png 500w, https:\/\/yolcu360.com\/blog\/wp-content\/uploads\/2025\/10\/yolcu360-mobil-huawei-150x45.png 150w, https:\/\/yolcu360.com\/blog\/wp-content\/uploads\/2025\/10\/yolcu360-mobil-huawei-370x111.png 370w\" sizes=\"(max-width: 600px) 100vw, 534px\" \/><\/a><\/figure>\n<\/div>\n","protected":false},"excerpt":{"rendered":"<p>Kuzguncuk gezilecek yerleri ke\u015ffe \u00e7\u0131k\u0131yoruz. \u0130stanbul\u2019un Anadolu yakas\u0131nda, as\u0131rl\u0131k \u00e7\u0131narlar\u0131n g\u00f6lgesinde ho\u015fg\u00f6r\u00fc ve kom\u015fuluk k\u00fclt\u00fcr\u00fcn\u00fcn hala ilmek ilmek i\u015flendi\u011fi b\u00fcy\u00fcleyici bir semte yolculu\u011fa \u00e7\u0131kmaya ne dersiniz? Tarihi dokusunu titizlikle koruyan cumbal\u0131 evleri, yan yana y\u00fckselen ibadethaneleri ve nostaljik atmosferiyle Kuzguncuk, \u015fehirden kopmadan huzuru bulmak isteyenler i\u00e7in e\u015fsiz bir ka\u00e7\u0131\u015f noktas\u0131 sunuyor. Dizilere ilham olan Arnavut&hellip;<\/p>\n","protected":false},"author":27,"featured_media":8399,"comment_status":"open","ping_status":"closed","sticky":false,"template":"","format":"standard","meta":{"_lmt_disableupdate":"","_lmt_disable":"","footnotes":""},"categories":[18,330],"tags":[7877,3475],"class_list":["post-8397","post","type-post","status-publish","format-standard","has-post-thumbnail","hentry","category-gezi-rehberleri","category-turkiye-gezi-rehberi","tag-gezilecek-yerler","tag-istanbul"],"modified_by":"Yolcu360 Blog","_links":{"self":[{"href":"https:\/\/yolcu360.com\/blog\/wp-json\/wp\/v2\/posts\/8397","targetHints":{"allow":["GET"]}}],"collection":[{"href":"https:\/\/yolcu360.com\/blog\/wp-json\/wp\/v2\/posts"}],"about":[{"href":"https:\/\/yolcu360.com\/blog\/wp-json\/wp\/v2\/types\/post"}],"author":[{"embeddable":true,"href":"https:\/\/yolcu360.com\/blog\/wp-json\/wp\/v2\/users\/27"}],"replies":[{"embeddable":true,"href":"https:\/\/yolcu360.com\/blog\/wp-json\/wp\/v2\/comments?post=8397"}],"version-history":[{"count":3,"href":"https:\/\/yolcu360.com\/blog\/wp-json\/wp\/v2\/posts\/8397\/revisions"}],"predecessor-version":[{"id":75104,"href":"https:\/\/yolcu360.com\/blog\/wp-json\/wp\/v2\/posts\/8397\/revisions\/75104"}],"wp:featuredmedia":[{"embeddable":true,"href":"https:\/\/yolcu360.com\/blog\/wp-json\/wp\/v2\/media\/8399"}],"wp:attachment":[{"href":"https:\/\/yolcu360.com\/blog\/wp-json\/wp\/v2\/media?parent=8397"}],"wp:term":[{"taxonomy":"category","embeddable":true,"href":"https:\/\/yolcu360.com\/blog\/wp-json\/wp\/v2\/categories?post=8397"},{"taxonomy":"post_tag","embeddable":true,"href":"https:\/\/yolcu360.com\/blog\/wp-json\/wp\/v2\/tags?post=8397"}],"curies":[{"name":"wp","href":"https:\/\/api.w.org\/{rel}","templated":true}]}}