{"id":8319,"date":"2026-03-18T14:49:39","date_gmt":"2026-03-18T11:49:39","guid":{"rendered":"https:\/\/yolcu360.com\/blog\/?p=8319"},"modified":"2026-03-30T11:11:57","modified_gmt":"2026-03-30T08:11:57","slug":"balat-gezilecek-yerler","status":"publish","type":"post","link":"https:\/\/yolcu360.com\/blog\/balat-gezilecek-yerler\/","title":{"rendered":"Balat&#8217;ta Gezilecek Yerler"},"content":{"rendered":"\n<p>Balat gezilecek yerler listemizle kar\u015f\u0131n\u0131zday\u0131z.<\/p>\n\n\n\n<p>\u0130stanbul\u2019un Hali\u00e7 k\u0131y\u0131s\u0131nda, zaman\u0131n yava\u015f akt\u0131\u011f\u0131 ve her soka\u011f\u0131nda farkl\u0131 bir hik\u00e2yenin f\u0131s\u0131ldand\u0131\u011f\u0131 b\u00fcy\u00fcleyici bir yolculu\u011fa \u00e7\u0131kmaya ne dersiniz? Tarihi dokusu, \u00e7ok k\u00fclt\u00fcrl\u00fc miras\u0131 ve son y\u0131llarda sanatla harmanlanan modern \u00e7ehresiyle \u0130stanbul Balat gezilecek yerler rotas\u0131, \u015fehri ke\u015ffetmek isteyenler i\u00e7in tam bir a\u00e7\u0131k hava m\u00fczesi niteli\u011fi ta\u015f\u0131yor. Reng\u00e2renk evlerin g\u00f6lgesinde, ge\u00e7mi\u015fin izlerini ta\u015f\u0131yan sinagoglar, kiliseler ve camiler aras\u0131nda yapaca\u011f\u0131n\u0131z bir ke\u015fif, size unutulmaz an\u0131lar vaat ediyor.<\/p>\n\n\n\n<p>Fener ve Balat&#8217;\u0131n i\u00e7 i\u00e7e ge\u00e7mi\u015f sokaklar\u0131nda kaybolurken, kar\u015f\u0131n\u0131za \u00e7\u0131kan antika d\u00fckk\u00e2nlar\u0131 ve tasar\u0131m kafelerle kendinizi bir masal\u0131n i\u00e7inde bulacaks\u0131n\u0131z. Haz\u0131rlad\u0131\u011f\u0131m\u0131z bu Balat gezi rehberi ile b\u00f6lgenin sadece pop\u00fcler duraklar\u0131n\u0131 de\u011fil, sakl\u0131 kalm\u0131\u015f tarihi k\u00f6\u015felerini de ke\u015ffetmenizi sa\u011fl\u0131yoruz. Balat&#8217;ta gezilecek yerler listenizi haz\u0131rlarken size rehberlik edecek bu i\u00e7erik, ula\u015f\u0131m t\u00fcyolar\u0131ndan en iyi foto\u011fraf noktalar\u0131na kadar her detay\u0131yla g\u00fcn\u00fcn tad\u0131n\u0131 \u00e7\u0131karman\u0131z i\u00e7in tasarland\u0131.<\/p>\n\n\n\n<div id=\"ez-toc-container\" class=\"ez-toc-v2_0_82_2 ez-toc-wrap-left counter-hierarchy ez-toc-counter ez-toc-grey ez-toc-container-direction\">\n<div class=\"ez-toc-title-container\">\n<p class=\"ez-toc-title\" style=\"cursor:inherit\">\u0130\u00e7indekiler<\/p>\n<span class=\"ez-toc-title-toggle\"><a href=\"#\" class=\"ez-toc-pull-right ez-toc-btn ez-toc-btn-xs ez-toc-btn-default ez-toc-toggle\" aria-label=\"\u0130\u00e7indekiler Tablosunu A\u00e7\/Kapat\"><span class=\"ez-toc-js-icon-con\"><span class=\"\"><span class=\"eztoc-hide\" style=\"display:none;\">Toggle<\/span><span class=\"ez-toc-icon-toggle-span\"><svg style=\"fill: #999;color:#999\" xmlns=\"http:\/\/www.w3.org\/2000\/svg\" class=\"list-377408\" width=\"20px\" height=\"20px\" viewBox=\"0 0 24 24\" fill=\"none\"><path d=\"M6 6H4v2h2V6zm14 0H8v2h12V6zM4 11h2v2H4v-2zm16 0H8v2h12v-2zM4 16h2v2H4v-2zm16 0H8v2h12v-2z\" fill=\"currentColor\"><\/path><\/svg><svg style=\"fill: #999;color:#999\" class=\"arrow-unsorted-368013\" xmlns=\"http:\/\/www.w3.org\/2000\/svg\" width=\"10px\" height=\"10px\" viewBox=\"0 0 24 24\" version=\"1.2\" baseProfile=\"tiny\"><path d=\"M18.2 9.3l-6.2-6.3-6.2 6.3c-.2.2-.3.4-.3.7s.1.5.3.7c.2.2.4.3.7.3h11c.3 0 .5-.1.7-.3.2-.2.3-.5.3-.7s-.1-.5-.3-.7zM5.8 14.7l6.2 6.3 6.2-6.3c.2-.2.3-.5.3-.7s-.1-.5-.3-.7c-.2-.2-.4-.3-.7-.3h-11c-.3 0-.5.1-.7.3-.2.2-.3.5-.3.7s.1.5.3.7z\"\/><\/svg><\/span><\/span><\/span><\/a><\/span><\/div>\n<nav><ul class='ez-toc-list ez-toc-list-level-1 eztoc-toggle-hide-by-default' ><li class='ez-toc-page-1 ez-toc-heading-level-2'><a class=\"ez-toc-link ez-toc-heading-1\" href=\"https:\/\/yolcu360.com\/blog\/balat-gezilecek-yerler\/#Balat_Nerede_Nasil_Gidilir\" >Balat Nerede, Nas\u0131l Gidilir?<\/a><\/li><li class='ez-toc-page-1 ez-toc-heading-level-2'><a class=\"ez-toc-link ez-toc-heading-2\" href=\"https:\/\/yolcu360.com\/blog\/balat-gezilecek-yerler\/#Balat_Gezilecek_Yerler_Haritasi\" >Balat Gezilecek Yerler Haritas\u0131<\/a><\/li><li class='ez-toc-page-1 ez-toc-heading-level-2'><a class=\"ez-toc-link ez-toc-heading-3\" href=\"https:\/\/yolcu360.com\/blog\/balat-gezilecek-yerler\/#1_Sveti_Stefan_Bulgar_Kilisesi\" >1. Sveti Stefan Bulgar Kilisesi<\/a><\/li><li class='ez-toc-page-1 ez-toc-heading-level-2'><a class=\"ez-toc-link ez-toc-heading-4\" href=\"https:\/\/yolcu360.com\/blog\/balat-gezilecek-yerler\/#2_Fener_Rum_Ortodoks_Patrikhanesi\" >2. Fener Rum Ortodoks Patrikhanesi<\/a><\/li><li class='ez-toc-page-1 ez-toc-heading-level-2'><a class=\"ez-toc-link ez-toc-heading-5\" href=\"https:\/\/yolcu360.com\/blog\/balat-gezilecek-yerler\/#3_Fener_Rum_Lisesi_Kirmizi_Mektep\" >3. Fener Rum Lisesi (K\u0131rm\u0131z\u0131 Mektep)<\/a><\/li><li class='ez-toc-page-1 ez-toc-heading-level-2'><a class=\"ez-toc-link ez-toc-heading-6\" href=\"https:\/\/yolcu360.com\/blog\/balat-gezilecek-yerler\/#4_Merdivenli_Yokusu_Evleri\" >4. Merdivenli Yoku\u015fu Evleri<\/a><\/li><li class='ez-toc-page-1 ez-toc-heading-level-2'><a class=\"ez-toc-link ez-toc-heading-7\" href=\"https:\/\/yolcu360.com\/blog\/balat-gezilecek-yerler\/#5_Kiremit_Caddesi\" >5. Kiremit Caddesi<\/a><\/li><li class='ez-toc-page-1 ez-toc-heading-level-2'><a class=\"ez-toc-link ez-toc-heading-8\" href=\"https:\/\/yolcu360.com\/blog\/balat-gezilecek-yerler\/#6_Balat_Cifit_Carsisi\" >6. Balat \u00c7\u0131f\u0131t \u00c7ar\u015f\u0131s\u0131<\/a><\/li><li class='ez-toc-page-1 ez-toc-heading-level-2'><a class=\"ez-toc-link ez-toc-heading-9\" href=\"https:\/\/yolcu360.com\/blog\/balat-gezilecek-yerler\/#7_Agora_Meyhanesi_1890\" >7. Agora Meyhanesi 1890<\/a><\/li><li class='ez-toc-page-1 ez-toc-heading-level-2'><a class=\"ez-toc-link ez-toc-heading-10\" href=\"https:\/\/yolcu360.com\/blog\/balat-gezilecek-yerler\/#8_Meryem_Ana_Rum_Ortodoks_Kilisesi\" >8. Meryem Ana Rum Ortodoks Kilisesi<\/a><\/li><li class='ez-toc-page-1 ez-toc-heading-level-2'><a class=\"ez-toc-link ez-toc-heading-11\" href=\"https:\/\/yolcu360.com\/blog\/balat-gezilecek-yerler\/#9_Kadir_Has_Universitesi_Cibali_Kampusu\" >9. Kadir Has \u00dcniversitesi (Cibali Kamp\u00fcs\u00fc)<\/a><\/li><li class='ez-toc-page-1 ez-toc-heading-level-2'><a class=\"ez-toc-link ez-toc-heading-12\" href=\"https:\/\/yolcu360.com\/blog\/balat-gezilecek-yerler\/#10_Balat_Tursucusu\" >10. Balat Tur\u015fucusu<\/a><\/li><li class='ez-toc-page-1 ez-toc-heading-level-2'><a class=\"ez-toc-link ez-toc-heading-13\" href=\"https:\/\/yolcu360.com\/blog\/balat-gezilecek-yerler\/#11_Tarihi_Tas_Firin_Evin_Unlu_Mamulleri\" >11. Tarihi Ta\u015f F\u0131r\u0131n Evin Unlu Mamulleri<\/a><\/li><li class='ez-toc-page-1 ez-toc-heading-level-2'><a class=\"ez-toc-link ez-toc-heading-14\" href=\"https:\/\/yolcu360.com\/blog\/balat-gezilecek-yerler\/#12_Molla_Vadisi_Restaurant\" >12. Molla Vadisi Restaurant<\/a><\/li><li class='ez-toc-page-1 ez-toc-heading-level-2'><a class=\"ez-toc-link ez-toc-heading-15\" href=\"https:\/\/yolcu360.com\/blog\/balat-gezilecek-yerler\/#13_Halic_Sanat_Fener_Evleri\" >13. Hali\u00e7 Sanat (Fener Evleri)<\/a><\/li><li class='ez-toc-page-1 ez-toc-heading-level-2'><a class=\"ez-toc-link ez-toc-heading-16\" href=\"https:\/\/yolcu360.com\/blog\/balat-gezilecek-yerler\/#14_Ahrida_Sinagogu\" >14. Ahrida Sinagogu<\/a><\/li><li class='ez-toc-page-1 ez-toc-heading-level-2'><a class=\"ez-toc-link ez-toc-heading-17\" href=\"https:\/\/yolcu360.com\/blog\/balat-gezilecek-yerler\/#15_Kadin_Eserleri_Kutuphanesi\" >15. Kad\u0131n Eserleri K\u00fct\u00fcphanesi<\/a><\/li><li class='ez-toc-page-1 ez-toc-heading-level-2'><a class=\"ez-toc-link ez-toc-heading-18\" href=\"https:\/\/yolcu360.com\/blog\/balat-gezilecek-yerler\/#16_Balat_Kultur_Evi\" >16. Balat K\u00fclt\u00fcr Evi<\/a><\/li><li class='ez-toc-page-1 ez-toc-heading-level-2'><a class=\"ez-toc-link ez-toc-heading-19\" href=\"https:\/\/yolcu360.com\/blog\/balat-gezilecek-yerler\/#17_Balat_Surp_Hiresdagabet_Ermeni_Kilisesi\" >17. Balat Surp Hire\u015fdagabet Ermeni Kilisesi<\/a><\/li><li class='ez-toc-page-1 ez-toc-heading-level-2'><a class=\"ez-toc-link ez-toc-heading-20\" href=\"https:\/\/yolcu360.com\/blog\/balat-gezilecek-yerler\/#18_Gul_Camii_Eski_Azize_Teodosia_Kilisesi\" >18. G\u00fcl Camii (Eski Azize Teodosia Kilisesi)<\/a><\/li><li class='ez-toc-page-1 ez-toc-heading-level-2'><a class=\"ez-toc-link ez-toc-heading-21\" href=\"https:\/\/yolcu360.com\/blog\/balat-gezilecek-yerler\/#19_Tarihi_Kucuk_Mustafa_Pasa_Hamami\" >19. Tarihi K\u00fc\u00e7\u00fck Mustafa Pa\u015fa Hamam\u0131<\/a><\/li><li class='ez-toc-page-1 ez-toc-heading-level-2'><a class=\"ez-toc-link ez-toc-heading-22\" href=\"https:\/\/yolcu360.com\/blog\/balat-gezilecek-yerler\/#20_Cibali_Kapisi\" >20. Cibali Kap\u0131s\u0131<\/a><\/li><li class='ez-toc-page-1 ez-toc-heading-level-2'><a class=\"ez-toc-link ez-toc-heading-23\" href=\"https:\/\/yolcu360.com\/blog\/balat-gezilecek-yerler\/#21_Renkli_Merdivenler\" >21. Renkli Merdivenler<\/a><\/li><li class='ez-toc-page-1 ez-toc-heading-level-2'><a class=\"ez-toc-link ez-toc-heading-24\" href=\"https:\/\/yolcu360.com\/blog\/balat-gezilecek-yerler\/#22_Ballad_Restaurant\" >22. Ballad Restaurant<\/a><\/li><li class='ez-toc-page-1 ez-toc-heading-level-2'><a class=\"ez-toc-link ez-toc-heading-25\" href=\"https:\/\/yolcu360.com\/blog\/balat-gezilecek-yerler\/#23_Dimitrie_Cantemir_Muze_Cafe\" >23. Dimitrie Cantemir M\u00fcze Cafe<\/a><\/li><li class='ez-toc-page-1 ez-toc-heading-level-2'><a class=\"ez-toc-link ez-toc-heading-26\" href=\"https:\/\/yolcu360.com\/blog\/balat-gezilecek-yerler\/#24_Balat_Yanbol_Sinagogu\" >24. Balat Yanbol Sinagogu<\/a><\/li><li class='ez-toc-page-1 ez-toc-heading-level-2'><a class=\"ez-toc-link ez-toc-heading-27\" href=\"https:\/\/yolcu360.com\/blog\/balat-gezilecek-yerler\/#25_Ozel_Marasli_Rum_Ilkokulu\" >25. \u00d6zel Mara\u015fl\u0131 Rum \u0130lkokulu<\/a><\/li><li class='ez-toc-page-1 ez-toc-heading-level-2'><a class=\"ez-toc-link ez-toc-heading-28\" href=\"https:\/\/yolcu360.com\/blog\/balat-gezilecek-yerler\/#26_Baraka_Balat_Cafe\" >26. Baraka Balat Cafe<\/a><\/li><li class='ez-toc-page-1 ez-toc-heading-level-2'><a class=\"ez-toc-link ez-toc-heading-29\" href=\"https:\/\/yolcu360.com\/blog\/balat-gezilecek-yerler\/#27_Ferruh_Kethuda_Camii\" >27. Ferruh Keth\u00fcda Camii<\/a><\/li><li class='ez-toc-page-1 ez-toc-heading-level-2'><a class=\"ez-toc-link ez-toc-heading-30\" href=\"https:\/\/yolcu360.com\/blog\/balat-gezilecek-yerler\/#28_Hz_Cabir_Camii_Atik_Mustafa_Pasa\" >28. Hz. Cabir Camii (Atik Mustafa Pa\u015fa)<\/a><\/li><li class='ez-toc-page-1 ez-toc-heading-level-2'><a class=\"ez-toc-link ez-toc-heading-31\" href=\"https:\/\/yolcu360.com\/blog\/balat-gezilecek-yerler\/#29_Tahta_Minare_Camii\" >29. Tahta Minare Camii<\/a><\/li><li class='ez-toc-page-1 ez-toc-heading-level-2'><a class=\"ez-toc-link ez-toc-heading-32\" href=\"https:\/\/yolcu360.com\/blog\/balat-gezilecek-yerler\/#30_Ayakapi_Hamami\" >30. Ayakap\u0131 Hamam\u0131<\/a><\/li><li class='ez-toc-page-1 ez-toc-heading-level-2'><a class=\"ez-toc-link ez-toc-heading-33\" href=\"https:\/\/yolcu360.com\/blog\/balat-gezilecek-yerler\/#31_Metroloji_Kilisesi\" >31. Metroloji Kilisesi<\/a><\/li><li class='ez-toc-page-1 ez-toc-heading-level-2'><a class=\"ez-toc-link ez-toc-heading-34\" href=\"https:\/\/yolcu360.com\/blog\/balat-gezilecek-yerler\/#32_Balat_Antikacilari_ve_Mezat_Salonlari\" >32. Balat Antikac\u0131lar\u0131 ve Mezat Salonlar\u0131<\/a><\/li><li class='ez-toc-page-1 ez-toc-heading-level-2'><a class=\"ez-toc-link ez-toc-heading-35\" href=\"https:\/\/yolcu360.com\/blog\/balat-gezilecek-yerler\/#33_Halic_Fener_Vapur_Iskelesi\" >33. Hali\u00e7 Fener Vapur \u0130skelesi<\/a><\/li><li class='ez-toc-page-1 ez-toc-heading-level-2'><a class=\"ez-toc-link ez-toc-heading-36\" href=\"https:\/\/yolcu360.com\/blog\/balat-gezilecek-yerler\/#34_Fanarion_Cafe\" >34. Fanarion Cafe<\/a><\/li><li class='ez-toc-page-1 ez-toc-heading-level-2'><a class=\"ez-toc-link ez-toc-heading-37\" href=\"https:\/\/yolcu360.com\/blog\/balat-gezilecek-yerler\/#35_Balat_Sahili\" >35. Balat Sahili<\/a><\/li><li class='ez-toc-page-1 ez-toc-heading-level-2'><a class=\"ez-toc-link ez-toc-heading-38\" href=\"https:\/\/yolcu360.com\/blog\/balat-gezilecek-yerler\/#Balatta_Neler_Yapilir\" >Balat&#8217;ta Neler Yap\u0131l\u0131r?<\/a><\/li><li class='ez-toc-page-1 ez-toc-heading-level-2'><a class=\"ez-toc-link ez-toc-heading-39\" href=\"https:\/\/yolcu360.com\/blog\/balat-gezilecek-yerler\/#Balatta_Foto_Cekmelik_Yerler\" >Balat&#8217;ta Foto \u00c7ekmelik Yerler<\/a><\/li><li class='ez-toc-page-1 ez-toc-heading-level-2'><a class=\"ez-toc-link ez-toc-heading-40\" href=\"https:\/\/yolcu360.com\/blog\/balat-gezilecek-yerler\/#Balat_Gezilecek_Yerlere_Hizli_Bakis\" >Balat Gezilecek Yerlere H\u0131zl\u0131 Bak\u0131\u015f<\/a><\/li><li class='ez-toc-page-1 ez-toc-heading-level-2'><a class=\"ez-toc-link ez-toc-heading-41\" href=\"https:\/\/yolcu360.com\/blog\/balat-gezilecek-yerler\/#Ekonomik_bir_Eminonu_gezisi_icin_Yolcu360_mobil_uygulamasini_indirin\" >Ekonomik bir Emin\u00f6n\u00fc gezisi i\u00e7in Yolcu360 mobil uygulamas\u0131n\u0131 indirin:<\/a><\/li><\/ul><\/nav><\/div>\n<h2 class=\"wp-block-heading\"><span class=\"ez-toc-section\" id=\"Balat_Nerede_Nasil_Gidilir\"><\/span>Balat Nerede, Nas\u0131l Gidilir?<span class=\"ez-toc-section-end\"><\/span><\/h2>\n\n\n<style>.kb-google-maps-container8319_5a2551-a5{height:150px;}<\/style><div class=\"kb-google-maps-container kb-google-maps-container8319_5a2551-a5  wp-block-kadence-googlemaps\" data-mapid=\"8319_5a2551a5\"><iframe width=\"100%\" height=\"100%\"\n\t\t\t\t\t\t\tstyle=\"border:0\" loading=\"lazy\"\n\t\t\t\t\t\t\tsrc=\"https:\/\/www.google.com\/maps\/embed\/v1\/place?key=AIzaSyBAM2o7PiQqwk15LC1XRH2e_KJ-jUa7KYk&#038;zoom=14&#038;maptype=roadmap&#038;q=+balat\"\n\t\t\t\t\t\t\ttitle=\"Google map of  balat\"><\/iframe><\/div><script>function kb_google_map8319_5a2551a5() { let center = { lat: 37.8201, lng: -122.4781}; let map = new google.maps.Map(document.getElementById(\"kb-google-map8319_5a2551a5\"), {\n\t\t\t\t\t    zoom: 14,\n\t\t\t\t\t    center: center,});let marker = new google.maps.Marker({   position: { lat: 37.8201, lng: -122.4781},    map: map,  });}<\/script>\n\n\n<figure class=\"wp-block-table\"><table><thead><tr><th class=\"has-text-align-left\" data-align=\"left\">Ula\u015f\u0131m<\/th><th class=\"has-text-align-left\" data-align=\"left\">\u00d6nerimiz<\/th><\/tr><\/thead><tbody><tr><td class=\"has-text-align-left\" data-align=\"left\"><strong>En Yak\u0131n Havaliman\u0131<\/strong><\/td><td class=\"has-text-align-left\" data-align=\"left\"><a href=\"https:\/\/yolcu360.com\/lokasyonlar\/turkiye\/istanbul\/istanbul-havalimani\" target=\"_blank\" rel=\"noreferrer noopener\">\u0130stanbul Havaliman\u0131<\/a><\/td><\/tr><tr><td class=\"has-text-align-left\" data-align=\"left\"><strong>U\u00e7ak Bileti Fiyatlar\u0131<\/strong><\/td><td class=\"has-text-align-left\" data-align=\"left\"><a href=\"https:\/\/yolcu360.com\/ucak-bileti\/turkiye\/istanbul\/istanbul-havalimani\" target=\"_blank\" rel=\"noreferrer noopener\">\u0130stanbul u\u00e7ak bileti fiyatlar\u0131 2000 TL&#8217;den* ba\u015fl\u0131yor.<\/a><\/td><\/tr><tr><td class=\"has-text-align-left\" data-align=\"left\"><strong>Havaliman\u0131 &#8211; Ma\u015fukiye Mesafe<\/strong><\/td><td class=\"has-text-align-left\" data-align=\"left\">Havaliman\u0131ndan ara\u00e7la Emin\u00f6n\u00fc merkez konumuna yakla\u015f\u0131k 1 saatte varabilirsiniz. Trafik durumlar\u0131nda s\u00fcre\u00e7 2 &#8211; 3 saate uzayabilir.<\/td><\/tr><tr><td class=\"has-text-align-left\" data-align=\"left\"><strong>Ara\u00e7 Kiralama Fiyatlar\u0131<\/strong><\/td><td class=\"has-text-align-left\" data-align=\"left\"><a href=\"https:\/\/yolcu360.com\/arac-kiralama\/turkiye\/istanbul\/istanbul-havalimani\" target=\"_blank\" rel=\"noreferrer noopener\">\u0130stanbul Havaliman\u0131 ara\u00e7 kiralama se\u00e7enekleri g\u00fcnl\u00fck 1000 TL&#8217;den* ba\u015fl\u0131yor.<\/a><\/td><\/tr><tr><td class=\"has-text-align-left\" data-align=\"left\"><strong>\u015eof\u00f6rl\u00fc Kiralama<\/strong><\/td><td class=\"has-text-align-left\" data-align=\"left\"><a href=\"https:\/\/yolcu360.com\/soforlu-arac-kiralama\" target=\"_blank\" rel=\"noreferrer noopener\">\u00d6zel \u015fof\u00f6rl\u00fc ara\u00e7 tutarak diledi\u011finiz noktadan do\u011frudan Balat otellerine ula\u015fabilirsiniz.<\/a><\/td><\/tr><\/tbody><\/table><\/figure>\n\n\n\n<p class=\"has-bd-color-background-color has-background has-small-font-size\">*<em>Fiyatlar genel bilgilendirme ama\u00e7l\u0131d\u0131r, net \u00fccretleri rezervasyon a\u015famas\u0131nda g\u00f6r\u00fcnt\u00fcleyebilirsiniz.<\/em><\/p>\n\n\n\n<p>Kom\u015fusu Fener ile birlikte \u015fehrin en eski yerle\u015fim birimlerinden biri olan bu b\u00f6lge, Unkapan\u0131 ile Ayvansaray aras\u0131nda konumlanm\u0131\u015f e\u015fsiz bir k\u00fclt\u00fcr mozai\u011fidir. Hali\u00e7\u2019in k\u0131y\u0131s\u0131nda t\u00fcm renkleriyle ziyaret\u00e7ilerini bekleyen kadim bir liman semtidir.<\/p>\n\n\n\n<h3 class=\"wp-block-heading\">Balat Yol Tarifi<\/h3>\n\n\n\n<p>\u015eehrin merkezinden bu masals\u0131 semte ula\u015fmak i\u00e7in pek \u00e7ok alternatifiniz bulunuyor.<\/p>\n\n\n\n<ul class=\"wp-block-list\">\n<li><strong>Be\u015fikta\u015f \u2013 Balat:<\/strong> Yakla\u015f\u0131k 7 km (Otob\u00fcs veya vapurla 20-25 dakika)<\/li>\n\n\n\n<li><strong>Emin\u00f6n\u00fc \u2013 Balat:<\/strong> Yakla\u015f\u0131k 3 km (Otob\u00fcs veya Tramvay ile 10 dakika)<\/li>\n\n\n\n<li><strong>\u00dcsk\u00fcdar \u2013 Balat:<\/strong> Deniz yoluyla yakla\u015f\u0131k 20 dakika (Hali\u00e7 Hatt\u0131 vapurlar\u0131 ile)<\/li>\n\n\n\n<li><strong>Mecidiyek\u00f6y \u2013 Balat:<\/strong> Yakla\u015f\u0131k 8 km (Metrob\u00fcs aktarmal\u0131 olarak 30 dakika)<\/li>\n<\/ul>\n\n\n\n<p class=\"has-background\" style=\"background-color:#fffcf3\"><strong>Deniz Yolu ile Ula\u015f\u0131m:<\/strong> \u00dcsk\u00fcdar&#8217;dan Balat&#8217;a nas\u0131l gidilir diyenler i\u00e7in en keyifli se\u00e7enek \u015eehir Hatlar\u0131\u2019n\u0131n Hali\u00e7 Hatt\u0131 vapurlar\u0131d\u0131r. \u00dcsk\u00fcdar\u2019dan kalk\u0131p Karak\u00f6y ve Emin\u00f6n\u00fc\u2019ne u\u011frayarak Hali\u00e7\u2019e giren vapurlarla do\u011frudan Fener veya Balat iskelelerinde inebilirsiniz.<\/p>\n\n\n\n<p class=\"has-background\" style=\"background-color:#f0f9ff\"><strong>Rayl\u0131 Sistemler ve Otob\u00fcs:<\/strong> Marmaray ile Balat&#8217;a nas\u0131l gidilir merak ediyorsan\u0131z; Sirkeci dura\u011f\u0131nda inip T5 Emin\u00f6n\u00fc &#8211; Alibeyk\u00f6y tramvay hatt\u0131na aktarma yapabilir veya sahilden kalkan otob\u00fcsleri kullanabilirsiniz. Ey\u00fcpsultan y\u00f6n\u00fcne giden neredeyse t\u00fcm sahil otob\u00fcsleri b\u00f6lgeden ge\u00e7er.<\/p>\n\n\n\n<p class=\"has-background\" style=\"background-color:#fff7f2\"><strong>Kara Yolu ile Ula\u015f\u0131m:<\/strong> Kendi arac\u0131n\u0131zla gelecekseniz, sahil yolunu (Abd\u00fclezelpa\u015fa Caddesi) takip ederek Balat yol tarifi alabilirsiniz. Ancak semtin i\u00e7 k\u0131s\u0131mlar\u0131 ara\u00e7 trafi\u011fine pek uygun de\u011fildir; bu y\u00fczden arac\u0131n\u0131z\u0131 Balat sahili \u00fczerindeki otopark alanlar\u0131na b\u0131rak\u0131p i\u00e7eriye do\u011fru y\u00fcr\u00fcmek en do\u011fru se\u00e7enek olacakt\u0131r.<\/p>\n\n\n\n<blockquote class=\"wp-block-quote is-layout-flow wp-block-quote-is-layout-flow\">\n<p><strong>Yolcu360 Notu:<\/strong> Balat renkli evler nerede diye arayanlar i\u00e7in en do\u011fru y\u00f6ntem navigasyonu Kiremit Caddesi veya Merdivenli Yoku\u015fu\u2019na kurmakt\u0131r. B\u00f6lgedeki dik yoku\u015flar\u0131 ve sanatsal kafeleri ke\u015ffetmek i\u00e7in rahat bir ayakkab\u0131 giymeyi unutmay\u0131n. \u015eehrin di\u011fer tarihi noktalar\u0131n\u0131 da kapsayan geni\u015f bir tur planl\u0131yorsan\u0131z, <a href=\"https:\/\/yolcu360.com\/arac-kiralama\/turkiye\/istanbul\" target=\"_blank\" rel=\"noreferrer noopener\">\u0130stanbul ara\u00e7 kiralama se\u00e7enekleri sahil hatt\u0131 boyunca size b\u00fcy\u00fck bir hareket \u00f6zg\u00fcrl\u00fc\u011f\u00fc tan\u0131yacakt\u0131r.<\/a><\/p>\n<\/blockquote>\n\n\n\n<h2 class=\"wp-block-heading\"><span class=\"ez-toc-section\" id=\"Balat_Gezilecek_Yerler_Haritasi\"><\/span>Balat Gezilecek Yerler Haritas\u0131<span class=\"ez-toc-section-end\"><\/span><\/h2>\n\n\n\n<iframe data-trx-lazyload-src=\"https:\/\/www.google.com\/maps\/d\/u\/0\/embed?mid=1MBatIaeSYhsOB9DhE4pFRQWdlT0K7bo&#038;ehbc=2E312F&#038;noprof=1\" width=\"640\" height=\"480\"><\/iframe>\n\n\n\n<h2 class=\"wp-block-heading\"><span class=\"ez-toc-section\" id=\"1_Sveti_Stefan_Bulgar_Kilisesi\"><\/span>1. Sveti Stefan Bulgar Kilisesi<span class=\"ez-toc-section-end\"><\/span><\/h2>\n\n\n\n<figure class=\"wp-block-image size-full\"><img fetchpriority=\"high\" decoding=\"async\" width=\"944\" height=\"600\" src=\"https:\/\/yolcu360.com\/blog\/wp-content\/uploads\/2022\/09\/sveti-stefan-bulgar-ortodoks-kilisesi.webp\" alt=\"Sveti Stefan Bulgar Kilisesi, balat gezilecek yerler\" class=\"wp-image-75025\" srcset=\"https:\/\/yolcu360.com\/blog\/wp-content\/uploads\/2022\/09\/sveti-stefan-bulgar-ortodoks-kilisesi.webp 944w, https:\/\/yolcu360.com\/blog\/wp-content\/uploads\/2022\/09\/sveti-stefan-bulgar-ortodoks-kilisesi-500x318.webp 500w, https:\/\/yolcu360.com\/blog\/wp-content\/uploads\/2022\/09\/sveti-stefan-bulgar-ortodoks-kilisesi-150x95.webp 150w, https:\/\/yolcu360.com\/blog\/wp-content\/uploads\/2022\/09\/sveti-stefan-bulgar-ortodoks-kilisesi-768x488.webp 768w, https:\/\/yolcu360.com\/blog\/wp-content\/uploads\/2022\/09\/sveti-stefan-bulgar-ortodoks-kilisesi-370x235.webp 370w, https:\/\/yolcu360.com\/blog\/wp-content\/uploads\/2022\/09\/sveti-stefan-bulgar-ortodoks-kilisesi-850x541.webp 850w, https:\/\/yolcu360.com\/blog\/wp-content\/uploads\/2022\/09\/sveti-stefan-bulgar-ortodoks-kilisesi-865x550.webp 865w, https:\/\/yolcu360.com\/blog\/wp-content\/uploads\/2022\/09\/sveti-stefan-bulgar-ortodoks-kilisesi-642x408.webp 642w\" sizes=\"(max-width: 944px) 100vw, 944px\" \/><\/figure>\n\n\n\n<p>Hali\u00e7 k\u0131y\u0131s\u0131nda t\u00fcm ihti\u015fam\u0131yla y\u00fckselen bu yap\u0131, d\u00fcnyada tamamen demirden in\u015fa edilmi\u015f tek kilise olma \u00f6zelli\u011fini ta\u015f\u0131yor. Viyana\u2019da d\u00f6k\u00fclen par\u00e7alar\u0131n gemilerle getirilip burada birle\u015ftirilmesiyle olu\u015fan bu mimari \u015faheser, alt\u0131n varakl\u0131 kubbeleriyle \u0130stanbul Balat&#8217;ta gezilecek yerler rotas\u0131n\u0131n en pop\u00fcler duraklar\u0131ndan biridir. \u0130\u00e7 mekandaki ince i\u015f\u00e7ilik ve Neo-Gotik detaylar, ziyaret\u00e7ilerine adeta bir Avrupa kenti atmosferi ya\u015fat\u0131yor.<\/p>\n\n\n\n<ul class=\"wp-block-list\">\n<li><a href=\"https:\/\/maps.app.goo.gl\/dV2uD5RRTzrUwDqB9\" target=\"_blank\" rel=\"noreferrer noopener\">Sveti Stefan Bulgar Kilisesi&#8217;ni haritada g\u00f6ster<\/a><\/li>\n\n\n\n<li><strong>Ziyaret saatleri: <\/strong>\u0130badet saatleri d\u0131\u015f\u0131nda 09:00 &#8211; 17:00.<\/li>\n<\/ul>\n\n\n\n<h2 class=\"wp-block-heading\"><span class=\"ez-toc-section\" id=\"2_Fener_Rum_Ortodoks_Patrikhanesi\"><\/span>2. Fener Rum Ortodoks Patrikhanesi<span class=\"ez-toc-section-end\"><\/span><\/h2>\n\n\n\n<figure class=\"wp-block-image size-full\"><img decoding=\"async\" width=\"953\" height=\"600\" src=\"https:\/\/yolcu360.com\/blog\/wp-content\/uploads\/2022\/09\/fener-rum-patrikhanesi-ici.webp\" alt=\"fener rum ortodoks patrikhanesi\" class=\"wp-image-74862\" srcset=\"https:\/\/yolcu360.com\/blog\/wp-content\/uploads\/2022\/09\/fener-rum-patrikhanesi-ici.webp 953w, https:\/\/yolcu360.com\/blog\/wp-content\/uploads\/2022\/09\/fener-rum-patrikhanesi-ici-500x315.webp 500w, https:\/\/yolcu360.com\/blog\/wp-content\/uploads\/2022\/09\/fener-rum-patrikhanesi-ici-150x94.webp 150w, https:\/\/yolcu360.com\/blog\/wp-content\/uploads\/2022\/09\/fener-rum-patrikhanesi-ici-768x484.webp 768w, https:\/\/yolcu360.com\/blog\/wp-content\/uploads\/2022\/09\/fener-rum-patrikhanesi-ici-370x233.webp 370w, https:\/\/yolcu360.com\/blog\/wp-content\/uploads\/2022\/09\/fener-rum-patrikhanesi-ici-865x545.webp 865w, https:\/\/yolcu360.com\/blog\/wp-content\/uploads\/2022\/09\/fener-rum-patrikhanesi-ici-642x404.webp 642w\" sizes=\"(max-width: 953px) 100vw, 953px\" \/><\/figure>\n\n\n\n<p>Ortodoks d\u00fcnyas\u0131n\u0131n ruhani merkezi kabul edilen bu tarihi kompleks, y\u00fcksek surlarla \u00e7evrili avlusuyla mistik bir huzur sunuyor. Fener Balat hatt\u0131n\u0131n en \u00f6nemli dini yap\u0131s\u0131 olan Aya Yorgi Kilisesi\u2019ni de i\u00e7inde bar\u0131nd\u0131ran patrikhane, paha bi\u00e7ilemez mozaikleri ve tarihi taht\u0131yla ziyaret\u00e7ilerini bekliyor. Dini t\u00f6renlerin devam etti\u011fi bu kutsal mekan, b\u00f6lgenin \u00e7ok k\u00fclt\u00fcrl\u00fc haf\u0131zas\u0131n\u0131 en iyi yans\u0131tan noktalardan biridir.<\/p>\n\n\n\n<ul class=\"wp-block-list\">\n<li><a href=\"https:\/\/maps.app.goo.gl\/2pdUaVrxTnAxt5yp9\" target=\"_blank\" rel=\"noreferrer noopener\">Fener Rum Patrikhanesi&#8217;ni haritada g\u00f6ster<\/a><\/li>\n\n\n\n<li><strong>Ziyaret saatleri: <\/strong>\u0130badet saatleri d\u0131\u015f\u0131nda 08:30 &#8211; 17:00.<\/li>\n<\/ul>\n\n\n\n<h2 class=\"wp-block-heading\"><span class=\"ez-toc-section\" id=\"3_Fener_Rum_Lisesi_Kirmizi_Mektep\"><\/span>3. Fener Rum Lisesi (K\u0131rm\u0131z\u0131 Mektep)<span class=\"ez-toc-section-end\"><\/span><\/h2>\n\n\n\n<figure class=\"wp-block-image size-large\"><img decoding=\"async\" width=\"1024\" height=\"586\" src=\"https:\/\/yolcu360.com\/blog\/wp-content\/uploads\/2022\/09\/fener-rum-lisesi-balat-gezilecek-yerler-1024x586.webp\" alt=\"Fener Rum Lisesi, balat gezilecek yerler\" class=\"wp-image-75026\" srcset=\"https:\/\/yolcu360.com\/blog\/wp-content\/uploads\/2022\/09\/fener-rum-lisesi-balat-gezilecek-yerler-1024x586.webp 1024w, https:\/\/yolcu360.com\/blog\/wp-content\/uploads\/2022\/09\/fener-rum-lisesi-balat-gezilecek-yerler-500x286.webp 500w, https:\/\/yolcu360.com\/blog\/wp-content\/uploads\/2022\/09\/fener-rum-lisesi-balat-gezilecek-yerler-150x86.webp 150w, https:\/\/yolcu360.com\/blog\/wp-content\/uploads\/2022\/09\/fener-rum-lisesi-balat-gezilecek-yerler-768x440.webp 768w, https:\/\/yolcu360.com\/blog\/wp-content\/uploads\/2022\/09\/fener-rum-lisesi-balat-gezilecek-yerler-370x212.webp 370w, https:\/\/yolcu360.com\/blog\/wp-content\/uploads\/2022\/09\/fener-rum-lisesi-balat-gezilecek-yerler-865x495.webp 865w, https:\/\/yolcu360.com\/blog\/wp-content\/uploads\/2022\/09\/fener-rum-lisesi-balat-gezilecek-yerler-642x368.webp 642w, https:\/\/yolcu360.com\/blog\/wp-content\/uploads\/2022\/09\/fener-rum-lisesi-balat-gezilecek-yerler.webp 1048w\" sizes=\"(max-width: 1024px) 100vw, 1024px\" \/><\/figure>\n\n\n\n<p>Hali\u00e7\u2019in her yerinden g\u00f6r\u00fclebilen bu heybetli k\u0131rm\u0131z\u0131 tu\u011flal\u0131 bina, ihti\u015faml\u0131 mimarisiyle s\u0131kl\u0131kla bir \u015fato ya da sarayla kar\u0131\u015ft\u0131r\u0131l\u0131yor. Sancaktar Yoku\u015fu&#8217;nun tepesinde y\u00fckselen yap\u0131, Balat&#8217;ta fotograf \u00e7ekilecek yerler aras\u0131nda yerli ve yabanc\u0131 turistlerin bir numaral\u0131 favorisidir. Marsilya\u2019dan getirilen k\u0131rm\u0131z\u0131 tu\u011flalarla in\u015fa edilen lise, devasa kubbesi ve estetik pencereleriyle Balat\u2019\u0131n en ikonik siluetini olu\u015fturuyor.<\/p>\n\n\n\n<ul class=\"wp-block-list\">\n<li><a href=\"https:\/\/maps.app.goo.gl\/RsVcKg4NcZ4WnJxQ9\" target=\"_blank\" rel=\"noreferrer noopener\">Fener Rum Lisesi&#8217;ni haritada g\u00f6ster<\/a><\/li>\n<\/ul>\n\n\n\n<h2 class=\"wp-block-heading\"><span class=\"ez-toc-section\" id=\"4_Merdivenli_Yokusu_Evleri\"><\/span>4. Merdivenli Yoku\u015fu Evleri<span class=\"ez-toc-section-end\"><\/span><\/h2>\n\n\n\n<figure class=\"wp-block-image size-full\"><img loading=\"lazy\" decoding=\"async\" width=\"897\" height=\"600\" src=\"https:\/\/yolcu360.com\/blog\/wp-content\/uploads\/2022\/09\/merdivenli-yokusu-evleri.webp\" alt=\"Merdivenli Yoku\u015fu Evleri\" class=\"wp-image-75027\" srcset=\"https:\/\/yolcu360.com\/blog\/wp-content\/uploads\/2022\/09\/merdivenli-yokusu-evleri.webp 897w, https:\/\/yolcu360.com\/blog\/wp-content\/uploads\/2022\/09\/merdivenli-yokusu-evleri-500x334.webp 500w, https:\/\/yolcu360.com\/blog\/wp-content\/uploads\/2022\/09\/merdivenli-yokusu-evleri-150x100.webp 150w, https:\/\/yolcu360.com\/blog\/wp-content\/uploads\/2022\/09\/merdivenli-yokusu-evleri-768x514.webp 768w, https:\/\/yolcu360.com\/blog\/wp-content\/uploads\/2022\/09\/merdivenli-yokusu-evleri-370x247.webp 370w, https:\/\/yolcu360.com\/blog\/wp-content\/uploads\/2022\/09\/merdivenli-yokusu-evleri-865x579.webp 865w, https:\/\/yolcu360.com\/blog\/wp-content\/uploads\/2022\/09\/merdivenli-yokusu-evleri-642x429.webp 642w\" sizes=\"(max-width: 897px) 100vw, 897px\" \/><\/figure>\n\n\n\n<p>Pastel tonlara boyanm\u0131\u015f yan yana dizili cumbal\u0131 evleri ve dik merdivenleriyle bu yoku\u015f, kartpostallardan f\u0131rlam\u0131\u015f bir g\u00f6r\u00fcnt\u00fcye sahip. Balat&#8217;ta gezilecek sokaklar denildi\u011finde akla gelen ilk yer olan bu b\u00f6lge, dizi ve filmlerin de vazge\u00e7ilmez do\u011fal platosudur. Soka\u011f\u0131n en tepesine \u00e7\u0131k\u0131p a\u015fa\u011f\u0131ya do\u011fru bakt\u0131\u011f\u0131n\u0131zda, tarihi evlerin ve dar soka\u011f\u0131n olu\u015fturdu\u011fu o e\u015fsiz perspektifi foto\u011fraflayabilirsiniz.<\/p>\n\n\n\n<ul class=\"wp-block-list\">\n<li><a href=\"https:\/\/maps.app.goo.gl\/ZH7sikinkp3XDqxS9\" target=\"_blank\" rel=\"noreferrer noopener\">Merdivenli Yoku\u015fu Evleri&#8217;ni haritada g\u00f6ster<\/a><\/li>\n<\/ul>\n\n\n\n<h2 class=\"wp-block-heading\"><span class=\"ez-toc-section\" id=\"5_Kiremit_Caddesi\"><\/span>5. Kiremit Caddesi<span class=\"ez-toc-section-end\"><\/span><\/h2>\n\n\n\n<figure class=\"wp-block-image size-full\"><img loading=\"lazy\" decoding=\"async\" width=\"903\" height=\"600\" src=\"https:\/\/yolcu360.com\/blog\/wp-content\/uploads\/2022\/09\/kiremit-caddesi-balat.webp\" alt=\"\" class=\"wp-image-75028\" srcset=\"https:\/\/yolcu360.com\/blog\/wp-content\/uploads\/2022\/09\/kiremit-caddesi-balat.webp 903w, https:\/\/yolcu360.com\/blog\/wp-content\/uploads\/2022\/09\/kiremit-caddesi-balat-500x332.webp 500w, https:\/\/yolcu360.com\/blog\/wp-content\/uploads\/2022\/09\/kiremit-caddesi-balat-150x100.webp 150w, https:\/\/yolcu360.com\/blog\/wp-content\/uploads\/2022\/09\/kiremit-caddesi-balat-768x510.webp 768w, https:\/\/yolcu360.com\/blog\/wp-content\/uploads\/2022\/09\/kiremit-caddesi-balat-370x246.webp 370w, https:\/\/yolcu360.com\/blog\/wp-content\/uploads\/2022\/09\/kiremit-caddesi-balat-865x575.webp 865w, https:\/\/yolcu360.com\/blog\/wp-content\/uploads\/2022\/09\/kiremit-caddesi-balat-642x427.webp 642w\" sizes=\"(max-width: 903px) 100vw, 903px\" \/><\/figure>\n\n\n\n<p>Sosyal medyan\u0131n en pop\u00fcler arka planlar\u0131ndan biri olan bu caddede, canl\u0131 renkleriyle dikkat \u00e7eken biti\u015fik nizam tarihi evler s\u0131ralan\u0131yor. Balat renkli evler nerede diye merak edenlerin do\u011frudan rotas\u0131n\u0131 \u00e7evirdi\u011fi bu cadde, semtin ne\u015feli ve dinamik ruhunu en iyi yans\u0131tan yerdir. Evlerin \u00f6n\u00fcndeki saks\u0131lar ve Arnavut kald\u0131r\u0131mlar\u0131, \u0130stanbul\u2019un nostaljik mahalle k\u00fclt\u00fcr\u00fcn\u00fc g\u00fcn\u00fcm\u00fczde de ya\u015fatmaya devam ediyor.<\/p>\n\n\n\n<ul class=\"wp-block-list\">\n<li><a href=\"https:\/\/maps.app.goo.gl\/JkMR1XUWjeJt5ur3A\" target=\"_blank\" rel=\"noreferrer noopener\">Kiremit Caddesi&#8217;ni haritada g\u00f6ster<\/a><\/li>\n<\/ul>\n\n\n\n<h2 class=\"wp-block-heading\"><span class=\"ez-toc-section\" id=\"6_Balat_Cifit_Carsisi\"><\/span>6. Balat \u00c7\u0131f\u0131t \u00c7ar\u015f\u0131s\u0131<span class=\"ez-toc-section-end\"><\/span><\/h2>\n\n\n\n<figure class=\"wp-block-image size-large\"><img loading=\"lazy\" decoding=\"async\" width=\"1024\" height=\"573\" src=\"https:\/\/yolcu360.com\/blog\/wp-content\/uploads\/2022\/09\/balat-cifit-carsisi-1024x573.webp\" alt=\"balat \u00e7\u0131f\u0131t \u00e7ar\u015f\u0131s\u0131\" class=\"wp-image-75029\" srcset=\"https:\/\/yolcu360.com\/blog\/wp-content\/uploads\/2022\/09\/balat-cifit-carsisi-1024x573.webp 1024w, https:\/\/yolcu360.com\/blog\/wp-content\/uploads\/2022\/09\/balat-cifit-carsisi-500x280.webp 500w, https:\/\/yolcu360.com\/blog\/wp-content\/uploads\/2022\/09\/balat-cifit-carsisi-150x84.webp 150w, https:\/\/yolcu360.com\/blog\/wp-content\/uploads\/2022\/09\/balat-cifit-carsisi-768x429.webp 768w, https:\/\/yolcu360.com\/blog\/wp-content\/uploads\/2022\/09\/balat-cifit-carsisi-370x207.webp 370w, https:\/\/yolcu360.com\/blog\/wp-content\/uploads\/2022\/09\/balat-cifit-carsisi-865x484.webp 865w, https:\/\/yolcu360.com\/blog\/wp-content\/uploads\/2022\/09\/balat-cifit-carsisi-642x359.webp 642w, https:\/\/yolcu360.com\/blog\/wp-content\/uploads\/2022\/09\/balat-cifit-carsisi-270x152.webp 270w, https:\/\/yolcu360.com\/blog\/wp-content\/uploads\/2022\/09\/balat-cifit-carsisi.webp 1073w\" sizes=\"(max-width: 1024px) 100vw, 1024px\" \/><\/figure>\n\n\n\n<p>Eski \u0130stanbul\u2019un ticaret geleneklerini g\u00fcn\u00fcm\u00fczde de s\u00fcrd\u00fcren bu \u00e7ar\u015f\u0131; antikac\u0131lar\u0131, saflar\u0131 ve k\u00fc\u00e7\u00fck zanaat d\u00fckkanlar\u0131yla tam bir nostalji dura\u011f\u0131d\u0131r. Musevi, Rum ve T\u00fcrk esnaf\u0131n y\u00fczy\u0131llarca bir arada \u00e7al\u0131\u015ft\u0131\u011f\u0131 Balat \u00e7ar\u015f\u0131 b\u00f6lgesinde, \u00f6zellikle hafta sonlar\u0131 kurulan mezatlara kat\u0131larak semtin \u00f6zg\u00fcn ruhuna tan\u0131kl\u0131k edebilirsiniz.<\/p>\n\n\n\n<ul class=\"wp-block-list\">\n<li><a href=\"https:\/\/maps.app.goo.gl\/9J83Nobzq9w4jGTN9\" target=\"_blank\" rel=\"noreferrer noopener\">Balat \u00c7\u0131f\u0131t \u00c7ar\u015f\u0131s\u0131&#8217;n\u0131 haritada g\u00f6ster<\/a><\/li>\n<\/ul>\n\n\n\n<h2 class=\"wp-block-heading\"><span class=\"ez-toc-section\" id=\"7_Agora_Meyhanesi_1890\"><\/span>7. Agora Meyhanesi 1890<span class=\"ez-toc-section-end\"><\/span><\/h2>\n\n\n\n<figure class=\"wp-block-image size-full\"><img loading=\"lazy\" decoding=\"async\" width=\"970\" height=\"600\" src=\"https:\/\/yolcu360.com\/blog\/wp-content\/uploads\/2022\/09\/agora-meyhanesi-1890.webp\" alt=\"Agora Meyhanesi 1890\" class=\"wp-image-75031\" srcset=\"https:\/\/yolcu360.com\/blog\/wp-content\/uploads\/2022\/09\/agora-meyhanesi-1890.webp 970w, https:\/\/yolcu360.com\/blog\/wp-content\/uploads\/2022\/09\/agora-meyhanesi-1890-500x309.webp 500w, https:\/\/yolcu360.com\/blog\/wp-content\/uploads\/2022\/09\/agora-meyhanesi-1890-150x93.webp 150w, https:\/\/yolcu360.com\/blog\/wp-content\/uploads\/2022\/09\/agora-meyhanesi-1890-768x475.webp 768w, https:\/\/yolcu360.com\/blog\/wp-content\/uploads\/2022\/09\/agora-meyhanesi-1890-370x229.webp 370w, https:\/\/yolcu360.com\/blog\/wp-content\/uploads\/2022\/09\/agora-meyhanesi-1890-865x535.webp 865w, https:\/\/yolcu360.com\/blog\/wp-content\/uploads\/2022\/09\/agora-meyhanesi-1890-642x397.webp 642w\" sizes=\"(max-width: 970px) 100vw, 970px\" \/><\/figure>\n\n\n\n<p>1890 y\u0131l\u0131ndan bu yana hizmet veren ve \u015fark\u0131lara konu olan bu efsanevi mekan, Balat\u2019\u0131n en k\u00f6kl\u00fc gastronomi duraklar\u0131ndan biridir. Balat&#8217;ta nereye gidilir diye soranlar i\u00e7in tarihi atmosferi, geleneksel mezeleri ve as\u0131rl\u0131k tu\u011fla duvarlar\u0131yla ak\u015fam yeme\u011fi i\u00e7in benzersiz bir se\u00e7enek sunuyor.<\/p>\n\n\n\n<ul class=\"wp-block-list\">\n<li><a href=\"https:\/\/maps.app.goo.gl\/VmQb2vQofV8yCD5C8\" target=\"_blank\" rel=\"noreferrer noopener\">Agora Meyhanesi 1890&#8217;\u0131 haritada g\u00f6ster<\/a><\/li>\n<\/ul>\n\n\n\n<h2 class=\"wp-block-heading\"><span class=\"ez-toc-section\" id=\"8_Meryem_Ana_Rum_Ortodoks_Kilisesi\"><\/span>8. Meryem Ana Rum Ortodoks Kilisesi<span class=\"ez-toc-section-end\"><\/span><\/h2>\n\n\n\n<figure class=\"wp-block-image size-full\"><img loading=\"lazy\" decoding=\"async\" width=\"1024\" height=\"600\" src=\"https:\/\/yolcu360.com\/blog\/wp-content\/uploads\/2022\/09\/meryem-ana-rum-ortodoks-kilisesi.webp\" alt=\"Meryem Ana Rum Ortodoks Kilisesi\" class=\"wp-image-75030\" srcset=\"https:\/\/yolcu360.com\/blog\/wp-content\/uploads\/2022\/09\/meryem-ana-rum-ortodoks-kilisesi.webp 1024w, https:\/\/yolcu360.com\/blog\/wp-content\/uploads\/2022\/09\/meryem-ana-rum-ortodoks-kilisesi-500x293.webp 500w, https:\/\/yolcu360.com\/blog\/wp-content\/uploads\/2022\/09\/meryem-ana-rum-ortodoks-kilisesi-150x88.webp 150w, https:\/\/yolcu360.com\/blog\/wp-content\/uploads\/2022\/09\/meryem-ana-rum-ortodoks-kilisesi-768x450.webp 768w, https:\/\/yolcu360.com\/blog\/wp-content\/uploads\/2022\/09\/meryem-ana-rum-ortodoks-kilisesi-370x217.webp 370w, https:\/\/yolcu360.com\/blog\/wp-content\/uploads\/2022\/09\/meryem-ana-rum-ortodoks-kilisesi-865x507.webp 865w, https:\/\/yolcu360.com\/blog\/wp-content\/uploads\/2022\/09\/meryem-ana-rum-ortodoks-kilisesi-642x376.webp 642w\" sizes=\"(max-width: 1024px) 100vw, 1024px\" \/><\/figure>\n\n\n\n<p>\u0130stanbul\u2019un fethinden \u00f6nce in\u015fa edilen ve g\u00fcn\u00fcm\u00fcze kadar kesintisiz olarak kilise kalan tek yap\u0131 olan bu ibadethane, halk aras\u0131nda &#8220;Kanl\u0131 Kilise&#8221; olarak da biliniyor. Balat tarihi yerler listesinin en gizemli par\u00e7as\u0131 olan bu yap\u0131, k\u0131rm\u0131z\u0131 rengi ve y\u00fcksek surlar\u0131yla Sancaktar Yoku\u015fu&#8217;nda ziyaret\u00e7ilerini tarihi bir yolculu\u011fa \u00e7\u0131kar\u0131yor.<\/p>\n\n\n\n<ul class=\"wp-block-list\">\n<li><a href=\"https:\/\/maps.app.goo.gl\/7KiEMxTaouchJX3o7\" target=\"_blank\" rel=\"noreferrer noopener\">Meryem Ana Rum Ortodoks Kilisesi&#8217;ni haritada g\u00f6ster<\/a><\/li>\n<\/ul>\n\n\n\n<h2 class=\"wp-block-heading\"><span class=\"ez-toc-section\" id=\"9_Kadir_Has_Universitesi_Cibali_Kampusu\"><\/span>9. Kadir Has \u00dcniversitesi (Cibali Kamp\u00fcs\u00fc)<span class=\"ez-toc-section-end\"><\/span><\/h2>\n\n\n\n<figure class=\"wp-block-image size-large\"><img loading=\"lazy\" decoding=\"async\" width=\"1024\" height=\"597\" src=\"https:\/\/yolcu360.com\/blog\/wp-content\/uploads\/2022\/09\/kadir-has-universitesi-cibali-kampusu-1024x597.webp\" alt=\"Kadir Has \u00dcniversitesi (Cibali Kamp\u00fcs\u00fc)\" class=\"wp-image-75032\" srcset=\"https:\/\/yolcu360.com\/blog\/wp-content\/uploads\/2022\/09\/kadir-has-universitesi-cibali-kampusu-1024x597.webp 1024w, https:\/\/yolcu360.com\/blog\/wp-content\/uploads\/2022\/09\/kadir-has-universitesi-cibali-kampusu-500x292.webp 500w, https:\/\/yolcu360.com\/blog\/wp-content\/uploads\/2022\/09\/kadir-has-universitesi-cibali-kampusu-150x87.webp 150w, https:\/\/yolcu360.com\/blog\/wp-content\/uploads\/2022\/09\/kadir-has-universitesi-cibali-kampusu-768x448.webp 768w, https:\/\/yolcu360.com\/blog\/wp-content\/uploads\/2022\/09\/kadir-has-universitesi-cibali-kampusu-370x216.webp 370w, https:\/\/yolcu360.com\/blog\/wp-content\/uploads\/2022\/09\/kadir-has-universitesi-cibali-kampusu-865x504.webp 865w, https:\/\/yolcu360.com\/blog\/wp-content\/uploads\/2022\/09\/kadir-has-universitesi-cibali-kampusu-642x374.webp 642w, https:\/\/yolcu360.com\/blog\/wp-content\/uploads\/2022\/09\/kadir-has-universitesi-cibali-kampusu.webp 1029w\" sizes=\"(max-width: 1024px) 100vw, 1024px\" \/><\/figure>\n\n\n\n<p>Eski bir t\u00fct\u00fcn fabrikas\u0131n\u0131n muazzam bir restorasyonla \u00fcniversite kamp\u00fcs\u00fcne d\u00f6n\u00fc\u015ft\u00fcr\u00fclmesiyle hayat bulan bu bina, end\u00fcstriyel miras\u0131n en g\u00fczel \u00f6rneklerinden biridir. Cibali&#8217;de gezilecek yerler aras\u0131nda mimari \u00f6d\u00fcll\u00fc bu yap\u0131y\u0131 gezebilir, \u00fcniversite b\u00fcnyesindeki Rezan Has M\u00fczesi\u2019nde binlerce y\u0131ll\u0131k arkeolojik kal\u0131nt\u0131lar\u0131 inceleyebilirsiniz.<\/p>\n\n\n\n<ul class=\"wp-block-list\">\n<li><a href=\"https:\/\/maps.app.goo.gl\/Lmyo476QH5HRwpPZA\" target=\"_blank\" rel=\"noreferrer noopener\">Kadir Has \u00dcniversitesi&#8217;ni haritada g\u00f6ster<\/a><\/li>\n<\/ul>\n\n\n\n<h2 class=\"wp-block-heading\"><span class=\"ez-toc-section\" id=\"10_Balat_Tursucusu\"><\/span>10. Balat Tur\u015fucusu<span class=\"ez-toc-section-end\"><\/span><\/h2>\n\n\n\n<figure class=\"wp-block-image size-full\"><img loading=\"lazy\" decoding=\"async\" width=\"918\" height=\"600\" src=\"https:\/\/yolcu360.com\/blog\/wp-content\/uploads\/2022\/09\/balat-tursucusu.webp\" alt=\"Balat Tur\u015fucusu, balat'ta ne yenir\" class=\"wp-image-75033\" srcset=\"https:\/\/yolcu360.com\/blog\/wp-content\/uploads\/2022\/09\/balat-tursucusu.webp 918w, https:\/\/yolcu360.com\/blog\/wp-content\/uploads\/2022\/09\/balat-tursucusu-500x327.webp 500w, https:\/\/yolcu360.com\/blog\/wp-content\/uploads\/2022\/09\/balat-tursucusu-150x98.webp 150w, https:\/\/yolcu360.com\/blog\/wp-content\/uploads\/2022\/09\/balat-tursucusu-768x502.webp 768w, https:\/\/yolcu360.com\/blog\/wp-content\/uploads\/2022\/09\/balat-tursucusu-370x242.webp 370w, https:\/\/yolcu360.com\/blog\/wp-content\/uploads\/2022\/09\/balat-tursucusu-865x565.webp 865w, https:\/\/yolcu360.com\/blog\/wp-content\/uploads\/2022\/09\/balat-tursucusu-642x420.webp 642w, https:\/\/yolcu360.com\/blog\/wp-content\/uploads\/2022\/09\/balat-tursucusu-344x225.webp 344w\" sizes=\"(max-width: 918px) 100vw, 918px\" \/><\/figure>\n\n\n\n<p>Ye\u015fil\u00e7am filmlerinden f\u0131rlam\u0131\u015f gibi duran bu d\u00fckkan, rengarenk tur\u015fu kavanozlar\u0131yla hem g\u00f6ze hem de dama\u011fa hitap ediyor. Balat&#8217;ta ne yap\u0131l\u0131r diyenler i\u00e7in bir klasik olan ac\u0131l\u0131 tur\u015fu suyu i\u00e7me rit\u00fcelini burada ger\u00e7ekle\u015ftirebilir, onlarca farkl\u0131 meyve ve sebzeden yap\u0131lan geleneksel tur\u015fular\u0131n tad\u0131na bakabilirsiniz.<\/p>\n\n\n\n<ul class=\"wp-block-list\">\n<li><a href=\"https:\/\/maps.app.goo.gl\/43S7qhXXPUfr9wCj8\" target=\"_blank\" rel=\"noreferrer noopener\">Balat Tur\u015fucusu&#8217;nu haritada g\u00f6ster<\/a><\/li>\n<\/ul>\n\n\n\n<h2 class=\"wp-block-heading\"><span class=\"ez-toc-section\" id=\"11_Tarihi_Tas_Firin_Evin_Unlu_Mamulleri\"><\/span>11. Tarihi Ta\u015f F\u0131r\u0131n Evin Unlu Mamulleri<span class=\"ez-toc-section-end\"><\/span><\/h2>\n\n\n\n<figure class=\"wp-block-image size-full\"><img loading=\"lazy\" decoding=\"async\" width=\"981\" height=\"600\" src=\"https:\/\/yolcu360.com\/blog\/wp-content\/uploads\/2022\/09\/tarihi-tas-firin-evin-unlu-mamulleri.webp\" alt=\"Tarihi Ta\u015f F\u0131r\u0131n Evin Unlu Mamulleri\" class=\"wp-image-75034\" srcset=\"https:\/\/yolcu360.com\/blog\/wp-content\/uploads\/2022\/09\/tarihi-tas-firin-evin-unlu-mamulleri.webp 981w, https:\/\/yolcu360.com\/blog\/wp-content\/uploads\/2022\/09\/tarihi-tas-firin-evin-unlu-mamulleri-500x306.webp 500w, https:\/\/yolcu360.com\/blog\/wp-content\/uploads\/2022\/09\/tarihi-tas-firin-evin-unlu-mamulleri-150x92.webp 150w, https:\/\/yolcu360.com\/blog\/wp-content\/uploads\/2022\/09\/tarihi-tas-firin-evin-unlu-mamulleri-768x470.webp 768w, https:\/\/yolcu360.com\/blog\/wp-content\/uploads\/2022\/09\/tarihi-tas-firin-evin-unlu-mamulleri-370x226.webp 370w, https:\/\/yolcu360.com\/blog\/wp-content\/uploads\/2022\/09\/tarihi-tas-firin-evin-unlu-mamulleri-865x529.webp 865w, https:\/\/yolcu360.com\/blog\/wp-content\/uploads\/2022\/09\/tarihi-tas-firin-evin-unlu-mamulleri-642x393.webp 642w\" sizes=\"(max-width: 981px) 100vw, 981px\" \/><\/figure>\n\n\n\n<p>1923 y\u0131l\u0131ndan beri ayn\u0131 adreste hizmet veren bu f\u0131r\u0131n, semtin en taze ve geleneksel lezzet duraklar\u0131ndan biri olarak kabul ediliyor. Balat&#8217;ta ne yap\u0131l\u0131r sorusuna yerel bir yan\u0131t arayanlar i\u00e7in buran\u0131n odun ate\u015finde pi\u015fen me\u015fhur galetalar\u0131n\u0131 veya taze \u00e7\u00f6reklerini denemek harika bir se\u00e7enek. F\u0131r\u0131ndan y\u00fckselen o i\u015ftah a\u00e7\u0131c\u0131 koku, Balat\u2019\u0131n nostaljik sokaklar\u0131nda yapaca\u011f\u0131n\u0131z y\u00fcr\u00fcy\u00fc\u015fe en lezzetli e\u015flik\u00e7i oluyor.<\/p>\n\n\n\n<ul class=\"wp-block-list\">\n<li><a href=\"https:\/\/maps.app.goo.gl\/DN6exE9R1Kcrm2er6\" target=\"_blank\" rel=\"noreferrer noopener\">Evin Unlu Mamulleri&#8217;ni haritada g\u00f6ster<\/a><\/li>\n<\/ul>\n\n\n\n<h2 class=\"wp-block-heading\"><span class=\"ez-toc-section\" id=\"12_Molla_Vadisi_Restaurant\"><\/span>12. Molla Vadisi Restaurant<span class=\"ez-toc-section-end\"><\/span><\/h2>\n\n\n\n<figure class=\"wp-block-image size-full\"><img loading=\"lazy\" decoding=\"async\" width=\"980\" height=\"600\" src=\"https:\/\/yolcu360.com\/blog\/wp-content\/uploads\/2022\/09\/molla-vadisi-restaurant-balat.webp\" alt=\"\" class=\"wp-image-75035\" srcset=\"https:\/\/yolcu360.com\/blog\/wp-content\/uploads\/2022\/09\/molla-vadisi-restaurant-balat.webp 980w, https:\/\/yolcu360.com\/blog\/wp-content\/uploads\/2022\/09\/molla-vadisi-restaurant-balat-500x306.webp 500w, https:\/\/yolcu360.com\/blog\/wp-content\/uploads\/2022\/09\/molla-vadisi-restaurant-balat-150x92.webp 150w, https:\/\/yolcu360.com\/blog\/wp-content\/uploads\/2022\/09\/molla-vadisi-restaurant-balat-768x470.webp 768w, https:\/\/yolcu360.com\/blog\/wp-content\/uploads\/2022\/09\/molla-vadisi-restaurant-balat-370x227.webp 370w, https:\/\/yolcu360.com\/blog\/wp-content\/uploads\/2022\/09\/molla-vadisi-restaurant-balat-865x530.webp 865w, https:\/\/yolcu360.com\/blog\/wp-content\/uploads\/2022\/09\/molla-vadisi-restaurant-balat-642x393.webp 642w\" sizes=\"(max-width: 980px) 100vw, 980px\" \/><\/figure>\n\n\n\n<p>Balat\u2019\u0131n dik yoku\u015flar\u0131n\u0131 t\u0131rmand\u0131ktan sonra ula\u015f\u0131lan bu mekan, Hali\u00e7\u2019in t\u00fcm g\u00fczelli\u011fini panoramik bir a\u00e7\u0131yla ayaklar\u0131n\u0131z\u0131n alt\u0131na seriyor. Balat&#8217;ta yap\u0131lacaklar listenize muazzam bir manzara e\u015fli\u011finde yorgunluk kahvesi i\u00e7meyi eklemek isterseniz buras\u0131 tam size g\u00f6re. \u00d6zellikle g\u00fcn bat\u0131m\u0131na yak\u0131n saatlerde, tarihi yar\u0131madan\u0131n silueti e\u015fli\u011finde sundu\u011fu g\u00f6rsel \u015f\u00f6len foto\u011fraf tutkunlar\u0131n\u0131 cezbediyor.<\/p>\n\n\n\n<ul class=\"wp-block-list\">\n<li><a href=\"https:\/\/maps.app.goo.gl\/5oxiB6z4UrhE9bvz8\" target=\"_blank\" rel=\"noreferrer noopener\">Molla Vadisi Restaurant&#8217;\u0131 haritada g\u00f6ster<\/a><\/li>\n<\/ul>\n\n\n\n<h2 class=\"wp-block-heading\"><span class=\"ez-toc-section\" id=\"13_Halic_Sanat_Fener_Evleri\"><\/span>13. Hali\u00e7 Sanat (Fener Evleri)<span class=\"ez-toc-section-end\"><\/span><\/h2>\n\n\n\n<figure class=\"wp-block-image size-full\"><img loading=\"lazy\" decoding=\"async\" width=\"1023\" height=\"600\" src=\"https:\/\/yolcu360.com\/blog\/wp-content\/uploads\/2022\/09\/halic-sanat-fener-evleri.webp\" alt=\"Hali\u00e7 Sanat Fener Evleri\" class=\"wp-image-75036\" srcset=\"https:\/\/yolcu360.com\/blog\/wp-content\/uploads\/2022\/09\/halic-sanat-fener-evleri.webp 1023w, https:\/\/yolcu360.com\/blog\/wp-content\/uploads\/2022\/09\/halic-sanat-fener-evleri-500x293.webp 500w, https:\/\/yolcu360.com\/blog\/wp-content\/uploads\/2022\/09\/halic-sanat-fener-evleri-150x88.webp 150w, https:\/\/yolcu360.com\/blog\/wp-content\/uploads\/2022\/09\/halic-sanat-fener-evleri-768x450.webp 768w, https:\/\/yolcu360.com\/blog\/wp-content\/uploads\/2022\/09\/halic-sanat-fener-evleri-370x217.webp 370w, https:\/\/yolcu360.com\/blog\/wp-content\/uploads\/2022\/09\/halic-sanat-fener-evleri-865x507.webp 865w, https:\/\/yolcu360.com\/blog\/wp-content\/uploads\/2022\/09\/halic-sanat-fener-evleri-642x377.webp 642w\" sizes=\"(max-width: 1023px) 100vw, 1023px\" \/><\/figure>\n\n\n\n<p>\u0130BB Miras taraf\u0131ndan restore edilerek \u015fehre kazand\u0131r\u0131lan bu tarihi evler, g\u00fcn\u00fcm\u00fczde \u00e7a\u011fda\u015f sanat\u0131n kalbinin att\u0131\u011f\u0131 sergi alanlar\u0131na d\u00f6n\u00fc\u015fm\u00fc\u015f durumda. Fener Balat \u0130stanbul hatt\u0131ndaki k\u00fclt\u00fcrel d\u00f6n\u00fc\u015f\u00fcm\u00fc yak\u0131ndan g\u00f6rmek isterseniz, bu evlerin her birinde farkl\u0131 disiplinlerden sanat eserlerini \u00fccretsiz olarak inceleyebilirsiniz. Tarihi dokuyla modern sanat\u0131n i\u00e7 i\u00e7e ge\u00e7ti\u011fi bu mekanlar, b\u00f6lgeye yepyeni bir soluk kazand\u0131r\u0131yor.<\/p>\n\n\n\n<ul class=\"wp-block-list\">\n<li><a href=\"https:\/\/maps.app.goo.gl\/gknEQYEdmDxBm7mb7\" target=\"_blank\" rel=\"noreferrer noopener\">Hali\u00e7 Sanat Evleri&#8217;ni haritada g\u00f6ster<\/a><\/li>\n<\/ul>\n\n\n\n<h2 class=\"wp-block-heading\"><span class=\"ez-toc-section\" id=\"14_Ahrida_Sinagogu\"><\/span>14. Ahrida Sinagogu<span class=\"ez-toc-section-end\"><\/span><\/h2>\n\n\n\n<figure class=\"wp-block-image size-full\"><img loading=\"lazy\" decoding=\"async\" width=\"1016\" height=\"598\" src=\"https:\/\/yolcu360.com\/blog\/wp-content\/uploads\/2022\/09\/ahrida-sinagogu.webp\" alt=\"Ahrida Sinagogu\" class=\"wp-image-75037\" srcset=\"https:\/\/yolcu360.com\/blog\/wp-content\/uploads\/2022\/09\/ahrida-sinagogu.webp 1016w, https:\/\/yolcu360.com\/blog\/wp-content\/uploads\/2022\/09\/ahrida-sinagogu-500x294.webp 500w, https:\/\/yolcu360.com\/blog\/wp-content\/uploads\/2022\/09\/ahrida-sinagogu-150x88.webp 150w, https:\/\/yolcu360.com\/blog\/wp-content\/uploads\/2022\/09\/ahrida-sinagogu-768x452.webp 768w, https:\/\/yolcu360.com\/blog\/wp-content\/uploads\/2022\/09\/ahrida-sinagogu-370x218.webp 370w, https:\/\/yolcu360.com\/blog\/wp-content\/uploads\/2022\/09\/ahrida-sinagogu-865x509.webp 865w, https:\/\/yolcu360.com\/blog\/wp-content\/uploads\/2022\/09\/ahrida-sinagogu-642x378.webp 642w\" sizes=\"(max-width: 1016px) 100vw, 1016px\" \/><\/figure>\n\n\n\n<p>Onbe\u015finci y\u00fczy\u0131lda Makedonya\u2019n\u0131n Ohri \u015fehrinden gelen Yahudiler taraf\u0131ndan kurulan bu sinagog, Balat\u2019\u0131n \u00e7ok k\u00fclt\u00fcrl\u00fc ge\u00e7mi\u015finin en \u00f6nemli dini miraslar\u0131ndan biri. Balat&#8217;ta gezilecek yerler aras\u0131nda benzersiz bir yeri olan yap\u0131, \u00f6zellikle bir gemi pruvas\u0131n\u0131 and\u0131ran &#8220;Teiva&#8221; (dua k\u00fcrs\u00fcs\u00fc) ile d\u00fcnya \u00e7ap\u0131nda bir \u00fcne sahip. G\u00fcvenlik nedeniyle sadece \u00f6zel izinle gezilebilen sinagog, d\u0131\u015f cephesiyle bile semtin kadim ruhunu hissettirmeye yetiyor.<\/p>\n\n\n\n<ol start=\"15\" class=\"wp-block-list\">\n<li><\/li>\n<\/ol>\n\n\n\n<ul class=\"wp-block-list\">\n<li><a href=\"https:\/\/maps.app.goo.gl\/DfTHH2UT7Kk24wq36\" target=\"_blank\" rel=\"noreferrer noopener\">Ahrida Sinagogu&#8217;nu haritada g\u00f6ster<\/a><\/li>\n<\/ul>\n\n\n\n<h2 class=\"wp-block-heading\"><span class=\"ez-toc-section\" id=\"15_Kadin_Eserleri_Kutuphanesi\"><\/span>15. Kad\u0131n Eserleri K\u00fct\u00fcphanesi<span class=\"ez-toc-section-end\"><\/span><\/h2>\n\n\n\n<figure class=\"wp-block-image size-large\"><img loading=\"lazy\" decoding=\"async\" width=\"1024\" height=\"552\" src=\"https:\/\/yolcu360.com\/blog\/wp-content\/uploads\/2022\/09\/kadin-eserleri-kutuphanesi-balat-1024x552.webp\" alt=\"Kad\u0131n Eserleri K\u00fct\u00fcphanesi\" class=\"wp-image-75038\" srcset=\"https:\/\/yolcu360.com\/blog\/wp-content\/uploads\/2022\/09\/kadin-eserleri-kutuphanesi-balat-1024x552.webp 1024w, https:\/\/yolcu360.com\/blog\/wp-content\/uploads\/2022\/09\/kadin-eserleri-kutuphanesi-balat-500x270.webp 500w, https:\/\/yolcu360.com\/blog\/wp-content\/uploads\/2022\/09\/kadin-eserleri-kutuphanesi-balat-150x81.webp 150w, https:\/\/yolcu360.com\/blog\/wp-content\/uploads\/2022\/09\/kadin-eserleri-kutuphanesi-balat-768x414.webp 768w, https:\/\/yolcu360.com\/blog\/wp-content\/uploads\/2022\/09\/kadin-eserleri-kutuphanesi-balat-370x199.webp 370w, https:\/\/yolcu360.com\/blog\/wp-content\/uploads\/2022\/09\/kadin-eserleri-kutuphanesi-balat-1080x582.webp 1080w, https:\/\/yolcu360.com\/blog\/wp-content\/uploads\/2022\/09\/kadin-eserleri-kutuphanesi-balat-865x466.webp 865w, https:\/\/yolcu360.com\/blog\/wp-content\/uploads\/2022\/09\/kadin-eserleri-kutuphanesi-balat-642x346.webp 642w, https:\/\/yolcu360.com\/blog\/wp-content\/uploads\/2022\/09\/kadin-eserleri-kutuphanesi-balat.webp 1113w\" sizes=\"(max-width: 1024px) 100vw, 1024px\" \/><\/figure>\n\n\n\n<p>Hali\u00e7 sahilindeki eski bir Bizans binas\u0131nda yer alan bu k\u00fct\u00fcphane, T\u00fcrkiye\u2019nin kad\u0131n odakl\u0131 ilk ve tek ar\u015fiv merkezi olma \u00f6zelli\u011fini ta\u015f\u0131yor. Balat&#8217;ta nereye gidilir diye merak eden ve k\u00fclt\u00fcrel bir derinlik arayan ziyaret\u00e7iler i\u00e7in bu sessiz ve vakur mekan, binlerce belge ve kitaptan olu\u015fan devasa bir bellek sunuyor. Hem binan\u0131n ta\u015f mimarisi hem de i\u00e7indeki kad\u0131n tarihi koleksiyonu, ziyaret\u00e7ilere ilham verici bir deneyim ya\u015fat\u0131yor.<\/p>\n\n\n\n<ul class=\"wp-block-list\">\n<li><a href=\"https:\/\/maps.app.goo.gl\/asaCLfJ28pK1ZJYa6\" target=\"_blank\" rel=\"noreferrer noopener\">Kad\u0131n Eserleri K\u00fct\u00fcphanesi&#8217;ni haritada g\u00f6ster<\/a><\/li>\n<\/ul>\n\n\n\n<h2 class=\"wp-block-heading\"><span class=\"ez-toc-section\" id=\"16_Balat_Kultur_Evi\"><\/span>16. Balat K\u00fclt\u00fcr Evi<span class=\"ez-toc-section-end\"><\/span><\/h2>\n\n\n\n<figure class=\"wp-block-image size-full\"><img loading=\"lazy\" decoding=\"async\" width=\"944\" height=\"596\" src=\"https:\/\/yolcu360.com\/blog\/wp-content\/uploads\/2022\/09\/balat-kultur-evi.webp\" alt=\"Balat K\u00fclt\u00fcr Evi\" class=\"wp-image-75039\" srcset=\"https:\/\/yolcu360.com\/blog\/wp-content\/uploads\/2022\/09\/balat-kultur-evi.webp 944w, https:\/\/yolcu360.com\/blog\/wp-content\/uploads\/2022\/09\/balat-kultur-evi-500x316.webp 500w, https:\/\/yolcu360.com\/blog\/wp-content\/uploads\/2022\/09\/balat-kultur-evi-150x95.webp 150w, https:\/\/yolcu360.com\/blog\/wp-content\/uploads\/2022\/09\/balat-kultur-evi-768x485.webp 768w, https:\/\/yolcu360.com\/blog\/wp-content\/uploads\/2022\/09\/balat-kultur-evi-370x234.webp 370w, https:\/\/yolcu360.com\/blog\/wp-content\/uploads\/2022\/09\/balat-kultur-evi-865x546.webp 865w, https:\/\/yolcu360.com\/blog\/wp-content\/uploads\/2022\/09\/balat-kultur-evi-642x405.webp 642w\" sizes=\"(max-width: 944px) 100vw, 944px\" \/><\/figure>\n\n\n\n<p>Vodina Caddesi \u00fczerinde yer alan bu tarihi konak, semtin sanatsal ve sosyal ya\u015fam\u0131n\u0131n en canl\u0131 merkezlerinden biridir. Balat gezi rehberi i\u00e7inde mutlaka u\u011franmas\u0131 gereken bu mekan, hem yerel mutfaktan lezzetler sunan restoran\u0131 hem de d\u00fczenlenen at\u00f6lyeleriyle dikkat \u00e7ekiyor. Binan\u0131n kendine has mimarisi ve avlusunda d\u00fczenlenen etkinlikler, Balat\u2019\u0131n \u00e7ok k\u00fclt\u00fcrl\u00fc yap\u0131s\u0131n\u0131 modern bir bak\u0131\u015f a\u00e7\u0131s\u0131yla ya\u015fatmaya devam ediyor.<\/p>\n\n\n\n<ul class=\"wp-block-list\">\n<li><a href=\"https:\/\/maps.app.goo.gl\/L2CF2tWv3zi2DqJP7\" target=\"_blank\" rel=\"noreferrer noopener\">Balat K\u00fclt\u00fcr Evi&#8217;ni haritada g\u00f6ster<\/a><\/li>\n<\/ul>\n\n\n\n<h2 class=\"wp-block-heading\"><span class=\"ez-toc-section\" id=\"17_Balat_Surp_Hiresdagabet_Ermeni_Kilisesi\"><\/span>17. Balat Surp Hire\u015fdagabet Ermeni Kilisesi<span class=\"ez-toc-section-end\"><\/span><\/h2>\n\n\n\n<figure class=\"wp-block-image size-full\"><img loading=\"lazy\" decoding=\"async\" width=\"968\" height=\"586\" src=\"https:\/\/yolcu360.com\/blog\/wp-content\/uploads\/2022\/09\/balat-surp-hiresdagabet-ermeni-kilisesi.webp\" alt=\"Balat Surp Hire\u015fdagabet Ermeni Kilisesi\" class=\"wp-image-75040\" srcset=\"https:\/\/yolcu360.com\/blog\/wp-content\/uploads\/2022\/09\/balat-surp-hiresdagabet-ermeni-kilisesi.webp 968w, https:\/\/yolcu360.com\/blog\/wp-content\/uploads\/2022\/09\/balat-surp-hiresdagabet-ermeni-kilisesi-500x303.webp 500w, https:\/\/yolcu360.com\/blog\/wp-content\/uploads\/2022\/09\/balat-surp-hiresdagabet-ermeni-kilisesi-150x91.webp 150w, https:\/\/yolcu360.com\/blog\/wp-content\/uploads\/2022\/09\/balat-surp-hiresdagabet-ermeni-kilisesi-768x465.webp 768w, https:\/\/yolcu360.com\/blog\/wp-content\/uploads\/2022\/09\/balat-surp-hiresdagabet-ermeni-kilisesi-370x224.webp 370w, https:\/\/yolcu360.com\/blog\/wp-content\/uploads\/2022\/09\/balat-surp-hiresdagabet-ermeni-kilisesi-865x524.webp 865w, https:\/\/yolcu360.com\/blog\/wp-content\/uploads\/2022\/09\/balat-surp-hiresdagabet-ermeni-kilisesi-642x389.webp 642w\" sizes=\"(max-width: 968px) 100vw, 968px\" \/><\/figure>\n\n\n\n<p>Eski bir Bizans kilisesinin \u00fczerine in\u015fa edilen bu yap\u0131, &#8220;Ba\u015f Melekler Kilisesi&#8221; olarak da bilinir ve her y\u0131l mucize bekleyen binlerce ziyaret\u00e7iyi a\u011f\u0131rlayan &#8220;\u015fifa g\u00fcn\u00fc&#8221; ayinleriyle \u00fcnl\u00fcd\u00fcr. Balat&#8217;ta gezilecek yerler aras\u0131nda inan\u00e7 turizmi a\u00e7\u0131s\u0131ndan b\u00fcy\u00fck \u00f6nem ta\u015f\u0131yan bu kilise, sade d\u0131\u015f mimarisinin aksine i\u00e7 mekandaki dini tasvirleri ve mistik atmosferiyle konuklar\u0131n\u0131 etkiliyor.<\/p>\n\n\n\n<ul class=\"wp-block-list\">\n<li><a href=\"https:\/\/maps.app.goo.gl\/NeLw7r6taeovMBzx8\" target=\"_blank\" rel=\"noreferrer noopener\">Surp Hire\u015fdagabet Ermeni Kilisesi&#8217;ni haritada g\u00f6ster<\/a><\/li>\n<\/ul>\n\n\n\n<h2 class=\"wp-block-heading\"><span class=\"ez-toc-section\" id=\"18_Gul_Camii_Eski_Azize_Teodosia_Kilisesi\"><\/span>18. G\u00fcl Camii (Eski Azize Teodosia Kilisesi)<span class=\"ez-toc-section-end\"><\/span><\/h2>\n\n\n\n<figure class=\"wp-block-image size-large\"><img loading=\"lazy\" decoding=\"async\" width=\"1024\" height=\"522\" src=\"https:\/\/yolcu360.com\/blog\/wp-content\/uploads\/2022\/09\/gul-camii-1024x522.webp\" alt=\"G\u00fcl Camii, balat gezilecek yerler\" class=\"wp-image-75041\" srcset=\"https:\/\/yolcu360.com\/blog\/wp-content\/uploads\/2022\/09\/gul-camii-1024x522.webp 1024w, https:\/\/yolcu360.com\/blog\/wp-content\/uploads\/2022\/09\/gul-camii-500x255.webp 500w, https:\/\/yolcu360.com\/blog\/wp-content\/uploads\/2022\/09\/gul-camii-150x76.webp 150w, https:\/\/yolcu360.com\/blog\/wp-content\/uploads\/2022\/09\/gul-camii-768x392.webp 768w, https:\/\/yolcu360.com\/blog\/wp-content\/uploads\/2022\/09\/gul-camii-370x189.webp 370w, https:\/\/yolcu360.com\/blog\/wp-content\/uploads\/2022\/09\/gul-camii-1080x551.webp 1080w, https:\/\/yolcu360.com\/blog\/wp-content\/uploads\/2022\/09\/gul-camii-865x441.webp 865w, https:\/\/yolcu360.com\/blog\/wp-content\/uploads\/2022\/09\/gul-camii-642x327.webp 642w, https:\/\/yolcu360.com\/blog\/wp-content\/uploads\/2022\/09\/gul-camii.webp 1169w\" sizes=\"(max-width: 1024px) 100vw, 1024px\" \/><\/figure>\n\n\n\n<p>Eski bir Bizans kilisesinden d\u00f6n\u00fc\u015ft\u00fcr\u00fclen bu yap\u0131, ad\u0131n\u0131 fetihten sonra i\u00e7eriye b\u0131rak\u0131lan g\u00fcl demetlerinden veya binan\u0131n i\u00e7inde bulunan bir yat\u0131rdan ald\u0131\u011f\u0131na inan\u0131lan efsanelerden al\u0131r. Balat tarihi yerler listesinde g\u00f6rkemli tu\u011fla i\u015f\u00e7ili\u011fi ve y\u00fcksek kubbesiyle \u00f6ne \u00e7\u0131kan cami, b\u00f6lgenin Bizans\u2019tan Osmanl\u0131\u2019ya uzanan k\u00fclt\u00fcrel d\u00f6n\u00fc\u015f\u00fcm\u00fcn\u00fc en somut haliyle g\u00f6zler \u00f6n\u00fcne seren duraklardan biridir.<\/p>\n\n\n\n<ul class=\"wp-block-list\">\n<li><a href=\"https:\/\/maps.app.goo.gl\/ivcyBSnmkR8w6ppZ7\" target=\"_blank\" rel=\"noreferrer noopener\">G\u00fcl Camii&#8217;ni haritada g\u00f6ster<\/a><\/li>\n<\/ul>\n\n\n\n<h2 class=\"wp-block-heading\"><span class=\"ez-toc-section\" id=\"19_Tarihi_Kucuk_Mustafa_Pasa_Hamami\"><\/span>19. Tarihi K\u00fc\u00e7\u00fck Mustafa Pa\u015fa Hamam\u0131<span class=\"ez-toc-section-end\"><\/span><\/h2>\n\n\n\n<figure class=\"wp-block-image size-full\"><img loading=\"lazy\" decoding=\"async\" width=\"1008\" height=\"600\" src=\"https:\/\/yolcu360.com\/blog\/wp-content\/uploads\/2022\/09\/tarihi-kucuk-mustafa-pasa-hamami.webp\" alt=\"Tarihi K\u00fc\u00e7\u00fck Mustafa Pa\u015fa Hamam\u0131\" class=\"wp-image-75042\" srcset=\"https:\/\/yolcu360.com\/blog\/wp-content\/uploads\/2022\/09\/tarihi-kucuk-mustafa-pasa-hamami.webp 1008w, https:\/\/yolcu360.com\/blog\/wp-content\/uploads\/2022\/09\/tarihi-kucuk-mustafa-pasa-hamami-500x298.webp 500w, https:\/\/yolcu360.com\/blog\/wp-content\/uploads\/2022\/09\/tarihi-kucuk-mustafa-pasa-hamami-150x89.webp 150w, https:\/\/yolcu360.com\/blog\/wp-content\/uploads\/2022\/09\/tarihi-kucuk-mustafa-pasa-hamami-768x457.webp 768w, https:\/\/yolcu360.com\/blog\/wp-content\/uploads\/2022\/09\/tarihi-kucuk-mustafa-pasa-hamami-370x220.webp 370w, https:\/\/yolcu360.com\/blog\/wp-content\/uploads\/2022\/09\/tarihi-kucuk-mustafa-pasa-hamami-865x515.webp 865w, https:\/\/yolcu360.com\/blog\/wp-content\/uploads\/2022\/09\/tarihi-kucuk-mustafa-pasa-hamami-642x382.webp 642w\" sizes=\"(max-width: 1008px) 100vw, 1008px\" \/><\/figure>\n\n\n\n<p>\u0130stanbul\u2019un en eski hamamlar\u0131ndan biri olan bu yap\u0131, 2026 y\u0131l\u0131nda ge\u00e7irdi\u011fi modern restorasyonun ard\u0131ndan art\u0131k sadece bir y\u0131kanma alan\u0131 de\u011fil, etkileyici bir sanat galerisi olarak da kullan\u0131l\u0131yor. Fener Balat turunuzda kubbesindeki fil g\u00f6zlerinden s\u00fcz\u00fclen \u0131\u015f\u0131\u011f\u0131 ve devasa mermer alanlar\u0131n\u0131 g\u00f6rmek i\u00e7in u\u011frayabilece\u011finiz hamam, \u00f6zellikle \u0130stanbul Bienali gibi b\u00fcy\u00fck sanat etkinliklerine ev sahipli\u011fi yapmas\u0131yla biliniyor.<\/p>\n\n\n\n<ul class=\"wp-block-list\">\n<li><a href=\"https:\/\/maps.app.goo.gl\/jScTv7UiXLmJJrpp7\" target=\"_blank\" rel=\"noreferrer noopener\">K\u00fc\u00e7\u00fck Mustafa Pa\u015fa Hamam\u0131&#8217;n\u0131 haritada g\u00f6ster<\/a><\/li>\n<\/ul>\n\n\n\n<h2 class=\"wp-block-heading\"><span class=\"ez-toc-section\" id=\"20_Cibali_Kapisi\"><\/span>20. Cibali Kap\u0131s\u0131<span class=\"ez-toc-section-end\"><\/span><\/h2>\n\n\n\n<figure class=\"wp-block-image size-full\"><img loading=\"lazy\" decoding=\"async\" width=\"898\" height=\"600\" src=\"https:\/\/yolcu360.com\/blog\/wp-content\/uploads\/2022\/09\/cibali-kapisi.webp\" alt=\"Cibali Kap\u0131s\u0131\" class=\"wp-image-75043\" srcset=\"https:\/\/yolcu360.com\/blog\/wp-content\/uploads\/2022\/09\/cibali-kapisi.webp 898w, https:\/\/yolcu360.com\/blog\/wp-content\/uploads\/2022\/09\/cibali-kapisi-500x334.webp 500w, https:\/\/yolcu360.com\/blog\/wp-content\/uploads\/2022\/09\/cibali-kapisi-150x100.webp 150w, https:\/\/yolcu360.com\/blog\/wp-content\/uploads\/2022\/09\/cibali-kapisi-768x513.webp 768w, https:\/\/yolcu360.com\/blog\/wp-content\/uploads\/2022\/09\/cibali-kapisi-370x247.webp 370w, https:\/\/yolcu360.com\/blog\/wp-content\/uploads\/2022\/09\/cibali-kapisi-865x578.webp 865w, https:\/\/yolcu360.com\/blog\/wp-content\/uploads\/2022\/09\/cibali-kapisi-642x429.webp 642w\" sizes=\"(max-width: 898px) 100vw, 898px\" \/><\/figure>\n\n\n\n<p>Bizans surlar\u0131n\u0131n Hali\u00e7 k\u0131y\u0131s\u0131ndaki nadir kal\u0131nt\u0131lar\u0131ndan biri olan bu kap\u0131, ad\u0131n\u0131 fetihte \u015fehre buradan giren Cebe Ali Bey\u2019den al\u0131yor. Cibali&#8217;de gezilecek yerler rotas\u0131n\u0131n ba\u015flang\u0131\u00e7 noktas\u0131 say\u0131lan bu tarihi ge\u00e7it, hem surlar\u0131n sa\u011flam kalan k\u0131s\u0131mlar\u0131n\u0131 g\u00f6rmek hem de semtin giri\u015findeki tarihi dokuyu solumak isteyen foto\u011fraf\u00e7\u0131lar i\u00e7in e\u015fsiz bir arka plan sa\u011fl\u0131yor.<\/p>\n\n\n\n<ul class=\"wp-block-list\">\n<li><a href=\"https:\/\/maps.app.goo.gl\/9PQ8suQBrVbAt8f47\" target=\"_blank\" rel=\"noreferrer noopener\">Cibali Kap\u0131s\u0131&#8217;n\u0131 haritada g\u00f6ster<\/a><\/li>\n<\/ul>\n\n\n\n<h2 class=\"wp-block-heading\"><span class=\"ez-toc-section\" id=\"21_Renkli_Merdivenler\"><\/span>21. Renkli Merdivenler<span class=\"ez-toc-section-end\"><\/span><\/h2>\n\n\n\n<figure class=\"wp-block-image size-full\"><img loading=\"lazy\" decoding=\"async\" width=\"916\" height=\"600\" src=\"https:\/\/yolcu360.com\/blog\/wp-content\/uploads\/2022\/09\/renkli-merdivenler-balat.webp\" alt=\"Renkli Merdivenler, balat gezilecek yerler\" class=\"wp-image-75044\" srcset=\"https:\/\/yolcu360.com\/blog\/wp-content\/uploads\/2022\/09\/renkli-merdivenler-balat.webp 916w, https:\/\/yolcu360.com\/blog\/wp-content\/uploads\/2022\/09\/renkli-merdivenler-balat-500x328.webp 500w, https:\/\/yolcu360.com\/blog\/wp-content\/uploads\/2022\/09\/renkli-merdivenler-balat-150x98.webp 150w, https:\/\/yolcu360.com\/blog\/wp-content\/uploads\/2022\/09\/renkli-merdivenler-balat-768x503.webp 768w, https:\/\/yolcu360.com\/blog\/wp-content\/uploads\/2022\/09\/renkli-merdivenler-balat-370x242.webp 370w, https:\/\/yolcu360.com\/blog\/wp-content\/uploads\/2022\/09\/renkli-merdivenler-balat-865x567.webp 865w, https:\/\/yolcu360.com\/blog\/wp-content\/uploads\/2022\/09\/renkli-merdivenler-balat-642x421.webp 642w, https:\/\/yolcu360.com\/blog\/wp-content\/uploads\/2022\/09\/renkli-merdivenler-balat-344x225.webp 344w\" sizes=\"(max-width: 916px) 100vw, 916px\" \/><\/figure>\n\n\n\n<p>Balat\u2019\u0131n dik yoku\u015flar\u0131n\u0131 birer sanat eserine d\u00f6n\u00fc\u015ft\u00fcren bu basamaklar, g\u00f6kku\u015fa\u011f\u0131 renkleriyle bezeli yap\u0131s\u0131yla ziyaret\u00e7ilerine ne\u015feli bir mola imkan\u0131 sunuyor. Balat&#8217;ta foto\u011fraf \u00e7ekilecek ve gezilecek yerler listesinin en pop\u00fcler noktalar\u0131ndan biri olan bu merdivenlerde, \u00f6zellikle sabah saatlerinde \u0131\u015f\u0131k hen\u00fcz sertle\u015fmeden en canl\u0131 kareleri yakalayabilirsiniz. \u0130ncir A\u011fac\u0131 Kahvesi\u2019nin hemen yan\u0131nda yer alan bu renkli ge\u00e7it, semtin dinamik ve gen\u00e7 ruhunu en iyi yans\u0131tan k\u00f6\u015felerden biridir.<\/p>\n\n\n\n<ul class=\"wp-block-list\">\n<li><a href=\"https:\/\/maps.app.goo.gl\/uFvRFEoEEB7n3Wuk9\" target=\"_blank\" rel=\"noreferrer noopener\">Renkli Merdivenler&#8217;i haritada g\u00f6ster<\/a><\/li>\n<\/ul>\n\n\n\n<h2 class=\"wp-block-heading\"><span class=\"ez-toc-section\" id=\"22_Ballad_Restaurant\"><\/span>22. Ballad Restaurant<span class=\"ez-toc-section-end\"><\/span><\/h2>\n\n\n\n<figure class=\"wp-block-image size-full\"><img loading=\"lazy\" decoding=\"async\" width=\"988\" height=\"560\" src=\"https:\/\/yolcu360.com\/blog\/wp-content\/uploads\/2022\/09\/ballad-restaurant.webp\" alt=\"Ballad Restaurant\" class=\"wp-image-75045\" srcset=\"https:\/\/yolcu360.com\/blog\/wp-content\/uploads\/2022\/09\/ballad-restaurant.webp 988w, https:\/\/yolcu360.com\/blog\/wp-content\/uploads\/2022\/09\/ballad-restaurant-500x283.webp 500w, https:\/\/yolcu360.com\/blog\/wp-content\/uploads\/2022\/09\/ballad-restaurant-150x85.webp 150w, https:\/\/yolcu360.com\/blog\/wp-content\/uploads\/2022\/09\/ballad-restaurant-768x435.webp 768w, https:\/\/yolcu360.com\/blog\/wp-content\/uploads\/2022\/09\/ballad-restaurant-370x210.webp 370w, https:\/\/yolcu360.com\/blog\/wp-content\/uploads\/2022\/09\/ballad-restaurant-865x490.webp 865w, https:\/\/yolcu360.com\/blog\/wp-content\/uploads\/2022\/09\/ballad-restaurant-642x364.webp 642w, https:\/\/yolcu360.com\/blog\/wp-content\/uploads\/2022\/09\/ballad-restaurant-270x152.webp 270w\" sizes=\"(max-width: 988px) 100vw, 988px\" \/><\/figure>\n\n\n\n<p>Balat\u2019\u0131n tarihi dokusuna modern bir \u015f\u0131kl\u0131k katan bu mekan, hem yerel lezzetleri hem de d\u00fcnya mutfa\u011f\u0131ndan se\u00e7kin \u00f6rnekleri bir araya getiriyor. Balat&#8217;ta gidilecek mekanlar aray\u0131\u015f\u0131ndaysan\u0131z, y\u00fcksek tavanl\u0131 mimarisi ve estetik sunumlar\u0131yla dikkat \u00e7eken bu restoranda, semtin otantik havas\u0131n\u0131 soluyarak gurme bir ak\u015fam yeme\u011fi yiyebilirsiniz. \u00d6zellikle teras kat\u0131ndaki masalar, Hali\u00e7 manzaras\u0131na kar\u015f\u0131 romantik bir mola vermek isteyen \u00e7iftler i\u00e7in idealdir.<\/p>\n\n\n\n<ul class=\"wp-block-list\">\n<li><a href=\"https:\/\/maps.app.goo.gl\/5g79aEc7Yg9CiU2b8\" target=\"_blank\" rel=\"noreferrer noopener\">Ballad Restaurant&#8217;\u0131 haritada g\u00f6ster<\/a><\/li>\n<\/ul>\n\n\n\n<h2 class=\"wp-block-heading\"><span class=\"ez-toc-section\" id=\"23_Dimitrie_Cantemir_Muze_Cafe\"><\/span>23. Dimitrie Cantemir M\u00fcze Cafe<span class=\"ez-toc-section-end\"><\/span><\/h2>\n\n\n\n<figure class=\"wp-block-image size-large\"><img loading=\"lazy\" decoding=\"async\" width=\"1024\" height=\"511\" src=\"https:\/\/yolcu360.com\/blog\/wp-content\/uploads\/2022\/09\/dimitrie-cantemir-muze-kafe-1024x511.webp\" alt=\"Dimitrie Cantemir M\u00fcze Cafe\" class=\"wp-image-75046\" srcset=\"https:\/\/yolcu360.com\/blog\/wp-content\/uploads\/2022\/09\/dimitrie-cantemir-muze-kafe-1024x511.webp 1024w, https:\/\/yolcu360.com\/blog\/wp-content\/uploads\/2022\/09\/dimitrie-cantemir-muze-kafe-500x249.webp 500w, https:\/\/yolcu360.com\/blog\/wp-content\/uploads\/2022\/09\/dimitrie-cantemir-muze-kafe-150x75.webp 150w, https:\/\/yolcu360.com\/blog\/wp-content\/uploads\/2022\/09\/dimitrie-cantemir-muze-kafe-768x383.webp 768w, https:\/\/yolcu360.com\/blog\/wp-content\/uploads\/2022\/09\/dimitrie-cantemir-muze-kafe-370x185.webp 370w, https:\/\/yolcu360.com\/blog\/wp-content\/uploads\/2022\/09\/dimitrie-cantemir-muze-kafe-1080x539.webp 1080w, https:\/\/yolcu360.com\/blog\/wp-content\/uploads\/2022\/09\/dimitrie-cantemir-muze-kafe-865x431.webp 865w, https:\/\/yolcu360.com\/blog\/wp-content\/uploads\/2022\/09\/dimitrie-cantemir-muze-kafe-642x320.webp 642w, https:\/\/yolcu360.com\/blog\/wp-content\/uploads\/2022\/09\/dimitrie-cantemir-muze-kafe.webp 1203w\" sizes=\"(max-width: 1024px) 100vw, 1024px\" \/><\/figure>\n\n\n\n<p>Bo\u011fdan Prensi ve \u00fcnl\u00fc besteci Dimitrie Cantemir\u2019in bir d\u00f6nem ya\u015fad\u0131\u011f\u0131 evin hemen yan\u0131nda yer alan bu mekan, tarihle i\u00e7 i\u00e7e bir kafe deneyimi sunuyor. Balat gezi rehberi i\u00e7inde k\u00fclt\u00fcrel bir mola noktas\u0131 olan bu bah\u00e7eli cafe, antik objelerle d\u00f6\u015feli i\u00e7 mekan\u0131yla ziyaret\u00e7ilerini 17. y\u00fczy\u0131l\u0131n aristokrat atmosferine g\u00f6t\u00fcr\u00fcyor. Bah\u00e7esindeki as\u0131rl\u0131k a\u011fa\u00e7lar\u0131n g\u00f6lgesinde kahvenizi yudumlarken, Cantemir\u2019in m\u00fczikal miras\u0131 hakk\u0131nda bilgi edinebilirsiniz.<\/p>\n\n\n\n<ul class=\"wp-block-list\">\n<li><a href=\"https:\/\/maps.app.goo.gl\/zKvGzudPVfPHDt3B9\" target=\"_blank\" rel=\"noreferrer noopener\">Dimitrie Cantemir M\u00fcze Cafe&#8217;yi haritada g\u00f6ster<\/a><\/li>\n<\/ul>\n\n\n\n<h2 class=\"wp-block-heading\"><span class=\"ez-toc-section\" id=\"24_Balat_Yanbol_Sinagogu\"><\/span>24. Balat Yanbol Sinagogu<span class=\"ez-toc-section-end\"><\/span><\/h2>\n\n\n\n<figure class=\"wp-block-image size-full\"><img loading=\"lazy\" decoding=\"async\" width=\"937\" height=\"600\" src=\"https:\/\/yolcu360.com\/blog\/wp-content\/uploads\/2022\/09\/balat-yanbol-sinagogu.webp\" alt=\"Balat Yanbol Sinagogu\" class=\"wp-image-75047\" srcset=\"https:\/\/yolcu360.com\/blog\/wp-content\/uploads\/2022\/09\/balat-yanbol-sinagogu.webp 937w, https:\/\/yolcu360.com\/blog\/wp-content\/uploads\/2022\/09\/balat-yanbol-sinagogu-500x320.webp 500w, https:\/\/yolcu360.com\/blog\/wp-content\/uploads\/2022\/09\/balat-yanbol-sinagogu-150x96.webp 150w, https:\/\/yolcu360.com\/blog\/wp-content\/uploads\/2022\/09\/balat-yanbol-sinagogu-768x492.webp 768w, https:\/\/yolcu360.com\/blog\/wp-content\/uploads\/2022\/09\/balat-yanbol-sinagogu-370x237.webp 370w, https:\/\/yolcu360.com\/blog\/wp-content\/uploads\/2022\/09\/balat-yanbol-sinagogu-865x554.webp 865w, https:\/\/yolcu360.com\/blog\/wp-content\/uploads\/2022\/09\/balat-yanbol-sinagogu-642x411.webp 642w\" sizes=\"(max-width: 937px) 100vw, 937px\" \/><\/figure>\n\n\n\n<p>Bulgaristan\u2019\u0131n Yanbol \u015fehrinden g\u00f6\u00e7 eden Museviler taraf\u0131ndan kurulan bu sinagog, tavan\u0131ndaki ya\u011fl\u0131 boya manzara resimleri ve ah\u015fap i\u015f\u00e7ili\u011fiyle dikkat \u00e7ekiyor. Balat tarihi yerler rotas\u0131nda Musevi miras\u0131n\u0131n en zarif \u00f6rneklerinden biri olan yap\u0131, \u00f6zellikle tavan s\u00fcslemelerindeki do\u011fa tasvirleriyle di\u011fer sinagoglardan ayr\u0131lan estetik bir dokuya sahip. D\u0131\u015far\u0131dan olduk\u00e7a m\u00fctevaz\u0131 g\u00f6r\u00fcnen bu yap\u0131, kap\u0131s\u0131ndan i\u00e7eri girdi\u011finiz anda sizi ihti\u015faml\u0131 bir sanat i\u015f\u00e7ili\u011fiyle kar\u015f\u0131l\u0131yor.<\/p>\n\n\n\n<ul class=\"wp-block-list\">\n<li><a href=\"https:\/\/maps.app.goo.gl\/cBRVKv174cKR4e3S8\" target=\"_blank\" rel=\"noreferrer noopener\">Yanbol Sinagogu&#8217;nu haritada g\u00f6ster<\/a><\/li>\n<\/ul>\n\n\n\n<h2 class=\"wp-block-heading\"><span class=\"ez-toc-section\" id=\"25_Ozel_Marasli_Rum_Ilkokulu\"><\/span>25. \u00d6zel Mara\u015fl\u0131 Rum \u0130lkokulu<span class=\"ez-toc-section-end\"><\/span><\/h2>\n\n\n\n<figure class=\"wp-block-image size-full\"><img loading=\"lazy\" decoding=\"async\" width=\"985\" height=\"600\" src=\"https:\/\/yolcu360.com\/blog\/wp-content\/uploads\/2022\/09\/ozel-marasli-rum-ilkokulu-balat.webp\" alt=\"\u00d6zel Mara\u015fl\u0131 Rum \u0130lkokulu\" class=\"wp-image-75048\" srcset=\"https:\/\/yolcu360.com\/blog\/wp-content\/uploads\/2022\/09\/ozel-marasli-rum-ilkokulu-balat.webp 985w, https:\/\/yolcu360.com\/blog\/wp-content\/uploads\/2022\/09\/ozel-marasli-rum-ilkokulu-balat-500x305.webp 500w, https:\/\/yolcu360.com\/blog\/wp-content\/uploads\/2022\/09\/ozel-marasli-rum-ilkokulu-balat-150x91.webp 150w, https:\/\/yolcu360.com\/blog\/wp-content\/uploads\/2022\/09\/ozel-marasli-rum-ilkokulu-balat-768x468.webp 768w, https:\/\/yolcu360.com\/blog\/wp-content\/uploads\/2022\/09\/ozel-marasli-rum-ilkokulu-balat-370x225.webp 370w, https:\/\/yolcu360.com\/blog\/wp-content\/uploads\/2022\/09\/ozel-marasli-rum-ilkokulu-balat-865x527.webp 865w, https:\/\/yolcu360.com\/blog\/wp-content\/uploads\/2022\/09\/ozel-marasli-rum-ilkokulu-balat-642x391.webp 642w\" sizes=\"(max-width: 985px) 100vw, 985px\" \/><\/figure>\n\n\n\n<p>Neo-Klasik mimarinin en zarif \u00f6rneklerinden biri olan bu okul binas\u0131, devasa s\u00fctunlar\u0131 ve heybetli giri\u015fiyle adeta bir antik tap\u0131na\u011f\u0131 and\u0131r\u0131yor. Balat&#8217;ta gezilecek sokaklar aras\u0131nda y\u00fcr\u00fcrken bir anda kar\u015f\u0131n\u0131za \u00e7\u0131kan bu yap\u0131, foto\u011fraf\u00e7\u0131lar\u0131n perspektif oyunlar\u0131 yapmak i\u00e7in en \u00e7ok tercih etti\u011fi mekanlar aras\u0131nda yer al\u0131yor. G\u00fcn\u00fcm\u00fczde aktif e\u011fitim verilmiyor olsa da, binan\u0131n d\u0131\u015f cephesindeki ta\u015f i\u015f\u00e7ili\u011fi ve tarihi kap\u0131s\u0131 Balat\u2019\u0131n aristokrat ge\u00e7mi\u015fini en iyi \u015fekilde temsil ediyor.<\/p>\n\n\n\n<ul class=\"wp-block-list\">\n<li><a href=\"https:\/\/maps.app.goo.gl\/bA6rXczjtqVs62EPA\" target=\"_blank\" rel=\"noreferrer noopener\">\u00d6zel Mara\u015fl\u0131 Rum \u0130lkokulu&#8217;nu haritada g\u00f6ster<\/a><\/li>\n<\/ul>\n\n\n\n<h2 class=\"wp-block-heading\"><span class=\"ez-toc-section\" id=\"26_Baraka_Balat_Cafe\"><\/span>26. Baraka Balat Cafe<span class=\"ez-toc-section-end\"><\/span><\/h2>\n\n\n\n<figure class=\"wp-block-image size-full\"><img loading=\"lazy\" decoding=\"async\" width=\"862\" height=\"600\" src=\"https:\/\/yolcu360.com\/blog\/wp-content\/uploads\/2022\/09\/baraka-balat-cafe.webp\" alt=\"Baraka Balat Cafe\" class=\"wp-image-75049\" srcset=\"https:\/\/yolcu360.com\/blog\/wp-content\/uploads\/2022\/09\/baraka-balat-cafe.webp 862w, https:\/\/yolcu360.com\/blog\/wp-content\/uploads\/2022\/09\/baraka-balat-cafe-500x348.webp 500w, https:\/\/yolcu360.com\/blog\/wp-content\/uploads\/2022\/09\/baraka-balat-cafe-150x104.webp 150w, https:\/\/yolcu360.com\/blog\/wp-content\/uploads\/2022\/09\/baraka-balat-cafe-768x535.webp 768w, https:\/\/yolcu360.com\/blog\/wp-content\/uploads\/2022\/09\/baraka-balat-cafe-370x258.webp 370w, https:\/\/yolcu360.com\/blog\/wp-content\/uploads\/2022\/09\/baraka-balat-cafe-642x447.webp 642w\" sizes=\"(max-width: 862px) 100vw, 862px\" \/><\/figure>\n\n\n\n<p>Balat\u2019\u0131n o me\u015fhur antika d\u00fckkanlar\u0131n\u0131n aras\u0131nda, huzurlu bah\u00e7esi ve vintage dekorasyonuyla dikkat \u00e7eken bu mekan, semtin en y\u00fcksek puanl\u0131 duraklar\u0131ndan biridir. Balat&#8217;ta ne yap\u0131l\u0131r sorusuna &#8220;huzurlu bir mola&#8221; cevab\u0131n\u0131 veren bu kafe, ev yap\u0131m\u0131 pastalar\u0131 ve taze demlenmi\u015f bitki \u00e7aylar\u0131yla ziyaret\u00e7ilerini a\u011f\u0131rl\u0131yor. Bah\u00e7esindeki as\u0131rl\u0131k a\u011fa\u00e7lar\u0131n g\u00f6lgesinde otururken, Balat\u2019\u0131n nostaljik ruhunu en samimi haliyle hissedebilirsiniz.<\/p>\n\n\n\n<ul class=\"wp-block-list\">\n<li><a href=\"https:\/\/maps.app.goo.gl\/kLNsb7hGGuiaoUZ76\" target=\"_blank\" rel=\"noreferrer noopener\">Baraka Balat Cafe&#8217;yi haritada g\u00f6ster<\/a><\/li>\n<\/ul>\n\n\n\n<h2 class=\"wp-block-heading\"><span class=\"ez-toc-section\" id=\"27_Ferruh_Kethuda_Camii\"><\/span>27. Ferruh Keth\u00fcda Camii<span class=\"ez-toc-section-end\"><\/span><\/h2>\n\n\n\n<figure class=\"wp-block-image size-full\"><img loading=\"lazy\" decoding=\"async\" width=\"927\" height=\"600\" src=\"https:\/\/yolcu360.com\/blog\/wp-content\/uploads\/2022\/09\/ferruh-kethuda-camii.webp\" alt=\"Ferruh Keth\u00fcda Camii\" class=\"wp-image-75050\" srcset=\"https:\/\/yolcu360.com\/blog\/wp-content\/uploads\/2022\/09\/ferruh-kethuda-camii.webp 927w, https:\/\/yolcu360.com\/blog\/wp-content\/uploads\/2022\/09\/ferruh-kethuda-camii-500x324.webp 500w, https:\/\/yolcu360.com\/blog\/wp-content\/uploads\/2022\/09\/ferruh-kethuda-camii-150x97.webp 150w, https:\/\/yolcu360.com\/blog\/wp-content\/uploads\/2022\/09\/ferruh-kethuda-camii-768x497.webp 768w, https:\/\/yolcu360.com\/blog\/wp-content\/uploads\/2022\/09\/ferruh-kethuda-camii-370x239.webp 370w, https:\/\/yolcu360.com\/blog\/wp-content\/uploads\/2022\/09\/ferruh-kethuda-camii-865x560.webp 865w, https:\/\/yolcu360.com\/blog\/wp-content\/uploads\/2022\/09\/ferruh-kethuda-camii-642x416.webp 642w\" sizes=\"(max-width: 927px) 100vw, 927px\" \/><\/figure>\n\n\n\n<p>Mimar Sinan\u2019\u0131n 16. y\u00fczy\u0131lda in\u015fa etti\u011fi bu zarif yap\u0131, klasik Osmanl\u0131 mimarisinin Balat\u2019taki en \u00f6nemli temsilcisidir. Balat tarihi yerler rotas\u0131nda yer alan caminin bah\u00e7esinde eskiden bir mahkeme binas\u0131 bulunmas\u0131, buray\u0131 tarih boyunca semtin sosyal merkezi haline getirmi\u015ftir. Caminin i\u00e7indeki \u0130znik \u00e7inileri ve huzurlu avlusu, Mimar Sinan\u2019\u0131n dehas\u0131n\u0131 bir kez daha g\u00f6zler \u00f6n\u00fcne seriyor.<\/p>\n\n\n\n<ul class=\"wp-block-list\">\n<li><a href=\"https:\/\/maps.app.goo.gl\/7hW13Tagyj4VJmd18\" target=\"_blank\" rel=\"noreferrer noopener\">Ferruh Keth\u00fcda Camii&#8217;ni haritada g\u00f6ster<\/a><\/li>\n<\/ul>\n\n\n\n<h2 class=\"wp-block-heading\"><span class=\"ez-toc-section\" id=\"28_Hz_Cabir_Camii_Atik_Mustafa_Pasa\"><\/span>28. Hz. Cabir Camii (Atik Mustafa Pa\u015fa)<span class=\"ez-toc-section-end\"><\/span><\/h2>\n\n\n\n<figure class=\"wp-block-image size-full\"><img loading=\"lazy\" decoding=\"async\" width=\"930\" height=\"600\" src=\"https:\/\/yolcu360.com\/blog\/wp-content\/uploads\/2022\/09\/hz-cabir-camii-fener-balat.webp\" alt=\"Hz. Cabir Camii\" class=\"wp-image-75051\" srcset=\"https:\/\/yolcu360.com\/blog\/wp-content\/uploads\/2022\/09\/hz-cabir-camii-fener-balat.webp 930w, https:\/\/yolcu360.com\/blog\/wp-content\/uploads\/2022\/09\/hz-cabir-camii-fener-balat-500x323.webp 500w, https:\/\/yolcu360.com\/blog\/wp-content\/uploads\/2022\/09\/hz-cabir-camii-fener-balat-150x97.webp 150w, https:\/\/yolcu360.com\/blog\/wp-content\/uploads\/2022\/09\/hz-cabir-camii-fener-balat-768x495.webp 768w, https:\/\/yolcu360.com\/blog\/wp-content\/uploads\/2022\/09\/hz-cabir-camii-fener-balat-370x239.webp 370w, https:\/\/yolcu360.com\/blog\/wp-content\/uploads\/2022\/09\/hz-cabir-camii-fener-balat-865x558.webp 865w, https:\/\/yolcu360.com\/blog\/wp-content\/uploads\/2022\/09\/hz-cabir-camii-fener-balat-642x414.webp 642w\" sizes=\"(max-width: 930px) 100vw, 930px\" \/><\/figure>\n\n\n\n<p>Eski bir Bizans kilisesinden d\u00f6n\u00fc\u015ft\u00fcr\u00fclen bu yap\u0131, ad\u0131n\u0131 \u0130stanbul\u2019un fethi s\u0131ras\u0131nda \u015fehit d\u00fc\u015fen sahabe Hz. Cabir\u2019den almaktad\u0131r. Fener&#8217;de gezilecek yerler aras\u0131nda hem \u0130slami hem de Hristiyan mimarisinin izlerini ayn\u0131 anda g\u00f6rebilece\u011finiz bu mekan, y\u00fcksek kubbesi ve ta\u015f duvarlar\u0131yla mistik bir atmosfer sunuyor. Yap\u0131n\u0131n alt kat\u0131nda bulunan tarihi kal\u0131nt\u0131lar, ziyaret\u00e7ilere \u0130stanbul\u2019un katmanl\u0131 tarihini f\u0131s\u0131ld\u0131yor.<\/p>\n\n\n\n<ul class=\"wp-block-list\">\n<li><a href=\"https:\/\/maps.app.goo.gl\/D8s76khzdLfcG1Jf8\" target=\"_blank\" rel=\"noreferrer noopener\">Hz. Cabir Camii&#8217;ni haritada g\u00f6ster<\/a><\/li>\n<\/ul>\n\n\n\n<h2 class=\"wp-block-heading\"><span class=\"ez-toc-section\" id=\"29_Tahta_Minare_Camii\"><\/span>29. Tahta Minare Camii<span class=\"ez-toc-section-end\"><\/span><\/h2>\n\n\n\n<figure class=\"wp-block-image size-large\"><img loading=\"lazy\" decoding=\"async\" width=\"1024\" height=\"526\" src=\"https:\/\/yolcu360.com\/blog\/wp-content\/uploads\/2022\/09\/tahta-minare-camii-1024x526.webp\" alt=\"Tahta Minare Camii\" class=\"wp-image-75052\" srcset=\"https:\/\/yolcu360.com\/blog\/wp-content\/uploads\/2022\/09\/tahta-minare-camii-1024x526.webp 1024w, https:\/\/yolcu360.com\/blog\/wp-content\/uploads\/2022\/09\/tahta-minare-camii-500x257.webp 500w, https:\/\/yolcu360.com\/blog\/wp-content\/uploads\/2022\/09\/tahta-minare-camii-150x77.webp 150w, https:\/\/yolcu360.com\/blog\/wp-content\/uploads\/2022\/09\/tahta-minare-camii-768x395.webp 768w, https:\/\/yolcu360.com\/blog\/wp-content\/uploads\/2022\/09\/tahta-minare-camii-370x190.webp 370w, https:\/\/yolcu360.com\/blog\/wp-content\/uploads\/2022\/09\/tahta-minare-camii-1080x555.webp 1080w, https:\/\/yolcu360.com\/blog\/wp-content\/uploads\/2022\/09\/tahta-minare-camii-865x445.webp 865w, https:\/\/yolcu360.com\/blog\/wp-content\/uploads\/2022\/09\/tahta-minare-camii-642x330.webp 642w, https:\/\/yolcu360.com\/blog\/wp-content\/uploads\/2022\/09\/tahta-minare-camii.webp 1167w\" sizes=\"(max-width: 1024px) 100vw, 1024px\" \/><\/figure>\n\n\n\n<p>Fatih Sultan Mehmet d\u00f6neminde in\u015fa edilen ve ad\u0131n\u0131 \u00f6zg\u00fcn tahta minaresinden alan bu yap\u0131, Balat\u2019\u0131n en eski camilerinden biri olarak bilinir. Balat&#8217;ta gezilecek yerler listenizde yer almas\u0131 gereken bu m\u00fctevaz\u0131 ama etkileyici cami, semtin yerel mahalle k\u00fclt\u00fcr\u00fcn\u00fcn kalbinde bulunuyor. Y\u00fczy\u0131llar i\u00e7inde ge\u00e7irdi\u011fi restorasyonlara ra\u011fmen korudu\u011fu s\u0131cak atmosferi, buray\u0131 ger\u00e7ek bir &#8220;mahalle camisi&#8221; k\u0131l\u0131yor.<\/p>\n\n\n\n<ul class=\"wp-block-list\">\n<li><a href=\"https:\/\/maps.app.goo.gl\/Xj5wqhZv7kC1viz8A\" target=\"_blank\" rel=\"noreferrer noopener\">Tahta Minare Camii&#8217;ni haritada g\u00f6ster<\/a><\/li>\n<\/ul>\n\n\n\n<h2 class=\"wp-block-heading\"><span class=\"ez-toc-section\" id=\"30_Ayakapi_Hamami\"><\/span>30. Ayakap\u0131 Hamam\u0131<span class=\"ez-toc-section-end\"><\/span><\/h2>\n\n\n\n<figure class=\"wp-block-image size-large\"><img loading=\"lazy\" decoding=\"async\" width=\"1024\" height=\"485\" src=\"https:\/\/yolcu360.com\/blog\/wp-content\/uploads\/2022\/09\/ayakapi-hamami-1024x485.webp\" alt=\"Ayakap\u0131 Hamam\u0131\" class=\"wp-image-75053\" srcset=\"https:\/\/yolcu360.com\/blog\/wp-content\/uploads\/2022\/09\/ayakapi-hamami-1024x485.webp 1024w, https:\/\/yolcu360.com\/blog\/wp-content\/uploads\/2022\/09\/ayakapi-hamami-500x237.webp 500w, https:\/\/yolcu360.com\/blog\/wp-content\/uploads\/2022\/09\/ayakapi-hamami-150x71.webp 150w, https:\/\/yolcu360.com\/blog\/wp-content\/uploads\/2022\/09\/ayakapi-hamami-768x364.webp 768w, https:\/\/yolcu360.com\/blog\/wp-content\/uploads\/2022\/09\/ayakapi-hamami-370x175.webp 370w, https:\/\/yolcu360.com\/blog\/wp-content\/uploads\/2022\/09\/ayakapi-hamami-1080x512.webp 1080w, https:\/\/yolcu360.com\/blog\/wp-content\/uploads\/2022\/09\/ayakapi-hamami-865x410.webp 865w, https:\/\/yolcu360.com\/blog\/wp-content\/uploads\/2022\/09\/ayakapi-hamami-642x304.webp 642w, https:\/\/yolcu360.com\/blog\/wp-content\/uploads\/2022\/09\/ayakapi-hamami.webp 1266w\" sizes=\"(max-width: 1024px) 100vw, 1024px\" \/><\/figure>\n\n\n\n<p>Mimar Sinan taraf\u0131ndan Valide Sultan i\u00e7in in\u015fa edilen bu hamam, g\u00fcn\u00fcm\u00fczde maalesef hizmet vermiyor olsa da mimari siluetiyle hala b\u00fcy\u00fcleyicidir. Balat&#8217;a yak\u0131n gezilecek yerler aras\u0131nda y\u00fcr\u00fcrken kar\u015f\u0131n\u0131za \u00e7\u0131kan bu yap\u0131, ta\u015f i\u015f\u00e7ili\u011fiyle Osmanl\u0131 hamam k\u00fclt\u00fcr\u00fcn\u00fcn ihti\u015fam\u0131n\u0131 hat\u0131rlat\u0131yor. Restorasyon bekleyen bu tarihi hazine, foto\u011fraf\u00e7\u0131lar i\u00e7in h\u00fcz\u00fcnl\u00fc ama etkileyici bir kadraj sunuyor.<\/p>\n\n\n\n<ul class=\"wp-block-list\">\n<li><a href=\"https:\/\/maps.app.goo.gl\/QoLw2pxNgJQFSw4g6\" target=\"_blank\" rel=\"noreferrer noopener\">Ayakap\u0131 Hamam\u0131&#8217;n\u0131 haritada g\u00f6ster<\/a><\/li>\n<\/ul>\n\n\n\n<h2 class=\"wp-block-heading\"><span class=\"ez-toc-section\" id=\"31_Metroloji_Kilisesi\"><\/span>31. Metroloji Kilisesi<span class=\"ez-toc-section-end\"><\/span><\/h2>\n\n\n\n<figure class=\"wp-block-image size-full\"><img loading=\"lazy\" decoding=\"async\" width=\"952\" height=\"600\" src=\"https:\/\/yolcu360.com\/blog\/wp-content\/uploads\/2022\/09\/metroloji-kilisesi.webp\" alt=\"Metroloji Kilisesi\" class=\"wp-image-75054\" srcset=\"https:\/\/yolcu360.com\/blog\/wp-content\/uploads\/2022\/09\/metroloji-kilisesi.webp 952w, https:\/\/yolcu360.com\/blog\/wp-content\/uploads\/2022\/09\/metroloji-kilisesi-500x315.webp 500w, https:\/\/yolcu360.com\/blog\/wp-content\/uploads\/2022\/09\/metroloji-kilisesi-150x95.webp 150w, https:\/\/yolcu360.com\/blog\/wp-content\/uploads\/2022\/09\/metroloji-kilisesi-768x484.webp 768w, https:\/\/yolcu360.com\/blog\/wp-content\/uploads\/2022\/09\/metroloji-kilisesi-370x233.webp 370w, https:\/\/yolcu360.com\/blog\/wp-content\/uploads\/2022\/09\/metroloji-kilisesi-865x545.webp 865w, https:\/\/yolcu360.com\/blog\/wp-content\/uploads\/2022\/09\/metroloji-kilisesi-642x405.webp 642w\" sizes=\"(max-width: 952px) 100vw, 952px\" \/><\/figure>\n\n\n\n<p>Hali\u00e7 k\u0131y\u0131s\u0131ndaki surlar\u0131n hemen ard\u0131nda, y\u00fcksek duvarlar\u0131n arkas\u0131na gizlenmi\u015f bu yap\u0131, ad\u0131n\u0131 Osmanl\u0131 d\u00f6neminde denizcilik ve ticaretle u\u011fra\u015fanlar\u0131n kulland\u0131\u011f\u0131 \u00f6l\u00e7\u00fc birimlerinden al\u0131yor. Balat tarihi yerler listesinde az bilinen ama mimari sadeli\u011fiyle dikkat \u00e7eken bu kilise, b\u00f6lgenin \u00e7ok katmanl\u0131 dini yap\u0131s\u0131n\u0131 tamamlayan sessiz bir tan\u0131k gibidir. Kilisenin bah\u00e7esindeki as\u0131rl\u0131k a\u011fa\u00e7lar, buray\u0131 d\u0131\u015f d\u00fcnyadan izole eden huzurlu bir vaha haline getiriyor.<\/p>\n\n\n\n<ul class=\"wp-block-list\">\n<li><a href=\"https:\/\/maps.app.goo.gl\/8uo4ZRHN9v9btm6s8\" target=\"_blank\" rel=\"noreferrer noopener\">Metroloji Kilisesi&#8217;ni haritada g\u00f6ster<\/a><\/li>\n<\/ul>\n\n\n\n<h2 class=\"wp-block-heading\"><span class=\"ez-toc-section\" id=\"32_Balat_Antikacilari_ve_Mezat_Salonlari\"><\/span>32. Balat Antikac\u0131lar\u0131 ve Mezat Salonlar\u0131<span class=\"ez-toc-section-end\"><\/span><\/h2>\n\n\n\n<p>Vodina ve \u00c7\u0131f\u0131t \u00c7ar\u015f\u0131s\u0131 sokaklar\u0131na yay\u0131lan bu d\u00fckkanlar, eski radyolardan Osmanl\u0131 d\u00f6nemine ait mobilyalara kadar binlerce hat\u0131ray\u0131 bar\u0131nd\u0131r\u0131yor. Balat&#8217;ta yap\u0131lacaklar aras\u0131nda en heyecan verici olan\u0131, genellikle ak\u015fam\u00fcst\u00fc saatlerinde ba\u015flayan &#8220;m\u00fcnadi&#8221; seslerinin y\u00fckseldi\u011fi antika mezatlar\u0131na kat\u0131lmakt\u0131r. Tozlu raflar aras\u0131nda yapaca\u011f\u0131n\u0131z bir ke\u015fif y\u00fcr\u00fcy\u00fc\u015f\u00fc, size \u0130stanbul&#8217;un ge\u00e7mi\u015fine dair k\u00fc\u00e7\u00fck bir hat\u0131ra edinme f\u0131rsat\u0131 sunacakt\u0131r.<\/p>\n\n\n\n<ul class=\"wp-block-list\">\n<li><a href=\"https:\/\/maps.app.goo.gl\/GEieDYDmPtrjaL8MA\" target=\"_blank\" rel=\"noreferrer noopener\">Balat Antikac\u0131lar\u0131&#8217;n\u0131 haritada g\u00f6ster<\/a><\/li>\n<\/ul>\n\n\n\n<h2 class=\"wp-block-heading\"><span class=\"ez-toc-section\" id=\"33_Halic_Fener_Vapur_Iskelesi\"><\/span>33. Hali\u00e7 Fener Vapur \u0130skelesi<span class=\"ez-toc-section-end\"><\/span><\/h2>\n\n\n\n<figure class=\"wp-block-image size-large\"><img loading=\"lazy\" decoding=\"async\" width=\"1024\" height=\"563\" src=\"https:\/\/yolcu360.com\/blog\/wp-content\/uploads\/2022\/09\/halic-fener-vapur-iskelesi-1024x563.webp\" alt=\"Hali\u00e7 Fener Vapur \u0130skelesi\" class=\"wp-image-75055\" srcset=\"https:\/\/yolcu360.com\/blog\/wp-content\/uploads\/2022\/09\/halic-fener-vapur-iskelesi-1024x563.webp 1024w, https:\/\/yolcu360.com\/blog\/wp-content\/uploads\/2022\/09\/halic-fener-vapur-iskelesi-500x275.webp 500w, https:\/\/yolcu360.com\/blog\/wp-content\/uploads\/2022\/09\/halic-fener-vapur-iskelesi-150x82.webp 150w, https:\/\/yolcu360.com\/blog\/wp-content\/uploads\/2022\/09\/halic-fener-vapur-iskelesi-768x422.webp 768w, https:\/\/yolcu360.com\/blog\/wp-content\/uploads\/2022\/09\/halic-fener-vapur-iskelesi-370x203.webp 370w, https:\/\/yolcu360.com\/blog\/wp-content\/uploads\/2022\/09\/halic-fener-vapur-iskelesi-1080x594.webp 1080w, https:\/\/yolcu360.com\/blog\/wp-content\/uploads\/2022\/09\/halic-fener-vapur-iskelesi-865x476.webp 865w, https:\/\/yolcu360.com\/blog\/wp-content\/uploads\/2022\/09\/halic-fener-vapur-iskelesi-642x353.webp 642w, https:\/\/yolcu360.com\/blog\/wp-content\/uploads\/2022\/09\/halic-fener-vapur-iskelesi.webp 1091w\" sizes=\"(max-width: 1024px) 100vw, 1024px\" \/><\/figure>\n\n\n\n<p>Tarihi dokusuyla Hali\u00e7\u2019in en zarif iskelelerinden biri olan bu nokta, \u00f6zellikle denizden \u0130stanbul siluetini izlemek isteyenler i\u00e7in harika bir ba\u015flang\u0131\u00e7 noktas\u0131d\u0131r. Fener Balat \u0130stanbul hatt\u0131n\u0131n ula\u015f\u0131m kalbi olan iskele, ah\u015fap detaylar\u0131 ve \u00f6n\u00fcndeki mart\u0131 s\u00fcr\u00fcleriyle kartpostall\u0131k bir g\u00f6r\u00fcnt\u00fc sunuyor. Buradan vapurla Ey\u00fcpsultan veya Karak\u00f6y y\u00f6n\u00fcne do\u011fru bir yolculuk yapmak, Balat\u2019\u0131n renkli evlerini denizden g\u00f6rmenizi sa\u011flar.<\/p>\n\n\n\n<ul class=\"wp-block-list\">\n<li><a href=\"https:\/\/maps.app.goo.gl\/bbUwuK4aXmL8F1yg8\" target=\"_blank\" rel=\"noreferrer noopener\">Fener \u0130skelesi&#8217;ni haritada g\u00f6ster<\/a><\/li>\n<\/ul>\n\n\n\n<h2 class=\"wp-block-heading\"><span class=\"ez-toc-section\" id=\"34_Fanarion_Cafe\"><\/span>34. Fanarion Cafe<span class=\"ez-toc-section-end\"><\/span><\/h2>\n\n\n\n<figure class=\"wp-block-image size-large\"><img loading=\"lazy\" decoding=\"async\" width=\"1024\" height=\"546\" src=\"https:\/\/yolcu360.com\/blog\/wp-content\/uploads\/2022\/09\/fanarion-cafe-kebap-1024x546.webp\" alt=\"Fanarion Cafe\" class=\"wp-image-75056\" srcset=\"https:\/\/yolcu360.com\/blog\/wp-content\/uploads\/2022\/09\/fanarion-cafe-kebap-1024x546.webp 1024w, https:\/\/yolcu360.com\/blog\/wp-content\/uploads\/2022\/09\/fanarion-cafe-kebap-500x267.webp 500w, https:\/\/yolcu360.com\/blog\/wp-content\/uploads\/2022\/09\/fanarion-cafe-kebap-150x80.webp 150w, https:\/\/yolcu360.com\/blog\/wp-content\/uploads\/2022\/09\/fanarion-cafe-kebap-768x410.webp 768w, https:\/\/yolcu360.com\/blog\/wp-content\/uploads\/2022\/09\/fanarion-cafe-kebap-370x197.webp 370w, https:\/\/yolcu360.com\/blog\/wp-content\/uploads\/2022\/09\/fanarion-cafe-kebap-1080x576.webp 1080w, https:\/\/yolcu360.com\/blog\/wp-content\/uploads\/2022\/09\/fanarion-cafe-kebap-865x461.webp 865w, https:\/\/yolcu360.com\/blog\/wp-content\/uploads\/2022\/09\/fanarion-cafe-kebap-642x342.webp 642w, https:\/\/yolcu360.com\/blog\/wp-content\/uploads\/2022\/09\/fanarion-cafe-kebap.webp 1125w\" sizes=\"(max-width: 1024px) 100vw, 1024px\" \/><\/figure>\n\n\n\n<p>Fener Rum Patrikhanesi\u2019nin hemen yan\u0131 ba\u015f\u0131nda yer alan bu kafe, hem \u015f\u0131k dekorasyonu hem de y\u00fcksek kaliteli kahveleriyle b\u00f6lgenin en y\u00fcksek puanl\u0131 mekanlar\u0131ndan biridir. Balat&#8217;ta ne yap\u0131l\u0131r diyenler i\u00e7in bir mola dura\u011f\u0131 olan Fanarion, \u00f6zellikle ev yap\u0131m\u0131 tatl\u0131lar\u0131 ve sakinle\u015ftirici klasik m\u00fczik yay\u0131n\u0131yla ziyaret\u00e7ilerine zarif bir atmosfer sunuyor. Kafenin penceresinden ge\u00e7en insanlar\u0131 izlemek, semtin kozmopolit yap\u0131s\u0131n\u0131 g\u00f6zlemlemek i\u00e7in idealdir.<\/p>\n\n\n\n<ul class=\"wp-block-list\">\n<li><a href=\"https:\/\/maps.app.goo.gl\/Dk8n2hRx26irxRfk6\" target=\"_blank\" rel=\"noreferrer noopener\">Fanarion Cafe&#8217;yi haritada g\u00f6ster<\/a><\/li>\n<\/ul>\n\n\n\n<h2 class=\"wp-block-heading\"><span class=\"ez-toc-section\" id=\"35_Balat_Sahili\"><\/span>35. Balat Sahili<span class=\"ez-toc-section-end\"><\/span><\/h2>\n\n\n\n<figure class=\"wp-block-image size-large\"><img loading=\"lazy\" decoding=\"async\" width=\"1024\" height=\"587\" src=\"https:\/\/yolcu360.com\/blog\/wp-content\/uploads\/2022\/09\/balat-sahili-1024x587.webp\" alt=\"Balat Sahili\" class=\"wp-image-75057\" srcset=\"https:\/\/yolcu360.com\/blog\/wp-content\/uploads\/2022\/09\/balat-sahili-1024x587.webp 1024w, https:\/\/yolcu360.com\/blog\/wp-content\/uploads\/2022\/09\/balat-sahili-500x287.webp 500w, https:\/\/yolcu360.com\/blog\/wp-content\/uploads\/2022\/09\/balat-sahili-150x86.webp 150w, https:\/\/yolcu360.com\/blog\/wp-content\/uploads\/2022\/09\/balat-sahili-768x440.webp 768w, https:\/\/yolcu360.com\/blog\/wp-content\/uploads\/2022\/09\/balat-sahili-370x212.webp 370w, https:\/\/yolcu360.com\/blog\/wp-content\/uploads\/2022\/09\/balat-sahili-865x496.webp 865w, https:\/\/yolcu360.com\/blog\/wp-content\/uploads\/2022\/09\/balat-sahili-642x368.webp 642w, https:\/\/yolcu360.com\/blog\/wp-content\/uploads\/2022\/09\/balat-sahili.webp 1047w\" sizes=\"(max-width: 1024px) 100vw, 1024px\" \/><\/figure>\n\n\n\n<p>Hali\u00e7\u2019in k\u0131y\u0131s\u0131 boyunca uzanan bu geni\u015f ye\u015fil alan, Balat\u2019\u0131n dar ve kalabal\u0131k sokaklar\u0131ndan sonra nefes almak isteyenlerin bulu\u015fma noktas\u0131d\u0131r. Balat sahili boyunca yapaca\u011f\u0131n\u0131z bir y\u00fcr\u00fcy\u00fc\u015fte, Galata Kulesi\u2019nden S\u00fcleymaniye\u2019ye kadar uzanan muazzam bir panorama size e\u015flik eder. \u00d6zellikle g\u00fcn bat\u0131m\u0131nda denize yans\u0131yan alt\u0131n sar\u0131s\u0131 \u0131\u015f\u0131klar, sahil hatt\u0131n\u0131 foto\u011fraf\u00e7\u0131lar i\u00e7in vazge\u00e7ilmez bir do\u011fal plato haline getiriyor.<\/p>\n\n\n\n<ul class=\"wp-block-list\">\n<li><a href=\"https:\/\/maps.app.goo.gl\/GR3emk1e3k1hTHKq7\" target=\"_blank\" rel=\"noreferrer noopener\">Balat Sahili&#8217;ni haritada g\u00f6ster<\/a><\/li>\n<\/ul>\n\n\n<style>.kb-row-layout-id8319_bfc0e2-5a > .kt-row-column-wrap{align-content:start;}:where(.kb-row-layout-id8319_bfc0e2-5a > .kt-row-column-wrap) > .wp-block-kadence-column{justify-content:start;}.kb-row-layout-id8319_bfc0e2-5a > .kt-row-column-wrap{column-gap:var(--global-kb-gap-md, 2rem);row-gap:var(--global-kb-gap-md, 2rem);padding-top:var(--global-kb-spacing-md, 2rem);padding-bottom:var(--global-kb-spacing-sm, 1.5rem);grid-template-columns:minmax(0, calc(50% - ((var(--global-kb-gap-md, 2rem) * 1 )\/2)))minmax(0, calc(50% - ((var(--global-kb-gap-md, 2rem) * 1 )\/2)));}.kb-row-layout-id8319_bfc0e2-5a > .kt-row-layout-overlay{opacity:0.30;}@media all and (max-width: 1024px){.kb-row-layout-id8319_bfc0e2-5a > .kt-row-column-wrap{grid-template-columns:repeat(2, minmax(0, 1fr));}}@media all and (max-width: 767px){.kb-row-layout-id8319_bfc0e2-5a > .kt-row-column-wrap{grid-template-columns:minmax(0, 1fr);}}<\/style><div class=\"kb-row-layout-wrap kb-row-layout-id8319_bfc0e2-5a alignnone wp-block-kadence-rowlayout\"><div class=\"kt-row-column-wrap kt-has-2-columns kt-row-layout-equal kt-tab-layout-inherit kt-mobile-layout-row kt-row-valign-top\">\n<style>.kadence-column8319_369556-14 > .kt-inside-inner-col,.kadence-column8319_369556-14 > .kt-inside-inner-col:before{border-top-left-radius:0px;border-top-right-radius:0px;border-bottom-right-radius:0px;border-bottom-left-radius:0px;}.kadence-column8319_369556-14 > .kt-inside-inner-col{column-gap:var(--global-kb-gap-sm, 1rem);}.kadence-column8319_369556-14 > .kt-inside-inner-col{flex-direction:column;}.kadence-column8319_369556-14 > .kt-inside-inner-col > .aligncenter{width:100%;}.kadence-column8319_369556-14 > .kt-inside-inner-col:before{opacity:0.3;}.kadence-column8319_369556-14{position:relative;}@media all and (max-width: 1024px){.kadence-column8319_369556-14 > .kt-inside-inner-col{flex-direction:column;justify-content:center;}}@media all and (max-width: 767px){.kadence-column8319_369556-14 > .kt-inside-inner-col{flex-direction:column;justify-content:center;}}<\/style>\n<div class=\"wp-block-kadence-column kadence-column8319_369556-14\"><div class=\"kt-inside-inner-col\"><style>.kt-accordion-id8319_3cd6dd-84 .kt-accordion-inner-wrap{column-gap:var(--global-kb-gap-md, 2rem);row-gap:0px;}.kt-accordion-id8319_3cd6dd-84 .kt-accordion-panel-inner{border-top:0px solid transparent;border-right:0px solid transparent;border-bottom:0px solid transparent;border-left:0px solid transparent;padding-top:var(--global-kb-spacing-sm, 1.5rem);padding-right:var(--global-kb-spacing-sm, 1.5rem);padding-bottom:var(--global-kb-spacing-sm, 1.5rem);padding-left:var(--global-kb-spacing-sm, 1.5rem);}.kt-accordion-id8319_3cd6dd-84 > .kt-accordion-inner-wrap > .wp-block-kadence-pane > .kt-accordion-header-wrap > .kt-blocks-accordion-header{border-top:1px solid #f2f2f2;border-right:1px solid #f2f2f2;border-bottom:1px solid #f2f2f2;border-left:1px solid #f2f2f2;border-top-left-radius:0px;border-top-right-radius:0px;border-bottom-right-radius:0px;border-bottom-left-radius:0px;background:#f2f2f2;color:#555555;padding-top:9px;padding-right:13px;padding-bottom:9px;padding-left:13px;}.kt-accordion-id8319_3cd6dd-84:not( .kt-accodion-icon-style-basiccircle ):not( .kt-accodion-icon-style-xclosecircle ):not( .kt-accodion-icon-style-arrowcircle )  > .kt-accordion-inner-wrap > .wp-block-kadence-pane > .kt-accordion-header-wrap .kt-blocks-accordion-icon-trigger:after, .kt-accordion-id8319_3cd6dd-84:not( .kt-accodion-icon-style-basiccircle ):not( .kt-accodion-icon-style-xclosecircle ):not( .kt-accodion-icon-style-arrowcircle )  > .kt-accordion-inner-wrap > .wp-block-kadence-pane > .kt-accordion-header-wrap .kt-blocks-accordion-icon-trigger:before{background:#555555;}.kt-accordion-id8319_3cd6dd-84:not( .kt-accodion-icon-style-basic ):not( .kt-accodion-icon-style-xclose ):not( .kt-accodion-icon-style-arrow ) .kt-blocks-accordion-icon-trigger{background:#555555;}.kt-accordion-id8319_3cd6dd-84:not( .kt-accodion-icon-style-basic ):not( .kt-accodion-icon-style-xclose ):not( .kt-accodion-icon-style-arrow ) .kt-blocks-accordion-icon-trigger:after, .kt-accordion-id8319_3cd6dd-84:not( .kt-accodion-icon-style-basic ):not( .kt-accodion-icon-style-xclose ):not( .kt-accodion-icon-style-arrow ) .kt-blocks-accordion-icon-trigger:before{background:#f2f2f2;}.kt-accordion-id8319_3cd6dd-84 > .kt-accordion-inner-wrap > .wp-block-kadence-pane > .kt-accordion-header-wrap > .kt-blocks-accordion-header:hover, \n\t\t\t\tbody:not(.hide-focus-outline) .kt-accordion-id8319_3cd6dd-84 .kt-blocks-accordion-header:focus-visible{color:#444444;background:#eeeeee;border-top:1px solid #878787;border-right:1px solid #878787;border-bottom:1px solid #878787;border-left:1px solid #878787;}.kt-accordion-id8319_3cd6dd-84:not( .kt-accodion-icon-style-basiccircle ):not( .kt-accodion-icon-style-xclosecircle ):not( .kt-accodion-icon-style-arrowcircle ) .kt-accordion-header-wrap .kt-blocks-accordion-header:hover .kt-blocks-accordion-icon-trigger:after, .kt-accordion-id8319_3cd6dd-84:not( .kt-accodion-icon-style-basiccircle ):not( .kt-accodion-icon-style-xclosecircle ):not( .kt-accodion-icon-style-arrowcircle ) .kt-accordion-header-wrap .kt-blocks-accordion-header:hover .kt-blocks-accordion-icon-trigger:before, body:not(.hide-focus-outline) .kt-accordion-id8319_3cd6dd-84:not( .kt-accodion-icon-style-basiccircle ):not( .kt-accodion-icon-style-xclosecircle ):not( .kt-accodion-icon-style-arrowcircle ) .kt-blocks-accordion--visible .kt-blocks-accordion-icon-trigger:after, body:not(.hide-focus-outline) .kt-accordion-id8319_3cd6dd-84:not( .kt-accodion-icon-style-basiccircle ):not( .kt-accodion-icon-style-xclosecircle ):not( .kt-accodion-icon-style-arrowcircle ) .kt-blocks-accordion-header:focus-visible .kt-blocks-accordion-icon-trigger:before{background:#444444;}.kt-accordion-id8319_3cd6dd-84:not( .kt-accodion-icon-style-basic ):not( .kt-accodion-icon-style-xclose ):not( .kt-accodion-icon-style-arrow ) .kt-accordion-header-wrap .kt-blocks-accordion-header:hover .kt-blocks-accordion-icon-trigger, body:not(.hide-focus-outline) .kt-accordion-id8319_3cd6dd-84:not( .kt-accodion-icon-style-basic ):not( .kt-accodion-icon-style-xclose ):not( .kt-accodion-icon-style-arrow ) .kt-accordion-header-wrap .kt-blocks-accordion-header:focus-visible .kt-blocks-accordion-icon-trigger{background:#444444;}.kt-accordion-id8319_3cd6dd-84:not( .kt-accodion-icon-style-basic ):not( .kt-accodion-icon-style-xclose ):not( .kt-accodion-icon-style-arrow ) .kt-accordion-header-wrap .kt-blocks-accordion-header:hover .kt-blocks-accordion-icon-trigger:after, .kt-accordion-id8319_3cd6dd-84:not( .kt-accodion-icon-style-basic ):not( .kt-accodion-icon-style-xclose ):not( .kt-accodion-icon-style-arrow ) .kt-accordion-header-wrap .kt-blocks-accordion-header:hover .kt-blocks-accordion-icon-trigger:before, body:not(.hide-focus-outline) .kt-accordion-id8319_3cd6dd-84:not( .kt-accodion-icon-style-basic ):not( .kt-accodion-icon-style-xclose ):not( .kt-accodion-icon-style-arrow ) .kt-accordion-header-wrap .kt-blocks-accordion-header:focus-visible .kt-blocks-accordion-icon-trigger:after, body:not(.hide-focus-outline) .kt-accordion-id8319_3cd6dd-84:not( .kt-accodion-icon-style-basic ):not( .kt-accodion-icon-style-xclose ):not( .kt-accodion-icon-style-arrow ) .kt-accordion-header-wrap .kt-blocks-accordion-header:focus-visible .kt-blocks-accordion-icon-trigger:before{background:#eeeeee;}.kt-accordion-id8319_3cd6dd-84 .kt-accordion-header-wrap .kt-blocks-accordion-header:focus-visible,\n\t\t\t\t.kt-accordion-id8319_3cd6dd-84 > .kt-accordion-inner-wrap > .wp-block-kadence-pane > .kt-accordion-header-wrap > .kt-blocks-accordion-header.kt-accordion-panel-active{color:#ffffff;background:#444444;border-top:1px solid #444444;border-right:1px solid #444444;border-bottom:1px solid #444444;border-left:1px solid #444444;}.kt-accordion-id8319_3cd6dd-84:not( .kt-accodion-icon-style-basiccircle ):not( .kt-accodion-icon-style-xclosecircle ):not( .kt-accodion-icon-style-arrowcircle )  > .kt-accordion-inner-wrap > .wp-block-kadence-pane > .kt-accordion-header-wrap > .kt-blocks-accordion-header.kt-accordion-panel-active .kt-blocks-accordion-icon-trigger:after, .kt-accordion-id8319_3cd6dd-84:not( .kt-accodion-icon-style-basiccircle ):not( .kt-accodion-icon-style-xclosecircle ):not( .kt-accodion-icon-style-arrowcircle )  > .kt-accordion-inner-wrap > .wp-block-kadence-pane > .kt-accordion-header-wrap > .kt-blocks-accordion-header.kt-accordion-panel-active .kt-blocks-accordion-icon-trigger:before{background:#ffffff;}.kt-accordion-id8319_3cd6dd-84:not( .kt-accodion-icon-style-basic ):not( .kt-accodion-icon-style-xclose ):not( .kt-accodion-icon-style-arrow ) .kt-blocks-accordion-header.kt-accordion-panel-active .kt-blocks-accordion-icon-trigger{background:#ffffff;}.kt-accordion-id8319_3cd6dd-84:not( .kt-accodion-icon-style-basic ):not( .kt-accodion-icon-style-xclose ):not( .kt-accodion-icon-style-arrow ) .kt-blocks-accordion-header.kt-accordion-panel-active .kt-blocks-accordion-icon-trigger:after, .kt-accordion-id8319_3cd6dd-84:not( .kt-accodion-icon-style-basic ):not( .kt-accodion-icon-style-xclose ):not( .kt-accodion-icon-style-arrow ) .kt-blocks-accordion-header.kt-accordion-panel-active .kt-blocks-accordion-icon-trigger:before{background:#444444;}@media all and (max-width: 1024px){.kt-accordion-id8319_3cd6dd-84 .kt-accordion-panel-inner{border-top:0px solid transparent;border-right:0px solid transparent;border-bottom:0px solid transparent;border-left:0px solid transparent;}}@media all and (max-width: 1024px){.kt-accordion-id8319_3cd6dd-84 > .kt-accordion-inner-wrap > .wp-block-kadence-pane > .kt-accordion-header-wrap > .kt-blocks-accordion-header{border-top:1px solid #f2f2f2;border-right:1px solid #f2f2f2;border-bottom:1px solid #f2f2f2;border-left:1px solid #f2f2f2;}}@media all and (max-width: 1024px){.kt-accordion-id8319_3cd6dd-84 > .kt-accordion-inner-wrap > .wp-block-kadence-pane > .kt-accordion-header-wrap > .kt-blocks-accordion-header:hover, \n\t\t\t\tbody:not(.hide-focus-outline) .kt-accordion-id8319_3cd6dd-84 .kt-blocks-accordion-header:focus-visible{border-top:1px solid #878787;border-right:1px solid #878787;border-bottom:1px solid #878787;border-left:1px solid #878787;}}@media all and (max-width: 1024px){.kt-accordion-id8319_3cd6dd-84 .kt-accordion-header-wrap .kt-blocks-accordion-header:focus-visible,\n\t\t\t\t.kt-accordion-id8319_3cd6dd-84 > .kt-accordion-inner-wrap > .wp-block-kadence-pane > .kt-accordion-header-wrap > .kt-blocks-accordion-header.kt-accordion-panel-active{border-top:1px solid #444444;border-right:1px solid #444444;border-bottom:1px solid #444444;border-left:1px solid #444444;}}@media all and (max-width: 767px){.kt-accordion-id8319_3cd6dd-84 .kt-accordion-inner-wrap{display:block;}.kt-accordion-id8319_3cd6dd-84 .kt-accordion-inner-wrap .kt-accordion-pane:not(:first-child){margin-top:0px;}.kt-accordion-id8319_3cd6dd-84 .kt-accordion-panel-inner{border-top:0px solid transparent;border-right:0px solid transparent;border-bottom:0px solid transparent;border-left:0px solid transparent;}.kt-accordion-id8319_3cd6dd-84 > .kt-accordion-inner-wrap > .wp-block-kadence-pane > .kt-accordion-header-wrap > .kt-blocks-accordion-header{border-top:1px solid #f2f2f2;border-right:1px solid #f2f2f2;border-bottom:1px solid #f2f2f2;border-left:1px solid #f2f2f2;}.kt-accordion-id8319_3cd6dd-84 > .kt-accordion-inner-wrap > .wp-block-kadence-pane > .kt-accordion-header-wrap > .kt-blocks-accordion-header:hover, \n\t\t\t\tbody:not(.hide-focus-outline) .kt-accordion-id8319_3cd6dd-84 .kt-blocks-accordion-header:focus-visible{border-top:1px solid #878787;border-right:1px solid #878787;border-bottom:1px solid #878787;border-left:1px solid #878787;}.kt-accordion-id8319_3cd6dd-84 .kt-accordion-header-wrap .kt-blocks-accordion-header:focus-visible,\n\t\t\t\t.kt-accordion-id8319_3cd6dd-84 > .kt-accordion-inner-wrap > .wp-block-kadence-pane > .kt-accordion-header-wrap > .kt-blocks-accordion-header.kt-accordion-panel-active{border-top:1px solid #444444;border-right:1px solid #444444;border-bottom:1px solid #444444;border-left:1px solid #444444;}}<\/style>\n<div class=\"wp-block-kadence-accordion alignnone\"><div class=\"kt-accordion-wrap kt-accordion-id8319_3cd6dd-84 kt-accordion-has-2-panes kt-active-pane-0 kt-accordion-block kt-pane-header-alignment-left kt-accodion-icon-style-arrow kt-accodion-icon-side-right\" style=\"max-width:none\"><div class=\"kt-accordion-inner-wrap\" data-allow-multiple-open=\"false\" data-start-open=\"none\">\n<div class=\"wp-block-kadence-pane kt-accordion-pane kt-accordion-pane-1 kt-pane8319_880f44-09\"><h2 class=\"kt-accordion-header-wrap\"><span class=\"ez-toc-section\" id=\"Balatta_Neler_Yapilir\"><\/span><button class=\"kt-blocks-accordion-header kt-acccordion-button-label-show\" type=\"button\"><span class=\"kt-blocks-accordion-title-wrap\"><span class=\"kt-blocks-accordion-title\">Balat&#8217;ta Neler Yap\u0131l\u0131r?<\/span><\/span><span class=\"kt-blocks-accordion-icon-trigger\"><\/span><\/button><span class=\"ez-toc-section-end\"><\/span><\/h2><div class=\"kt-accordion-panel kt-accordion-panel-hidden\"><div class=\"kt-accordion-panel-inner\">\n<ul class=\"wp-block-list\">\n<li><strong>Renkli Sokaklarda Foto\u011fraf Turuna \u00c7\u0131k\u0131n:<\/strong> Merdivenli Yoku\u015fu ve Kiremit Caddesi gibi noktalar\u0131n pastel boyal\u0131 evleri aras\u0131nda y\u00fcr\u00fcyerek, \u0130stanbul\u2019un en ikonik karelerini yakalay\u0131n.<\/li>\n\n\n\n<li><strong>Antika Mezatlar\u0131n\u0131n Heyecan\u0131na Ortak Olun:<\/strong> \u00c7\u0131f\u0131t \u00c7ar\u015f\u0131s\u0131 \u00e7evresindeki d\u00fckkanlarda ak\u015fam\u00fcst\u00fc ba\u015flayan mezatlara kat\u0131larak, Balat \u00e7ar\u015f\u0131 ruhunu ve ge\u00e7mi\u015ften gelen objelerin a\u00e7\u0131k art\u0131rma heyecan\u0131n\u0131 yerinde deneyimleyin.<\/li>\n\n\n\n<li><strong>Hali\u00e7\u2019in K\u0131y\u0131s\u0131nda Tarihi Bir Vapur Yolculu\u011fu Yap\u0131n:<\/strong> Fener veya Balat iskelesinden vapura binip, Demir Kilise ve K\u0131rm\u0131z\u0131 Mektep\u2019in heybetli siluetini denizden izleyerek Balat sahil hatt\u0131n\u0131n keyfini \u00e7\u0131kar\u0131n.<\/li>\n\n\n\n<li><strong>Sanat Galerisine D\u00f6n\u00fc\u015fen Tarihi Yap\u0131lar\u0131 Ke\u015ffedin:<\/strong> \u0130BB Miras taraf\u0131ndan restore edilen Fener Evleri ve K\u00fc\u00e7\u00fck Mustafa Pa\u015fa Hamam\u0131 gibi mekanlarda, Fener Balat dokusunun modern sanatla nas\u0131l harmanland\u0131\u011f\u0131na tan\u0131kl\u0131k edin.<\/li>\n\n\n\n<li><strong>Tarihi F\u0131r\u0131n ve Tur\u015fucularda Gurme Bir Mola Verin: T<\/strong>a\u015f f\u0131r\u0131ndan yeni \u00e7\u0131km\u0131\u015f s\u0131cak bir galeta ald\u0131ktan sonra me\u015fhur Balat Tur\u015fucusu\u2019nda ac\u0131l\u0131 bir tur\u015fu suyu i\u00e7erek, Balat&#8217;ta ne yap\u0131l\u0131r sorusuna en lezzetli yan\u0131t\u0131 bulun.<\/li>\n\n\n\n<li><strong>Teras Kafelerde Hali\u00e7 Manzaras\u0131na Kar\u015f\u0131 Dinlenin:<\/strong> Molla Vadisi gibi dik yoku\u015flar\u0131n tepesinde yer alan mekanlara \u00e7\u0131karak, tarihi yar\u0131madan\u0131n ve Hali\u00e7\u2019in sundu\u011fu o muazzam panoramik manzaray\u0131 kahveniz e\u015fli\u011finde izleyin.<\/li>\n<\/ul>\n<\/div><\/div><\/div>\n<\/div><\/div><\/div>\n<\/div><\/div>\n\n\n<style>.kadence-column8319_9ebcdb-9b > .kt-inside-inner-col,.kadence-column8319_9ebcdb-9b > .kt-inside-inner-col:before{border-top-left-radius:0px;border-top-right-radius:0px;border-bottom-right-radius:0px;border-bottom-left-radius:0px;}.kadence-column8319_9ebcdb-9b > .kt-inside-inner-col{column-gap:var(--global-kb-gap-sm, 1rem);}.kadence-column8319_9ebcdb-9b > .kt-inside-inner-col{flex-direction:column;}.kadence-column8319_9ebcdb-9b > .kt-inside-inner-col > .aligncenter{width:100%;}.kadence-column8319_9ebcdb-9b > .kt-inside-inner-col:before{opacity:0.3;}.kadence-column8319_9ebcdb-9b{position:relative;}@media all and (max-width: 1024px){.kadence-column8319_9ebcdb-9b > .kt-inside-inner-col{flex-direction:column;justify-content:center;}}@media all and (max-width: 767px){.kadence-column8319_9ebcdb-9b > .kt-inside-inner-col{flex-direction:column;justify-content:center;}}<\/style>\n<div class=\"wp-block-kadence-column kadence-column8319_9ebcdb-9b\"><div class=\"kt-inside-inner-col\"><style>.kt-accordion-id8319_d77c1d-5e .kt-accordion-inner-wrap{column-gap:var(--global-kb-gap-md, 2rem);row-gap:8px;}.kt-accordion-id8319_d77c1d-5e .kt-accordion-panel-inner{padding-top:var(--global-kb-spacing-sm, 1.5rem);padding-right:var(--global-kb-spacing-sm, 1.5rem);padding-bottom:var(--global-kb-spacing-sm, 1.5rem);padding-left:var(--global-kb-spacing-sm, 1.5rem);}.kt-accordion-id8319_d77c1d-5e > .kt-accordion-inner-wrap > .wp-block-kadence-pane > .kt-accordion-header-wrap > .kt-blocks-accordion-header{padding-top:var(--global-kb-spacing-xxs, 0.5rem);padding-right:var(--global-kb-spacing-xs, 1rem);padding-bottom:var(--global-kb-spacing-xxs, 0.5rem);padding-left:var(--global-kb-spacing-xs, 1rem);}@media all and (max-width: 767px){.kt-accordion-id8319_d77c1d-5e .kt-accordion-inner-wrap{display:block;}.kt-accordion-id8319_d77c1d-5e .kt-accordion-inner-wrap .kt-accordion-pane:not(:first-child){margin-top:8px;}}<\/style>\n<div class=\"wp-block-kadence-accordion alignnone\"><div class=\"kt-accordion-wrap kt-accordion-id8319_d77c1d-5e kt-accordion-has-2-panes kt-active-pane-0 kt-accordion-block kt-pane-header-alignment-left kt-accodion-icon-style-arrow kt-accodion-icon-side-right\" style=\"max-width:none\"><div class=\"kt-accordion-inner-wrap\" data-allow-multiple-open=\"false\" data-start-open=\"none\">\n<div class=\"wp-block-kadence-pane kt-accordion-pane kt-accordion-pane-2 kt-pane8319_7fd345-7d\"><h2 class=\"kt-accordion-header-wrap\"><span class=\"ez-toc-section\" id=\"Balatta_Foto_Cekmelik_Yerler\"><\/span><button class=\"kt-blocks-accordion-header kt-acccordion-button-label-show\" type=\"button\"><span class=\"kt-blocks-accordion-title-wrap\"><span class=\"kt-blocks-accordion-title\">Balat&#8217;ta Foto \u00c7ekmelik Yerler<\/span><\/span><span class=\"kt-blocks-accordion-icon-trigger\"><\/span><\/button><span class=\"ez-toc-section-end\"><\/span><\/h2><div class=\"kt-accordion-panel kt-accordion-panel-hidden\"><div class=\"kt-accordion-panel-inner\">\n<ul class=\"wp-block-list\">\n<li><strong>Merdivenli Yoku\u015f:<\/strong> Pastel boyal\u0131, tarihi cumbal\u0131 evlerin olu\u015fturdu\u011fu o me\u015fhur dikey perspektif.<\/li>\n\n\n\n<li><strong>Kiremit Caddesi:<\/strong> Sosyal medyan\u0131n vazge\u00e7ilmezi olan yan yana dizili rengarenk d\u0131\u015f cepheler.<\/li>\n\n\n\n<li><strong>K\u0131rm\u0131z\u0131 Mektep:<\/strong> Sancaktar Yoku\u015fu&#8217;ndan bak\u0131ld\u0131\u011f\u0131nda g\u00f6ky\u00fcz\u00fcn\u00fc kaplayan o heybetli k\u0131z\u0131l siluet.<\/li>\n\n\n\n<li><strong>Demir Kilise:<\/strong> Sahil hatt\u0131ndan, alt\u0131n kubbelerin Hali\u00e7 sular\u0131yla bulu\u015ftu\u011fu o \u0131\u015f\u0131lt\u0131l\u0131 kare.<\/li>\n\n\n\n<li><strong>Antikac\u0131 Sokaklar\u0131:<\/strong> Vodina Caddesi \u00fczerindeki nostaljik objeler ve d\u00fckkan \u00f6n\u00fc detaylar\u0131.<\/li>\n\n\n\n<li><strong>Molla A\u015fk\u0131 Tepesi:<\/strong> T\u00fcm Balat ve Hali\u00e7&#8217;i tek bir panoramada bulu\u015fturan en y\u00fcksek kadraj.<\/li>\n<\/ul>\n<\/div><\/div><\/div>\n<\/div><\/div><\/div>\n<\/div><\/div>\n\n<\/div><\/div>\n\n\n<h2 class=\"wp-block-heading\"><span class=\"ez-toc-section\" id=\"Balat_Gezilecek_Yerlere_Hizli_Bakis\"><\/span>Balat Gezilecek Yerlere H\u0131zl\u0131 Bak\u0131\u015f<span class=\"ez-toc-section-end\"><\/span><\/h2>\n\n\n\n<figure class=\"wp-block-table\"><table class=\"has-fixed-layout\"><thead><tr><th class=\"has-text-align-center\" data-align=\"center\">Gezilecek yer<\/th><th class=\"has-text-align-center\" data-align=\"center\">\u00d6ne \u00e7\u0131kan<\/th><th class=\"has-text-align-center\" data-align=\"center\">Google puan\u0131<\/th><\/tr><\/thead><tbody><tr><td class=\"has-text-align-center\" data-align=\"center\"><strong>Sveti Stefan Bulgar Kilisesi <\/strong><\/td><td class=\"has-text-align-center\" data-align=\"center\">Tarihi<\/td><td class=\"has-text-align-center\" data-align=\"center\">4.8 \u2b50<\/td><\/tr><tr><td class=\"has-text-align-center\" data-align=\"center\"><strong>Fener Rum Patrikhanesi<\/strong><\/td><td class=\"has-text-align-center\" data-align=\"center\">Tarihi<\/td><td class=\"has-text-align-center\" data-align=\"center\">4.7 \u2b50<\/td><\/tr><tr><td class=\"has-text-align-center\" data-align=\"center\"><strong>Fener Rum Lisesi<\/strong><\/td><td class=\"has-text-align-center\" data-align=\"center\">Foto \u00c7ekmelik<\/td><td class=\"has-text-align-center\" data-align=\"center\">&#8211;<\/td><\/tr><tr><td class=\"has-text-align-center\" data-align=\"center\"><strong>Merdivenli Yoku\u015fu Evleri<\/strong><\/td><td class=\"has-text-align-center\" data-align=\"center\">Foto \u00c7ekmelik<\/td><td class=\"has-text-align-center\" data-align=\"center\">4.4 \u2b50<\/td><\/tr><tr><td class=\"has-text-align-center\" data-align=\"center\"><strong>Kiremit Caddesi<\/strong><\/td><td class=\"has-text-align-center\" data-align=\"center\">Foto \u00c7ekmelik<\/td><td class=\"has-text-align-center\" data-align=\"center\">&#8211;<\/td><\/tr><tr><td class=\"has-text-align-center\" data-align=\"center\"><strong>Balat \u00c7\u0131f\u0131t \u00c7ar\u015f\u0131s\u0131<\/strong><\/td><td class=\"has-text-align-center\" data-align=\"center\">Al\u0131\u015fveri\u015f<\/td><td class=\"has-text-align-center\" data-align=\"center\">4.4 \u2b50<\/td><\/tr><tr><td class=\"has-text-align-center\" data-align=\"center\"><strong>Agora Meyhanesi 1890<\/strong><\/td><td class=\"has-text-align-center\" data-align=\"center\">Yeme \u0130\u00e7me<\/td><td class=\"has-text-align-center\" data-align=\"center\">4.4 \u2b50<\/td><\/tr><tr><td class=\"has-text-align-center\" data-align=\"center\"><strong>Meryem Ana Rum Ortodoks Kilisesi<\/strong><\/td><td class=\"has-text-align-center\" data-align=\"center\">Tarihi<\/td><td class=\"has-text-align-center\" data-align=\"center\">4.4 \u2b50<\/td><\/tr><tr><td class=\"has-text-align-center\" data-align=\"center\"><strong>Kadir Has \u00dcniversitesi<\/strong><\/td><td class=\"has-text-align-center\" data-align=\"center\">K\u00fclt\u00fcr<\/td><td class=\"has-text-align-center\" data-align=\"center\">4.2 \u2b50<\/td><\/tr><tr><td class=\"has-text-align-center\" data-align=\"center\"><strong>Balat Tur\u015fucusu<\/strong><\/td><td class=\"has-text-align-center\" data-align=\"center\">Yeme \u0130\u00e7me<\/td><td class=\"has-text-align-center\" data-align=\"center\">4.6 \u2b50<\/td><\/tr><tr><td class=\"has-text-align-center\" data-align=\"center\"><strong>Tarihi Ta\u015f F\u0131r\u0131n Evin Unlu Mamulleri<\/strong><\/td><td class=\"has-text-align-center\" data-align=\"center\">Yeme \u0130\u00e7me<\/td><td class=\"has-text-align-center\" data-align=\"center\">4.4 \u2b50<\/td><\/tr><tr><td class=\"has-text-align-center\" data-align=\"center\"><strong>Molla Vadisi Restaurant<\/strong><\/td><td class=\"has-text-align-center\" data-align=\"center\">Yeme \u0130\u00e7me<\/td><td class=\"has-text-align-center\" data-align=\"center\">3.9 \u2b50<\/td><\/tr><tr><td class=\"has-text-align-center\" data-align=\"center\"><strong>Hali\u00e7 Sanat (Fener Evleri)<\/strong><\/td><td class=\"has-text-align-center\" data-align=\"center\">K\u00fclt\u00fcr<\/td><td class=\"has-text-align-center\" data-align=\"center\">4.4 \u2b50<\/td><\/tr><tr><td class=\"has-text-align-center\" data-align=\"center\"><strong>Ahrida Sinagogu<\/strong><\/td><td class=\"has-text-align-center\" data-align=\"center\">Tarihi<\/td><td class=\"has-text-align-center\" data-align=\"center\">3.5 \u2b50<\/td><\/tr><tr><td class=\"has-text-align-center\" data-align=\"center\"><strong>Kad\u0131n Eserleri K\u00fct\u00fcphanesi<\/strong><\/td><td class=\"has-text-align-center\" data-align=\"center\">K\u00fclt\u00fcr<\/td><td class=\"has-text-align-center\" data-align=\"center\">4.2 \u2b50<\/td><\/tr><tr><td class=\"has-text-align-center\" data-align=\"center\"><strong>Balat K\u00fclt\u00fcr Evi<\/strong><\/td><td class=\"has-text-align-center\" data-align=\"center\">K\u00fclt\u00fcr<\/td><td class=\"has-text-align-center\" data-align=\"center\">4.5 \u2b50<\/td><\/tr><tr><td class=\"has-text-align-center\" data-align=\"center\"><strong>Balat Surp Hire\u015fdagabet Ermeni Kilisesi<\/strong><\/td><td class=\"has-text-align-center\" data-align=\"center\">Tarihi<\/td><td class=\"has-text-align-center\" data-align=\"center\">4.5 \u2b50<\/td><\/tr><tr><td class=\"has-text-align-center\" data-align=\"center\"><strong>G\u00fcl Camii (Eski Azize Teodosia Kilisesi)<\/strong><\/td><td class=\"has-text-align-center\" data-align=\"center\">Tarihi<\/td><td class=\"has-text-align-center\" data-align=\"center\">4.5 \u2b50<\/td><\/tr><tr><td class=\"has-text-align-center\" data-align=\"center\"><strong>K\u00fc\u00e7\u00fck Mustafa Pa\u015fa Hamam\u0131<\/strong><\/td><td class=\"has-text-align-center\" data-align=\"center\">Tarihi<\/td><td class=\"has-text-align-center\" data-align=\"center\">4.6 \u2b50<\/td><\/tr><tr><td class=\"has-text-align-center\" data-align=\"center\"><strong>Cibali Kap\u0131s\u0131<\/strong><\/td><td class=\"has-text-align-center\" data-align=\"center\">Tarihi<\/td><td class=\"has-text-align-center\" data-align=\"center\">4.8 \u2b50<\/td><\/tr><tr><td class=\"has-text-align-center\" data-align=\"center\"><strong>Renkli Merdivenler<\/strong><\/td><td class=\"has-text-align-center\" data-align=\"center\">Foto \u00c7ekmelik<\/td><td class=\"has-text-align-center\" data-align=\"center\">4 \u2b50<\/td><\/tr><tr><td class=\"has-text-align-center\" data-align=\"center\"><strong>Ballad Restaurant<\/strong><\/td><td class=\"has-text-align-center\" data-align=\"center\">Yeme \u0130\u00e7me<\/td><td class=\"has-text-align-center\" data-align=\"center\">4.4 \u2b50<\/td><\/tr><tr><td class=\"has-text-align-center\" data-align=\"center\"><strong>Dimitrie Cantemir M\u00fcze Cafe<\/strong><\/td><td class=\"has-text-align-center\" data-align=\"center\">Yeme \u0130\u00e7me<\/td><td class=\"has-text-align-center\" data-align=\"center\">3.6 \u2b50<\/td><\/tr><tr><td class=\"has-text-align-center\" data-align=\"center\"><strong>Yanbol Sinagogu<\/strong><\/td><td class=\"has-text-align-center\" data-align=\"center\">Tarihi<\/td><td class=\"has-text-align-center\" data-align=\"center\">3.9 \u2b50<\/td><\/tr><tr><td class=\"has-text-align-center\" data-align=\"center\"><strong>\u00d6zel Mara\u015fl\u0131 Rum \u0130lkokulu<\/strong><\/td><td class=\"has-text-align-center\" data-align=\"center\">Foto \u00c7ekmelik<\/td><td class=\"has-text-align-center\" data-align=\"center\">4.5 \u2b50<\/td><\/tr><tr><td class=\"has-text-align-center\" data-align=\"center\"><strong>Baraka Balat Cafe<\/strong><\/td><td class=\"has-text-align-center\" data-align=\"center\">Yeme \u0130\u00e7me<\/td><td class=\"has-text-align-center\" data-align=\"center\">4.8 \u2b50<\/td><\/tr><tr><td class=\"has-text-align-center\" data-align=\"center\"><strong>Ferruh Keth\u00fcda Camii<\/strong><\/td><td class=\"has-text-align-center\" data-align=\"center\">Tarihi<\/td><td class=\"has-text-align-center\" data-align=\"center\">4.7 \u2b50<\/td><\/tr><tr><td class=\"has-text-align-center\" data-align=\"center\"><strong>Hz. Cabir Camii<\/strong><\/td><td class=\"has-text-align-center\" data-align=\"center\">Tarihi<\/td><td class=\"has-text-align-center\" data-align=\"center\">4.8 \u2b50<\/td><\/tr><tr><td class=\"has-text-align-center\" data-align=\"center\"><strong>Tahta Minare Camii<\/strong><\/td><td class=\"has-text-align-center\" data-align=\"center\">Tarihi<\/td><td class=\"has-text-align-center\" data-align=\"center\">4.6 \u2b50<\/td><\/tr><tr><td class=\"has-text-align-center\" data-align=\"center\"><strong>Ayakap\u0131 Hamam\u0131<\/strong><\/td><td class=\"has-text-align-center\" data-align=\"center\">Tarihi<\/td><td class=\"has-text-align-center\" data-align=\"center\">3.5 \u2b50<\/td><\/tr><tr><td class=\"has-text-align-center\" data-align=\"center\"><strong>Metroloji Kilisesi<\/strong><\/td><td class=\"has-text-align-center\" data-align=\"center\">Tarihi<\/td><td class=\"has-text-align-center\" data-align=\"center\">3.8 \u2b50<\/td><\/tr><tr><td class=\"has-text-align-center\" data-align=\"center\"><strong>Balat Antikac\u0131lar\u0131<\/strong><\/td><td class=\"has-text-align-center\" data-align=\"center\">Al\u0131\u015fveri\u015f<\/td><td class=\"has-text-align-center\" data-align=\"center\">&#8211;<\/td><\/tr><tr><td class=\"has-text-align-center\" data-align=\"center\"><strong>Hali\u00e7 Fener Vapur \u0130skelesi<\/strong><\/td><td class=\"has-text-align-center\" data-align=\"center\">Foto \u00c7ekmelik<\/td><td class=\"has-text-align-center\" data-align=\"center\">4.6 \u2b50<\/td><\/tr><tr><td class=\"has-text-align-center\" data-align=\"center\"><strong>Fanarion Cafe<\/strong><\/td><td class=\"has-text-align-center\" data-align=\"center\">Yeme \u0130\u00e7me<\/td><td class=\"has-text-align-center\" data-align=\"center\">4.9 \u2b50<\/td><\/tr><tr><td class=\"has-text-align-center\" data-align=\"center\"><strong>Balat Sahili<\/strong><\/td><td class=\"has-text-align-center\" data-align=\"center\">Foto \u00c7ekmelik<\/td><td class=\"has-text-align-center\" data-align=\"center\">4.5 \u2b50<\/td><\/tr><\/tbody><\/table><\/figure>\n\n\n\n<p><a href=\"https:\/\/yolcu360.com\/blog\/istanbul-gezilecek-yerler\/\" target=\"_blank\" rel=\"noreferrer noopener\">\u0130stanbul&#8217;da gezilecek yerleri merak ediyorsan\u0131z bu yaz\u0131m\u0131za g\u00f6z at\u0131n.<\/a><\/p>\n\n\n\n<blockquote class=\"wp-block-quote is-layout-flow wp-block-quote-is-layout-flow\">\n<h2 class=\"wp-block-heading\"><span class=\"ez-toc-section\" id=\"Ekonomik_bir_Eminonu_gezisi_icin_Yolcu360_mobil_uygulamasini_indirin\"><\/span>Ekonomik bir Emin\u00f6n\u00fc gezisi i\u00e7in Yolcu360 mobil uygulamas\u0131n\u0131 indirin:<span class=\"ez-toc-section-end\"><\/span><\/h2>\n<\/blockquote>\n\n\n\n<div class=\"wp-block-group is-vertical is-layout-flex wp-container-core-group-is-layout-8cf370e7 wp-block-group-is-layout-flex\">\n<figure class=\"wp-block-image size-full is-resized\"><a href=\"https:\/\/apps.apple.com\/tr\/app\/yolcu360-car-rental\/id1331933613\" target=\"_blank\" rel=\" noreferrer noopener\"><img loading=\"lazy\" decoding=\"async\" width=\"606\" height=\"160\" src=\"https:\/\/yolcu360.com\/blog\/wp-content\/uploads\/2025\/10\/yolcu360-mobil-ios.png\" alt=\"ios yolcu360 mobil uygulama indirme butonu\" class=\"lazyload_inited wp-image-69904\" style=\"width:543px;height:auto\" srcset=\"https:\/\/yolcu360.com\/blog\/wp-content\/uploads\/2025\/10\/yolcu360-mobil-ios.png 606w, https:\/\/yolcu360.com\/blog\/wp-content\/uploads\/2025\/10\/yolcu360-mobil-ios-500x132.png 500w, https:\/\/yolcu360.com\/blog\/wp-content\/uploads\/2025\/10\/yolcu360-mobil-ios-150x40.png 150w, https:\/\/yolcu360.com\/blog\/wp-content\/uploads\/2025\/10\/yolcu360-mobil-ios-370x98.png 370w\" sizes=\"(max-width: 606px) 100vw, 606px\" \/><\/a><\/figure>\n\n\n\n<figure class=\"wp-block-image size-full\"><a href=\"https:\/\/play.google.com\/store\/apps\/details?id=com.yolcu360\" target=\"_blank\" rel=\" noreferrer noopener\"><img loading=\"lazy\" decoding=\"async\" width=\"541\" height=\"160\" src=\"https:\/\/yolcu360.com\/blog\/wp-content\/uploads\/2025\/10\/yolcu360-mobil-android.png\" alt=\"android yolcu360 mobil uygulama indirme butonu\" class=\"lazyload_inited wp-image-69906\" srcset=\"https:\/\/yolcu360.com\/blog\/wp-content\/uploads\/2025\/10\/yolcu360-mobil-android.png 541w, https:\/\/yolcu360.com\/blog\/wp-content\/uploads\/2025\/10\/yolcu360-mobil-android-500x148.png 500w, https:\/\/yolcu360.com\/blog\/wp-content\/uploads\/2025\/10\/yolcu360-mobil-android-150x44.png 150w, https:\/\/yolcu360.com\/blog\/wp-content\/uploads\/2025\/10\/yolcu360-mobil-android-370x109.png 370w\" sizes=\"(max-width: 600px) 100vw, 541px\" \/><\/a><\/figure>\n\n\n\n<figure class=\"wp-block-image size-full is-resized\"><a href=\"https:\/\/appgallery.huawei.com\/#\/app\/C102881793\" target=\"_blank\" rel=\" noreferrer noopener\"><img loading=\"lazy\" decoding=\"async\" width=\"534\" height=\"160\" src=\"https:\/\/yolcu360.com\/blog\/wp-content\/uploads\/2025\/10\/yolcu360-mobil-huawei.png\" alt=\"huawei yolcu360 mobil uygulama indirme butonu\" class=\"lazyload_inited wp-image-69908\" style=\"width:542px;height:auto\" srcset=\"https:\/\/yolcu360.com\/blog\/wp-content\/uploads\/2025\/10\/yolcu360-mobil-huawei.png 534w, https:\/\/yolcu360.com\/blog\/wp-content\/uploads\/2025\/10\/yolcu360-mobil-huawei-500x150.png 500w, https:\/\/yolcu360.com\/blog\/wp-content\/uploads\/2025\/10\/yolcu360-mobil-huawei-150x45.png 150w, https:\/\/yolcu360.com\/blog\/wp-content\/uploads\/2025\/10\/yolcu360-mobil-huawei-370x111.png 370w\" sizes=\"(max-width: 600px) 100vw, 534px\" \/><\/a><\/figure>\n<\/div>\n","protected":false},"excerpt":{"rendered":"<p>Balat gezilecek yerler listemizle kar\u015f\u0131n\u0131zday\u0131z. \u0130stanbul\u2019un Hali\u00e7 k\u0131y\u0131s\u0131nda, zaman\u0131n yava\u015f akt\u0131\u011f\u0131 ve her soka\u011f\u0131nda farkl\u0131 bir hik\u00e2yenin f\u0131s\u0131ldand\u0131\u011f\u0131 b\u00fcy\u00fcleyici bir yolculu\u011fa \u00e7\u0131kmaya ne dersiniz? Tarihi dokusu, \u00e7ok k\u00fclt\u00fcrl\u00fc miras\u0131 ve son y\u0131llarda sanatla harmanlanan modern \u00e7ehresiyle \u0130stanbul Balat gezilecek yerler rotas\u0131, \u015fehri ke\u015ffetmek isteyenler i\u00e7in tam bir a\u00e7\u0131k hava m\u00fczesi niteli\u011fi ta\u015f\u0131yor. Reng\u00e2renk evlerin g\u00f6lgesinde,&hellip;<\/p>\n","protected":false},"author":27,"featured_media":52902,"comment_status":"open","ping_status":"closed","sticky":false,"template":"","format":"standard","meta":{"_lmt_disableupdate":"","_lmt_disable":"","footnotes":""},"categories":[18,330],"tags":[7877,3475],"class_list":["post-8319","post","type-post","status-publish","format-standard","has-post-thumbnail","hentry","category-gezi-rehberleri","category-turkiye-gezi-rehberi","tag-gezilecek-yerler","tag-istanbul"],"modified_by":"Yolcu360 Blog","_links":{"self":[{"href":"https:\/\/yolcu360.com\/blog\/wp-json\/wp\/v2\/posts\/8319","targetHints":{"allow":["GET"]}}],"collection":[{"href":"https:\/\/yolcu360.com\/blog\/wp-json\/wp\/v2\/posts"}],"about":[{"href":"https:\/\/yolcu360.com\/blog\/wp-json\/wp\/v2\/types\/post"}],"author":[{"embeddable":true,"href":"https:\/\/yolcu360.com\/blog\/wp-json\/wp\/v2\/users\/27"}],"replies":[{"embeddable":true,"href":"https:\/\/yolcu360.com\/blog\/wp-json\/wp\/v2\/comments?post=8319"}],"version-history":[{"count":4,"href":"https:\/\/yolcu360.com\/blog\/wp-json\/wp\/v2\/posts\/8319\/revisions"}],"predecessor-version":[{"id":75264,"href":"https:\/\/yolcu360.com\/blog\/wp-json\/wp\/v2\/posts\/8319\/revisions\/75264"}],"wp:featuredmedia":[{"embeddable":true,"href":"https:\/\/yolcu360.com\/blog\/wp-json\/wp\/v2\/media\/52902"}],"wp:attachment":[{"href":"https:\/\/yolcu360.com\/blog\/wp-json\/wp\/v2\/media?parent=8319"}],"wp:term":[{"taxonomy":"category","embeddable":true,"href":"https:\/\/yolcu360.com\/blog\/wp-json\/wp\/v2\/categories?post=8319"},{"taxonomy":"post_tag","embeddable":true,"href":"https:\/\/yolcu360.com\/blog\/wp-json\/wp\/v2\/tags?post=8319"}],"curies":[{"name":"wp","href":"https:\/\/api.w.org\/{rel}","templated":true}]}}