{"id":61165,"date":"2023-06-09T15:59:34","date_gmt":"2023-06-09T12:59:34","guid":{"rendered":"https:\/\/yolcu360.com\/blog\/?p=61165"},"modified":"2023-06-09T16:02:43","modified_gmt":"2023-06-09T13:02:43","slug":"avrupadaki-en-iyi-yaz-festivali","status":"publish","type":"post","link":"https:\/\/yolcu360.com\/blog\/avrupadaki-en-iyi-yaz-festivali\/","title":{"rendered":"Avrupa&#8217;n\u0131n En \u0130yi 10 Yaz Festivali"},"content":{"rendered":"<p>Avrupa&#8217;da yaz aylar\u0131 sihirli bir deneyim! G\u00fcne\u015fin s\u0131cakl\u0131\u011f\u0131, kristal mavisi g\u00f6ky\u00fcz\u00fc ve heyecan verici k\u00fclt\u00fcrel etkinlikler, onu gezginler i\u00e7in ideal bir destinasyon haline getiriyor. Festivaller, t\u00fcm bu heyecan\u0131n kalbinde yer al\u0131yor ve yerel halk\u0131 ve ziyaret\u00e7ileri e\u011flendirmek i\u00e7in tasarlanm\u0131\u015f \u00e7e\u015fitli aktiviteler sunuyor. Unutamayaca\u011f\u0131n\u0131z bir yaz e\u011flencesi mi ar\u0131yorsunuz? Daha fazla aramay\u0131n! Avrupa&#8217;daki en iyi yaz festivali i\u00e7in se\u00e7imlerimize bir g\u00f6z at\u0131n. \u00c7antalar\u0131n\u0131z\u0131 haz\u0131rlay\u0131n ve t\u00fcm sezon boyunca Avrupa tarz\u0131nda kutlama yapman\u0131z\u0131 sa\u011flayacak bu etkinlikleri ke\u015ffetmeye haz\u0131r olun!<\/p>\n<div id=\"ez-toc-container\" class=\"ez-toc-v2_0_82_2 ez-toc-wrap-left counter-hierarchy ez-toc-counter ez-toc-grey ez-toc-container-direction\">\n<div class=\"ez-toc-title-container\">\n<p class=\"ez-toc-title\" style=\"cursor:inherit\">\u0130\u00e7indekiler<\/p>\n<span class=\"ez-toc-title-toggle\"><a href=\"#\" class=\"ez-toc-pull-right ez-toc-btn ez-toc-btn-xs ez-toc-btn-default ez-toc-toggle\" aria-label=\"\u0130\u00e7indekiler Tablosunu A\u00e7\/Kapat\"><span class=\"ez-toc-js-icon-con\"><span class=\"\"><span class=\"eztoc-hide\" style=\"display:none;\">Toggle<\/span><span class=\"ez-toc-icon-toggle-span\"><svg style=\"fill: #999;color:#999\" xmlns=\"http:\/\/www.w3.org\/2000\/svg\" class=\"list-377408\" width=\"20px\" height=\"20px\" viewBox=\"0 0 24 24\" fill=\"none\"><path d=\"M6 6H4v2h2V6zm14 0H8v2h12V6zM4 11h2v2H4v-2zm16 0H8v2h12v-2zM4 16h2v2H4v-2zm16 0H8v2h12v-2z\" fill=\"currentColor\"><\/path><\/svg><svg style=\"fill: #999;color:#999\" class=\"arrow-unsorted-368013\" xmlns=\"http:\/\/www.w3.org\/2000\/svg\" width=\"10px\" height=\"10px\" viewBox=\"0 0 24 24\" version=\"1.2\" baseProfile=\"tiny\"><path d=\"M18.2 9.3l-6.2-6.3-6.2 6.3c-.2.2-.3.4-.3.7s.1.5.3.7c.2.2.4.3.7.3h11c.3 0 .5-.1.7-.3.2-.2.3-.5.3-.7s-.1-.5-.3-.7zM5.8 14.7l6.2 6.3 6.2-6.3c.2-.2.3-.5.3-.7s-.1-.5-.3-.7c-.2-.2-.4-.3-.7-.3h-11c-.3 0-.5.1-.7.3-.2.2-.3.5-.3.7s.1.5.3.7z\"\/><\/svg><\/span><\/span><\/span><\/a><\/span><\/div>\n<nav><ul class='ez-toc-list ez-toc-list-level-1 ' ><li class='ez-toc-page-1 ez-toc-heading-level-2'><a class=\"ez-toc-link ez-toc-heading-1\" href=\"https:\/\/yolcu360.com\/blog\/avrupadaki-en-iyi-yaz-festivali\/#Tomorrowland_Belcika\" >Tomorrowland, Bel\u00e7ika<\/a><\/li><li class='ez-toc-page-1 ez-toc-heading-level-2'><a class=\"ez-toc-link ez-toc-heading-2\" href=\"https:\/\/yolcu360.com\/blog\/avrupadaki-en-iyi-yaz-festivali\/#All_Points_East_Londra\" >All Points East, Londra<\/a><\/li><li class='ez-toc-page-1 ez-toc-heading-level-2'><a class=\"ez-toc-link ez-toc-heading-3\" href=\"https:\/\/yolcu360.com\/blog\/avrupadaki-en-iyi-yaz-festivali\/#Hideout_Festival_Hirvatistan\" >Hideout Festival, H\u0131rvatistan<\/a><\/li><li class='ez-toc-page-1 ez-toc-heading-level-2'><a class=\"ez-toc-link ez-toc-heading-4\" href=\"https:\/\/yolcu360.com\/blog\/avrupadaki-en-iyi-yaz-festivali\/#Aziz_Patrick_Gunu_Irlanda\" >Aziz Patrick G\u00fcn\u00fc, \u0130rlanda<\/a><\/li><li class='ez-toc-page-1 ez-toc-heading-level-2'><a class=\"ez-toc-link ez-toc-heading-5\" href=\"https:\/\/yolcu360.com\/blog\/avrupadaki-en-iyi-yaz-festivali\/#Sziget_Festivali_Macaristan\" >Sziget Festivali, Macaristan<\/a><\/li><li class='ez-toc-page-1 ez-toc-heading-level-2'><a class=\"ez-toc-link ez-toc-heading-6\" href=\"https:\/\/yolcu360.com\/blog\/avrupadaki-en-iyi-yaz-festivali\/#Way_Out_West_Isvec\" >Way Out West, \u0130sve\u00e7<\/a><\/li><li class='ez-toc-page-1 ez-toc-heading-level-2'><a class=\"ez-toc-link ez-toc-heading-7\" href=\"https:\/\/yolcu360.com\/blog\/avrupadaki-en-iyi-yaz-festivali\/#Mysteryland_Hollanda\" >Mysteryland, Hollanda<\/a><\/li><li class='ez-toc-page-1 ez-toc-heading-level-2'><a class=\"ez-toc-link ez-toc-heading-8\" href=\"https:\/\/yolcu360.com\/blog\/avrupadaki-en-iyi-yaz-festivali\/#Bout_du_Monde_Festivali_Fransa\" >Bout du Monde Festivali, Fransa<\/a><\/li><li class='ez-toc-page-1 ez-toc-heading-level-2'><a class=\"ez-toc-link ez-toc-heading-9\" href=\"https:\/\/yolcu360.com\/blog\/avrupadaki-en-iyi-yaz-festivali\/#Edinburgh_Fringe_Festival_Iskocya\" >Edinburgh Fringe Festival, \u0130sko\u00e7ya<\/a><\/li><li class='ez-toc-page-1 ez-toc-heading-level-2'><a class=\"ez-toc-link ez-toc-heading-10\" href=\"https:\/\/yolcu360.com\/blog\/avrupadaki-en-iyi-yaz-festivali\/#A_Summers_Tale_Almanya\" >A Summer&#8217;s Tale, Almanya<\/a><\/li><\/ul><\/nav><\/div>\n\n<div class=\"c-message_kit__blocks c-message_kit__blocks--rich_text\">\n<div class=\"c-message__message_blocks c-message__message_blocks--rich_text\" data-qa=\"message-text\">\n<div class=\"p-block_kit_renderer\" data-qa=\"block-kit-renderer\">\n<div class=\"p-block_kit_renderer__block_wrapper p-block_kit_renderer__block_wrapper--first\">\n<div class=\"p-rich_text_block\" dir=\"auto\">\n<div class=\"p-rich_text_section\">Yurt i\u00e7i ve yurt d\u0131\u015f\u0131nda y\u00fczlerce lokasyonda, binlerce marka ve modelde arac\u0131 dakikalar i\u00e7erisinde kolayca kiralamak i\u00e7in Yolcu360\u2019\u0131n\u00a0<b data-stringify-type=\"bold\"><a class=\"c-link\" href=\"https:\/\/yolcu360.com\/\" target=\"_blank\" rel=\"noopener noreferrer\" data-stringify-link=\"https:\/\/yolcu360.com\/\" data-sk=\"tooltip_parent\">kiral\u0131k ara\u00e7<\/a><\/b>\u00a0se\u00e7eneklerini inceleyebilirsiniz!<\/div>\n<\/div>\n<\/div>\n<\/div>\n<\/div>\n<\/div>\n<div class=\"c-message_kit__attachments\">\n<div class=\"c-message_attachment\">\n<div class=\"c-message_attachment__delete_container\"><\/div>\n<\/div>\n<\/div>\n<h2><span class=\"ez-toc-section\" id=\"Tomorrowland_Belcika\"><\/span>Tomorrowland, Bel\u00e7ika<span class=\"ez-toc-section-end\"><\/span><\/h2>\n<p><span style=\"font-weight: 400;\"><img fetchpriority=\"high\" decoding=\"async\" class=\"lazyload_inited size-medium wp-image-61167 aligncenter\" src=\"https:\/\/yolcu360.com\/blog\/wp-content\/uploads\/2023\/06\/summer-festivals-in-europe-500x281.jpg\" alt=\"summer-festivals-in-europe\" width=\"500\" height=\"281\" srcset=\"https:\/\/yolcu360.com\/blog\/wp-content\/uploads\/2023\/06\/summer-festivals-in-europe-500x281.jpg 500w, https:\/\/yolcu360.com\/blog\/wp-content\/uploads\/2023\/06\/summer-festivals-in-europe-150x84.jpg 150w, https:\/\/yolcu360.com\/blog\/wp-content\/uploads\/2023\/06\/summer-festivals-in-europe-768x432.jpg 768w, https:\/\/yolcu360.com\/blog\/wp-content\/uploads\/2023\/06\/summer-festivals-in-europe-370x208.jpg 370w, https:\/\/yolcu360.com\/blog\/wp-content\/uploads\/2023\/06\/summer-festivals-in-europe-270x152.jpg 270w, https:\/\/yolcu360.com\/blog\/wp-content\/uploads\/2023\/06\/summer-festivals-in-europe-570x321.jpg 570w, https:\/\/yolcu360.com\/blog\/wp-content\/uploads\/2023\/06\/summer-festivals-in-europe-740x416.jpg 740w, https:\/\/yolcu360.com\/blog\/wp-content\/uploads\/2023\/06\/summer-festivals-in-europe.jpg 800w\" sizes=\"(max-width: 600px) 100vw, 500px\" \/><\/span><\/p>\n<p>Tomorrowland, d\u00fcnya \u00e7ap\u0131nda elektronik dans m\u00fczi\u011fi merakl\u0131lar\u0131n\u0131n nihai m\u00fczik festivali destinasyonudur. Gizemli atmosferi her y\u0131l binlerce ziyaret\u00e7iyi \u00e7ekiyor, kimileri m\u00fczik, sanat ve k\u00fclt\u00fcr sevgilerini payla\u015fmak i\u00e7in bir araya geliyor. \u00dcst d\u00fczey DJ performanslar\u0131ndan nefes kesici havai fi\u015fek g\u00f6sterilerine kadar, Tomorrowland ka\u00e7\u0131r\u0131lmamas\u0131 gereken bir duyusal deneyim vadediyor. Fantezi ve ger\u00e7ekli\u011fin birle\u015fti\u011fi bir d\u00fcnya buras\u0131, m\u00fczik severlerin sihirden kaybolup, bir \u00f6m\u00fcr boyu s\u00fcrecek e\u015fsiz an\u0131lar yaratmaya geldikleri yer. \u00d6yleyse neden \u00e7antalar\u0131n\u0131z\u0131 toplay\u0131p Tomorrowland&#8217;a gitmiyorsunuz?<\/p>\n<h2><span class=\"ez-toc-section\" id=\"All_Points_East_Londra\"><\/span>All Points East, Londra<span class=\"ez-toc-section-end\"><\/span><\/h2>\n<p><span style=\"font-weight: 400;\"><img decoding=\"async\" class=\"lazyload_inited size-medium wp-image-61171 aligncenter\" src=\"https:\/\/yolcu360.com\/blog\/wp-content\/uploads\/2023\/06\/summer-festivals-in-europe-1-500x318.jpg\" alt=\"summer-festivals-in-europe-1\" width=\"500\" height=\"318\" srcset=\"https:\/\/yolcu360.com\/blog\/wp-content\/uploads\/2023\/06\/summer-festivals-in-europe-1-500x318.jpg 500w, https:\/\/yolcu360.com\/blog\/wp-content\/uploads\/2023\/06\/summer-festivals-in-europe-1-150x95.jpg 150w, https:\/\/yolcu360.com\/blog\/wp-content\/uploads\/2023\/06\/summer-festivals-in-europe-1-370x235.jpg 370w, https:\/\/yolcu360.com\/blog\/wp-content\/uploads\/2023\/06\/summer-festivals-in-europe-1-270x172.jpg 270w, https:\/\/yolcu360.com\/blog\/wp-content\/uploads\/2023\/06\/summer-festivals-in-europe-1-470x300.jpg 470w, https:\/\/yolcu360.com\/blog\/wp-content\/uploads\/2023\/06\/summer-festivals-in-europe-1.jpg 508w\" sizes=\"(max-width: 600px) 100vw, 500px\" \/><\/span><\/p>\n<p>T\u00fcm m\u00fczikseverleri \u00e7a\u011f\u0131r\u0131yoruz! Festival dolu bir yaz sezonu ar\u0131yorsan\u0131z, All Points East tam size g\u00f6re. Bu 10 g\u00fcnl\u00fck etkinlik, Victoria Park, East London&#8217;da ger\u00e7ekle\u015fir ve sekt\u00f6r\u00fcn en heyecan verici ve \u00e7e\u015fitli sanat\u00e7\u0131lar\u0131n\u0131n bir d\u00f6k\u00fcm\u00fcn\u00fc sunar. The Strokes ve Bombay Bicycle Club gibi headlinerlar\u0131n elektronik m\u00fczik performanslar\u0131ndan, y\u00fckselmekte olan eylemlere kadar, bu festival ger\u00e7ekten ke\u015ffedilecek bir\u00e7ok \u015fey sunuyor. Ama bu her \u015fey de\u011fil! All Points East sadece m\u00fczik hakk\u0131nda de\u011fil. Etkinlik ayr\u0131ca bir a\u00e7\u0131k hava sinemas\u0131, yiyecek ve i\u00e7ecek sat\u0131c\u0131lar\u0131 ve her ya\u015ftan ziyaret\u00e7i i\u00e7in aktiviteler sunar. O halde gelin ve bu fantastik festivalin sunabilece\u011fi her \u015feyin tad\u0131n\u0131 \u00e7\u0131kar\u0131n.<\/p>\n<h2><span class=\"ez-toc-section\" id=\"Hideout_Festival_Hirvatistan\"><\/span><strong>Hideout Festival, H\u0131rvatistan<\/strong><span class=\"ez-toc-section-end\"><\/span><\/h2>\n<p><span style=\"font-weight: 400;\"><img decoding=\"async\" class=\"lazyload_inited size-medium wp-image-61174 aligncenter\" src=\"https:\/\/yolcu360.com\/blog\/wp-content\/uploads\/2023\/06\/summer-festivals-in-europe-2-1-e1686314830364-500x333.jpg\" alt=\"\" width=\"500\" height=\"333\" srcset=\"https:\/\/yolcu360.com\/blog\/wp-content\/uploads\/2023\/06\/summer-festivals-in-europe-2-1-e1686314830364-500x333.jpg 500w, https:\/\/yolcu360.com\/blog\/wp-content\/uploads\/2023\/06\/summer-festivals-in-europe-2-1-e1686314830364-150x100.jpg 150w, https:\/\/yolcu360.com\/blog\/wp-content\/uploads\/2023\/06\/summer-festivals-in-europe-2-1-e1686314830364-370x247.jpg 370w, https:\/\/yolcu360.com\/blog\/wp-content\/uploads\/2023\/06\/summer-festivals-in-europe-2-1-e1686314830364-270x180.jpg 270w, https:\/\/yolcu360.com\/blog\/wp-content\/uploads\/2023\/06\/summer-festivals-in-europe-2-1-e1686314830364-570x380.jpg 570w, https:\/\/yolcu360.com\/blog\/wp-content\/uploads\/2023\/06\/summer-festivals-in-europe-2-1-e1686314830364.jpg 720w\" sizes=\"(max-width: 600px) 100vw, 500px\" \/><\/span><\/p>\n<p>E\u011fer bir elektronik dans m\u00fczi\u011fi hayran\u0131ysan\u0131z, Hideout Festival&#8217;i H\u0131rvatistan&#8217;da ka\u00e7\u0131r\u0131lmamas\u0131 gereken etkinlikler listenize eklemeyi unutmay\u0131n. G\u00fczel Pag Adas\u0131&#8217;ndaki bu be\u015f g\u00fcnl\u00fck festival,\u00a0 end\u00fcstrinin en b\u00fcy\u00fck isimlerinden baz\u0131lar\u0131ndan performanslar sunuyor. Adriyatik Denizi&#8217;nin resim gibi manzaras\u0131n\u0131 izlerken muhte\u015fem Zrce plaj\u0131nda gece boyunca dans edin. Ancak bu festival sadece m\u00fczikten ibaret de\u011fil, ayn\u0131 zamanda tekne partileri, havuz partileri ve sizi t\u00fcm g\u00fcn boyunca e\u011flendirecek \u00e7e\u015fitli di\u011fer aktiviteler de sizi bekliyor. Hideout Festival&#8217;in Avrupa&#8217;n\u0131n en \u00e7ok aranan EDM festivallerinden biri haline gelmesi hi\u00e7 de \u015fa\u015f\u0131rt\u0131c\u0131 de\u011fil.<\/p>\n<h2><span class=\"ez-toc-section\" id=\"Aziz_Patrick_Gunu_Irlanda\"><\/span>Aziz Patrick G\u00fcn\u00fc, \u0130rlanda<span class=\"ez-toc-section-end\"><\/span><\/h2>\n<p><span style=\"font-weight: 400;\"><img loading=\"lazy\" decoding=\"async\" class=\"lazyload_inited size-full wp-image-61176 aligncenter\" src=\"https:\/\/yolcu360.com\/blog\/wp-content\/uploads\/2023\/06\/summer-festivals-in-europe-3.jpg\" alt=\"summer-festivals-in-europe-3\" width=\"485\" height=\"284\" srcset=\"https:\/\/yolcu360.com\/blog\/wp-content\/uploads\/2023\/06\/summer-festivals-in-europe-3.jpg 485w, https:\/\/yolcu360.com\/blog\/wp-content\/uploads\/2023\/06\/summer-festivals-in-europe-3-150x88.jpg 150w, https:\/\/yolcu360.com\/blog\/wp-content\/uploads\/2023\/06\/summer-festivals-in-europe-3-370x217.jpg 370w, https:\/\/yolcu360.com\/blog\/wp-content\/uploads\/2023\/06\/summer-festivals-in-europe-3-270x158.jpg 270w\" sizes=\"(max-width: 600px) 100vw, 485px\" \/><\/span><\/p>\n<p>Her y\u0131l d\u00fcnya \u00e7ap\u0131nda milyonlarca insan Aziz Patrick G\u00fcn\u00fc&#8217;n\u00fc kutluyor, ancak hi\u00e7bir yer onu \u0130rlanda gibi yapm\u0131yor. Bu canl\u0131 ve renkli tatil, ulusal bir hazine ve \u0130rlanda halk\u0131 i\u00e7in b\u00fcy\u00fck bir gurur kayna\u011f\u0131d\u0131r. \u0130rlanda&#8217;n\u0131n koruyucu azizi Aziz Patrick&#8217;in onuruna ye\u015fil giyerek, Guinness i\u00e7erek ve \u00fclke genelinde d\u00fczenlenen canl\u0131 ge\u00e7it t\u00f6renleri ve festivallerin tad\u0131n\u0131 \u00e7\u0131kararak bir zaman dilimidir. Kutlamalar o kadar pop\u00fcler hale geldi ki, New York ve Chicago gibi \u015fehirlerde bile kutlan\u0131yor. Ancak, Aziz Patrick G\u00fcn\u00fc&#8217;n\u00fcn sihrini deneyimlemek i\u00e7in \u0130rlanda gibi bir yer yok. Dublin&#8217;in canl\u0131 sokak partilerine \u00e7ekiliyor olun ya da b\u00fcy\u00fcleyici k\u0131rsal kesimi ke\u015ffetmek istiyor olun, \u0130rlanda bu ne\u015feli f\u0131rsat\u0131 kutlamak i\u00e7in m\u00fckemmel bir yer. Avrupa&#8217;daki en iyi yaz festivali listesinde Aziz Patrick G\u00fcn\u00fc&#8217;n\u00fc g\u00f6r\u00fcnce \u015fa\u015f\u0131rabilirsiniz. Esas St. Patrick g\u00fcn\u00fc mart ay\u0131nda olsa da \u0130rlanda&#8217;da sene boyu benzer konseptlerde festival ve partiler sizi bekliyor!<\/p>\n<h2><span class=\"ez-toc-section\" id=\"Sziget_Festivali_Macaristan\"><\/span>Sziget Festivali, Macaristan<span class=\"ez-toc-section-end\"><\/span><\/h2>\n<p><span style=\"font-weight: 400;\"><img loading=\"lazy\" decoding=\"async\" class=\"lazyload_inited size-medium wp-image-61177 aligncenter\" src=\"https:\/\/yolcu360.com\/blog\/wp-content\/uploads\/2023\/06\/summer-festivals-in-europe-4-500x293.jpg\" alt=\"summer-festivals-in-europe-4\" width=\"500\" height=\"293\" srcset=\"https:\/\/yolcu360.com\/blog\/wp-content\/uploads\/2023\/06\/summer-festivals-in-europe-4-500x293.jpg 500w, https:\/\/yolcu360.com\/blog\/wp-content\/uploads\/2023\/06\/summer-festivals-in-europe-4-150x88.jpg 150w, https:\/\/yolcu360.com\/blog\/wp-content\/uploads\/2023\/06\/summer-festivals-in-europe-4-370x217.jpg 370w, https:\/\/yolcu360.com\/blog\/wp-content\/uploads\/2023\/06\/summer-festivals-in-europe-4-270x158.jpg 270w, https:\/\/yolcu360.com\/blog\/wp-content\/uploads\/2023\/06\/summer-festivals-in-europe-4.jpg 561w\" sizes=\"(max-width: 600px) 100vw, 500px\" \/><\/span><\/p>\n<p>Macaristan&#8217;daki Sziget Festivali, Avrupa&#8217;n\u0131n en enerjik ve canl\u0131 m\u00fczik festivallerinden biri. Budape\u015fte&#8217;nin kalbinde yer alan hafta s\u00fcren bu m\u00fczik etkinli\u011fi, d\u00fcnyan\u0131n her yerinden 500.000&#8217;den fazla ki\u015fiyi \u00e7ekiyor. Rock&#8217;tan EDM&#8217;ye ve her \u015feyin aras\u0131nda, Sziget Festivali gezegenin en b\u00fcy\u00fck performanslar\u0131n\u0131 sunuyor. Ancak sadece m\u00fczikle ilgili de\u011fil; festival alan\u0131nda ya\u015fanacak bir dizi aktivite ve deneyim var. Yerel mutfaklar\u0131 denemek olsun, jakuzilerde rahatlamak olsun veya bir sanat at\u00f6lyesine kat\u0131lmak olsun, festivalin \u00e7e\u015fitli teklifleri hi\u00e7bir zaman etkileyici olmaktan \u00e7\u0131km\u0131yor. E\u011fer m\u00fczik ve k\u00fclt\u00fcr\u00fcn benzersiz bir kutlamas\u0131n\u0131 ar\u0131yorsan\u0131z, Sziget Festivali olmas\u0131 gereken yerdir.<\/p>\n<h2><span class=\"ez-toc-section\" id=\"Way_Out_West_Isvec\"><\/span>Way Out West, \u0130sve\u00e7<span class=\"ez-toc-section-end\"><\/span><\/h2>\n<p><span style=\"font-weight: 400;\"><img loading=\"lazy\" decoding=\"async\" class=\"lazyload_inited size-full wp-image-61178 aligncenter\" src=\"https:\/\/yolcu360.com\/blog\/wp-content\/uploads\/2023\/06\/summer-festivals-in-europe-5.jpg\" alt=\"summer-festivals-in-europe-5\" width=\"488\" height=\"297\" srcset=\"https:\/\/yolcu360.com\/blog\/wp-content\/uploads\/2023\/06\/summer-festivals-in-europe-5.jpg 488w, https:\/\/yolcu360.com\/blog\/wp-content\/uploads\/2023\/06\/summer-festivals-in-europe-5-150x91.jpg 150w, https:\/\/yolcu360.com\/blog\/wp-content\/uploads\/2023\/06\/summer-festivals-in-europe-5-370x225.jpg 370w, https:\/\/yolcu360.com\/blog\/wp-content\/uploads\/2023\/06\/summer-festivals-in-europe-5-270x164.jpg 270w\" sizes=\"(max-width: 600px) 100vw, 488px\" \/><\/span><\/p>\n<p>\u0130sve\u00e7 k\u0131rsal\u0131nda yer alan Way Out West, hem kulaklar hem de g\u00f6zler i\u00e7in bir ziyafet olan bir m\u00fczik festival. Muhte\u015fem do\u011fal g\u00fczelli\u011fi ve u\u00e7suz bucaks\u0131z tepeleri ile bu festival, ger\u00e7ekten en iyi deneyimdir. Festival, y\u00fckselen sanat\u00e7\u0131lara bir platform sa\u011flamay\u0131 hedeflerken, ayn\u0131 zamanda m\u00fczik sekt\u00f6r\u00fcn\u00fcn en b\u00fcy\u00fck isimlerinden baz\u0131lar\u0131n\u0131n performanslar\u0131n\u0131 da sergiliyor. Way Out West, pop&#8217;tan elektronik m\u00fczi\u011fe ve her \u015feyin aras\u0131nda, her m\u00fczikseveri memnun edecek \u00e7e\u015fitli m\u00fczik t\u00fcrleri sunar. Festival ayr\u0131ca, sizi b\u00fcy\u00fcleyecek olan lezzetli yemekler ve sanat enstalasyonlar\u0131 sergiliyor. B\u00f6ylesine manzaral\u0131 bir yer ve atmosferle, Way Out West&#8217;\u0131n her y\u0131l \u0130sve\u00e7&#8217;teki en \u00e7ok beklenen etkinliklerden biri olmas\u0131 hi\u00e7 de \u015fa\u015f\u0131rt\u0131c\u0131 de\u011fil.<\/p>\n<h2><span class=\"ez-toc-section\" id=\"Mysteryland_Hollanda\"><\/span>Mysteryland, Hollanda<span class=\"ez-toc-section-end\"><\/span><\/h2>\n<p><span style=\"font-weight: 400;\"><img loading=\"lazy\" decoding=\"async\" class=\"lazyload_inited size-medium wp-image-61179 aligncenter\" src=\"https:\/\/yolcu360.com\/blog\/wp-content\/uploads\/2023\/06\/summer-festivals-in-europe-6-500x247.jpg\" alt=\"summer-festivals-in-europe-6\" width=\"500\" height=\"247\" srcset=\"https:\/\/yolcu360.com\/blog\/wp-content\/uploads\/2023\/06\/summer-festivals-in-europe-6-500x247.jpg 500w, https:\/\/yolcu360.com\/blog\/wp-content\/uploads\/2023\/06\/summer-festivals-in-europe-6-150x74.jpg 150w, https:\/\/yolcu360.com\/blog\/wp-content\/uploads\/2023\/06\/summer-festivals-in-europe-6-370x183.jpg 370w, https:\/\/yolcu360.com\/blog\/wp-content\/uploads\/2023\/06\/summer-festivals-in-europe-6-270x134.jpg 270w, https:\/\/yolcu360.com\/blog\/wp-content\/uploads\/2023\/06\/summer-festivals-in-europe-6.jpg 566w\" sizes=\"(max-width: 600px) 100vw, 500px\" \/><\/span><\/p>\n<p>Avrupa&#8217;daki en iyi yaz festivali listesinde olmazsa olmaz diyebilece\u011fimiz Mysteryland, Hollanda&#8217;da m\u00fczik, sanat ve k\u00fclt\u00fcr merakl\u0131lar\u0131 i\u00e7in ger\u00e7ek bir harikalar diyar\u0131 diyebiliriz. Bu festival 1993&#8217;ten beri her y\u0131l d\u00fczenleniyor ve binlerce festivalciyi \u00e7eken, benzersiz atmosferini deneyimlemek i\u00e7in can atan insanlar\u0131 \u00e7ekiyor. Tekno ve house&#8217;tan hip hop ve reggae&#8217;ye kadar \u00e7e\u015fitli m\u00fczik t\u00fcrleriyle, nefes kesici enstalasyonlarla Mysteryland, sizi hem heyecan verici hem de gizemli bir d\u00fcnyaya ta\u015f\u0131yacak. Bu festivali di\u011ferlerinden ay\u0131ran \u015fey, ayr\u0131ca interaktif at\u00f6lye \u00e7al\u0131\u015fmalar\u0131 ve konu\u015fmalar sunmas\u0131d\u0131r, bu da kat\u0131l\u0131mc\u0131lara s\u00fcrd\u00fcr\u00fclebilirlik ve aktivizm gibi konularda daha derinlemesine inceleme f\u0131rsat\u0131 sunar. Mysteryland sadece bir etkinlik de\u011fil, ayn\u0131 zamanda unutulmaz an\u0131lar b\u0131rakacak bir macera.<\/p>\n<h2><span class=\"ez-toc-section\" id=\"Bout_du_Monde_Festivali_Fransa\"><\/span>Bout du Monde Festivali, Fransa<span class=\"ez-toc-section-end\"><\/span><\/h2>\n<p><span style=\"font-weight: 400;\"><img src=\"https:\/\/yolcu360.com\/blog\/wp-content\/plugins\/trx_addons\/components\/lazy-load\/images\/placeholder.png\" data-trx-lazyload-height style=\"height: 0; padding-top: 60.2%;\" loading=\"lazy\" decoding=\"async\" class=\"size-medium wp-image-61180 aligncenter\" data-trx-lazyload-src=\"https:\/\/yolcu360.com\/blog\/wp-content\/uploads\/2023\/06\/summer-festivals-in-europe-7-500x301.jpg\" alt=\"summer-festivals-in-europe-7.jpg\n\" width=\"500\" height=\"301\"   \/><\/span><\/p>\n<p>Fransa, zengin k\u00fclt\u00fcr\u00fc ve sanata olan sevgisi ile \u00fcnl\u00fcd\u00fcr ve\u00a0 Bout du Monde Festivali de bu durumu harika temsil ediyor. Fransa&#8217;n\u0131n muhte\u015fem Brittany b\u00f6lgesinde d\u00fczenlenen bu festival, m\u00fczik, dans ve t\u00fcm yarat\u0131c\u0131 \u015feylerin kutlamas\u0131d\u0131r. Hem yerel hem de uluslararas\u0131 sanat\u00e7\u0131lar\u0131n yer ald\u0131\u011f\u0131 bir lineup ile herkes i\u00e7in bir \u015feyler vard\u0131r. \u00dcstelik sunulan lezzetli yiyecek ve i\u00e7eceklerle birlikte m\u00fckemmel bir ortam sizi bekliyor. Bu \u00f6zel festivalin sihrini bizzat ya\u015fayabilir ve \u00f6m\u00fcr boyu s\u00fcrecek an\u0131lar yaratabilirsiniz.<\/p>\n<h2><span class=\"ez-toc-section\" id=\"Edinburgh_Fringe_Festival_Iskocya\"><\/span>Edinburgh Fringe Festival, \u0130sko\u00e7ya<span class=\"ez-toc-section-end\"><\/span><\/h2>\n<p><span style=\"font-weight: 400;\"><img src=\"https:\/\/yolcu360.com\/blog\/wp-content\/plugins\/trx_addons\/components\/lazy-load\/images\/placeholder.png\" data-trx-lazyload-height style=\"height: 0; padding-top: 56.2%;\" loading=\"lazy\" decoding=\"async\" class=\"size-medium wp-image-61181 aligncenter\" data-trx-lazyload-src=\"https:\/\/yolcu360.com\/blog\/wp-content\/uploads\/2023\/06\/summer-festivals-in-europe-8-500x281.jpg\" alt=\"summer-festivals-in-europe-8\" width=\"500\" height=\"281\"   \/><\/span><\/p>\n<p>Avrupa&#8217;daki en iyi yaz festivali konusu a\u00e7\u0131ld\u0131\u011f\u0131nda, her y\u0131l a\u011fustos ay\u0131nda, d\u00fcnyaca \u00fcnl\u00fc Edinburgh Fringe Festivali&#8217;nin hareketlili\u011fiyle Edinburgh&#8217;un sokaklar\u0131 hayatla doluyor. \u015eehir, sanat\u00e7\u0131lar, komedyenler ve d\u00fcnyan\u0131n d\u00f6rt bir yan\u0131ndan gelen sanat\u00e7\u0131lar i\u00e7in bir merkez haline geliyor ve her biri festival i\u00e7in her y\u0131l ak\u0131n eden binlerce insana yeteneklerini g\u00f6stermek i\u00e7in sab\u0131rs\u0131zlan\u0131yor. Sokak sanat\u00e7\u0131lar\u0131ndan pop-up g\u00f6sterilere, kendini i\u00e7ine alan tiyatro deneyimlerinden komedi performanslar\u0131na kadar Edinburgh Fringe Festivali&#8217;nde herkes i\u00e7in bir \u015feyler var. \u0130nan\u0131lmaz \u0130sko\u00e7 manzaras\u0131yla \u00e7evrili olarak, festival ka\u00e7\u0131r\u0131lmamas\u0131 gereken m\u00fckemmel bir etkinlik.<\/p>\n<h2><span class=\"ez-toc-section\" id=\"A_Summers_Tale_Almanya\"><\/span>A Summer&#8217;s Tale, Almanya<span class=\"ez-toc-section-end\"><\/span><\/h2>\n<p><span style=\"font-weight: 400;\"><img src=\"https:\/\/yolcu360.com\/blog\/wp-content\/plugins\/trx_addons\/components\/lazy-load\/images\/placeholder.png\" data-trx-lazyload-height style=\"height: 0; padding-top: 43.4%;\" loading=\"lazy\" decoding=\"async\" class=\"size-medium wp-image-61182 aligncenter\" data-trx-lazyload-src=\"https:\/\/yolcu360.com\/blog\/wp-content\/uploads\/2023\/06\/summer-festivals-in-europe-9-500x217.jpg\" alt=\"summer-festivals-in-europe-9\" width=\"500\" height=\"217\"   \/><\/span><\/p>\n<p>Almanya, b\u00fcy\u00fcleyici bir seyahat noktas\u0131d\u0131r, ancak yaz aylar\u0131nda \u00f6zellikle, A Summer&#8217;s Tale Festivali&#8217;ni deneyimleyebilirsiniz! Ye\u015fil ormanlar ve g\u00fczel tarlalar\u0131n arka plan\u0131na kar\u015f\u0131, A Summer&#8217;s Tale m\u00fczi\u011fin, sanat\u0131n ve k\u00fclt\u00fcr\u00fcn kutland\u0131\u011f\u0131 bir etkinliktir ve ka\u00e7\u0131r\u0131lmamal\u0131d\u0131r. M\u00fczik d\u0131\u015f\u0131nda bile film g\u00f6sterimlerinden \u015fiir dinletilerine kadar bir\u00e7ok heyecan verici etkinlik bulacaks\u0131n\u0131z. En g\u00fczeli, festival Almanya&#8217;n\u0131n en g\u00fczel b\u00f6lgelerinden birinde yer ald\u0131\u011f\u0131 i\u00e7in, bu inan\u0131lmaz k\u00fclt\u00fcr\u00fc ger\u00e7ekten etkileyici bir ortamda ya\u015fayabilirsiniz.<\/p>\n<p>&nbsp;<\/p>\n","protected":false},"excerpt":{"rendered":"<p>Avrupa&#8217;da yaz aylar\u0131 sihirli bir deneyim! G\u00fcne\u015fin s\u0131cakl\u0131\u011f\u0131, kristal mavisi g\u00f6ky\u00fcz\u00fc ve heyecan verici k\u00fclt\u00fcrel etkinlikler, onu gezginler i\u00e7in ideal bir destinasyon haline getiriyor. Festivaller, t\u00fcm bu heyecan\u0131n kalbinde yer al\u0131yor ve yerel halk\u0131 ve ziyaret\u00e7ileri e\u011flendirmek i\u00e7in tasarlanm\u0131\u015f \u00e7e\u015fitli aktiviteler sunuyor. Unutamayaca\u011f\u0131n\u0131z bir yaz e\u011flencesi mi ar\u0131yorsunuz? Daha fazla aramay\u0131n! Avrupa&#8217;daki en iyi yaz&hellip;<\/p>\n","protected":false},"author":27,"featured_media":61191,"comment_status":"open","ping_status":"closed","sticky":false,"template":"","format":"standard","meta":{"_lmt_disableupdate":"","_lmt_disable":"","footnotes":""},"categories":[638,18],"tags":[],"class_list":["post-61165","post","type-post","status-publish","format-standard","has-post-thumbnail","hentry","category-dunya-gezi-rehberi","category-gezi-rehberleri"],"modified_by":null,"_links":{"self":[{"href":"https:\/\/yolcu360.com\/blog\/wp-json\/wp\/v2\/posts\/61165","targetHints":{"allow":["GET"]}}],"collection":[{"href":"https:\/\/yolcu360.com\/blog\/wp-json\/wp\/v2\/posts"}],"about":[{"href":"https:\/\/yolcu360.com\/blog\/wp-json\/wp\/v2\/types\/post"}],"author":[{"embeddable":true,"href":"https:\/\/yolcu360.com\/blog\/wp-json\/wp\/v2\/users\/27"}],"replies":[{"embeddable":true,"href":"https:\/\/yolcu360.com\/blog\/wp-json\/wp\/v2\/comments?post=61165"}],"version-history":[{"count":0,"href":"https:\/\/yolcu360.com\/blog\/wp-json\/wp\/v2\/posts\/61165\/revisions"}],"wp:featuredmedia":[{"embeddable":true,"href":"https:\/\/yolcu360.com\/blog\/wp-json\/wp\/v2\/media\/61191"}],"wp:attachment":[{"href":"https:\/\/yolcu360.com\/blog\/wp-json\/wp\/v2\/media?parent=61165"}],"wp:term":[{"taxonomy":"category","embeddable":true,"href":"https:\/\/yolcu360.com\/blog\/wp-json\/wp\/v2\/categories?post=61165"},{"taxonomy":"post_tag","embeddable":true,"href":"https:\/\/yolcu360.com\/blog\/wp-json\/wp\/v2\/tags?post=61165"}],"curies":[{"name":"wp","href":"https:\/\/api.w.org\/{rel}","templated":true}]}}