{"id":51273,"date":"2022-08-05T17:00:12","date_gmt":"2022-08-05T14:00:12","guid":{"rendered":"https:\/\/yolcu360.com\/blog\/?p=51273"},"modified":"2026-04-13T14:15:30","modified_gmt":"2026-04-13T11:15:30","slug":"urkmez","status":"publish","type":"post","link":"https:\/\/yolcu360.com\/blog\/urkmez\/","title":{"rendered":"\u0130zmir \u00dcrkmez&#8217;de Gezilecek Yerler"},"content":{"rendered":"\n<p>\u0130zmir \u00dcrkmez\u2019de gezilecek yerler rehberimizle, Ege\u2019nin en huzurlu ve samimi sahil kasabalar\u0131ndan biri olan bu gizli cenneti ke\u015ffetmeye haz\u0131r olun. Upuzun sahil \u015feridinden ak\u015famlar\u0131 renklenen sokaklar\u0131na, masmavi denizinden do\u011fayla kucakla\u015fan piknik alanlar\u0131na kadar \u0130zmir \u00dcrkmez, ziyaret\u00e7ilerine hem sakin hem de dolu dolu bir tatil rotas\u0131 sunuyor. \u015eehrin g\u00fcr\u00fclt\u00fcs\u00fcnden uzakla\u015fmak isteyenlerin favorisi olan bu b\u00f6lge, mandalina bah\u00e7eleri aras\u0131nda s\u00fcz\u00fclen r\u00fczgar\u0131yla sizi ilk andan itibaren etkisi alt\u0131na alacak.<\/p>\n\n\n\n<p>\u00dcrkmez gezilecek yerler listesi dendi\u011finde akla gelen mavi bayrakl\u0131 plajlardan, b\u00f6lgenin me\u015fhur gece pazarlar\u0131na kadar her durak, gezginlere Ege\u2019nin o s\u0131cak ve yerel ruhunu vadediyor. Tatil plan\u0131n\u0131za ekleyece\u011finiz her rota, size \u0130zmir \u00dcrkmez\u2019in hem berrak sular\u0131n\u0131 hem de samimi mahalle k\u00fclt\u00fcr\u00fcn\u00fc iliklerinize kadar hissettirecek.<\/p>\n\n\n\n<div id=\"ez-toc-container\" class=\"ez-toc-v2_0_76 ez-toc-wrap-left counter-hierarchy ez-toc-counter ez-toc-grey ez-toc-container-direction\">\n<div class=\"ez-toc-title-container\">\n<p class=\"ez-toc-title\" style=\"cursor:inherit\">\u0130\u00e7indekiler<\/p>\n<span class=\"ez-toc-title-toggle\"><a href=\"#\" class=\"ez-toc-pull-right ez-toc-btn ez-toc-btn-xs ez-toc-btn-default ez-toc-toggle\" aria-label=\"Toggle Table of Content\"><span class=\"ez-toc-js-icon-con\"><span class=\"\"><span class=\"eztoc-hide\" style=\"display:none;\">Toggle<\/span><span class=\"ez-toc-icon-toggle-span\"><svg style=\"fill: #999;color:#999\" xmlns=\"http:\/\/www.w3.org\/2000\/svg\" class=\"list-377408\" width=\"20px\" height=\"20px\" viewBox=\"0 0 24 24\" fill=\"none\"><path d=\"M6 6H4v2h2V6zm14 0H8v2h12V6zM4 11h2v2H4v-2zm16 0H8v2h12v-2zM4 16h2v2H4v-2zm16 0H8v2h12v-2z\" fill=\"currentColor\"><\/path><\/svg><svg style=\"fill: #999;color:#999\" class=\"arrow-unsorted-368013\" xmlns=\"http:\/\/www.w3.org\/2000\/svg\" width=\"10px\" height=\"10px\" viewBox=\"0 0 24 24\" version=\"1.2\" baseProfile=\"tiny\"><path d=\"M18.2 9.3l-6.2-6.3-6.2 6.3c-.2.2-.3.4-.3.7s.1.5.3.7c.2.2.4.3.7.3h11c.3 0 .5-.1.7-.3.2-.2.3-.5.3-.7s-.1-.5-.3-.7zM5.8 14.7l6.2 6.3 6.2-6.3c.2-.2.3-.5.3-.7s-.1-.5-.3-.7c-.2-.2-.4-.3-.7-.3h-11c-.3 0-.5.1-.7.3-.2.2-.3.5-.3.7s.1.5.3.7z\"\/><\/svg><\/span><\/span><\/span><\/a><\/span><\/div>\n<nav><ul class='ez-toc-list ez-toc-list-level-1 eztoc-toggle-hide-by-default' ><li class='ez-toc-page-1 ez-toc-heading-level-2'><a class=\"ez-toc-link ez-toc-heading-1\" href=\"https:\/\/yolcu360.com\/blog\/urkmez\/#Urkmez_Gezilecek_Yerler_Haritasi\" >\u00dcrkmez Gezilecek Yerler Haritas\u0131<\/a><\/li><li class='ez-toc-page-1 ez-toc-heading-level-2'><a class=\"ez-toc-link ez-toc-heading-2\" href=\"https:\/\/yolcu360.com\/blog\/urkmez\/#1_Urkmez_Belediye_Plaji\" >1. \u00dcrkmez Belediye Plaj\u0131<\/a><\/li><li class='ez-toc-page-1 ez-toc-heading-level-2'><a class=\"ez-toc-link ez-toc-heading-3\" href=\"https:\/\/yolcu360.com\/blog\/urkmez\/#2_Urkmez_Sahili\" >2. \u00dcrkmez Sahili<\/a><\/li><li class='ez-toc-page-1 ez-toc-heading-level-2'><a class=\"ez-toc-link ez-toc-heading-4\" href=\"https:\/\/yolcu360.com\/blog\/urkmez\/#3_Doganbey_Gece_Pazari\" >3. Do\u011fanbey Gece Pazar\u0131<\/a><\/li><li class='ez-toc-page-1 ez-toc-heading-level-2'><a class=\"ez-toc-link ez-toc-heading-5\" href=\"https:\/\/yolcu360.com\/blog\/urkmez\/#4_Urkmez_Ipekkum_Plaji\" >4. \u00dcrkmez \u0130pekkum Plaj\u0131<\/a><\/li><li class='ez-toc-page-1 ez-toc-heading-level-2'><a class=\"ez-toc-link ez-toc-heading-6\" href=\"https:\/\/yolcu360.com\/blog\/urkmez\/#5_Akvaryum_Plaji\" >5. Akvaryum Plaj\u0131<\/a><\/li><li class='ez-toc-page-1 ez-toc-heading-level-2'><a class=\"ez-toc-link ez-toc-heading-7\" href=\"https:\/\/yolcu360.com\/blog\/urkmez\/#6_Roma_Jeotermal_Hamam_Kalintilari\" >6. Roma Jeotermal Hamam Kal\u0131nt\u0131lar\u0131<\/a><\/li><li class='ez-toc-page-1 ez-toc-heading-level-2'><a class=\"ez-toc-link ez-toc-heading-8\" href=\"https:\/\/yolcu360.com\/blog\/urkmez\/#7_Sakiz_Agaci\" >7. Sak\u0131z A\u011fac\u0131<\/a><\/li><li class='ez-toc-page-1 ez-toc-heading-level-2'><a class=\"ez-toc-link ez-toc-heading-9\" href=\"https:\/\/yolcu360.com\/blog\/urkmez\/#8_Teos_Antik_Kenti\" >8. Teos Antik Kenti<\/a><\/li><li class='ez-toc-page-1 ez-toc-heading-level-2'><a class=\"ez-toc-link ez-toc-heading-10\" href=\"https:\/\/yolcu360.com\/blog\/urkmez\/#Urkmez_Nerede_Nasil_Gidilir\" >\u00dcrkmez Nerede, Nas\u0131l Gidilir?<\/a><\/li><li class='ez-toc-page-1 ez-toc-heading-level-2'><a class=\"ez-toc-link ez-toc-heading-11\" href=\"https:\/\/yolcu360.com\/blog\/urkmez\/#Ucuza_arac_kiralayin\" >Ucuza ara\u00e7 kiralay\u0131n<\/a><\/li><li class='ez-toc-page-1 ez-toc-heading-level-2'><a class=\"ez-toc-link ez-toc-heading-12\" href=\"https:\/\/yolcu360.com\/blog\/urkmez\/#Ekonomik_bilet_bulun\" >Ekonomik bilet bulun<\/a><\/li><li class='ez-toc-page-1 ez-toc-heading-level-2'><a class=\"ez-toc-link ez-toc-heading-13\" href=\"https:\/\/yolcu360.com\/blog\/urkmez\/#Ekonomik_bir_Urkmez_gezisi_icin_Yolcu360_mobil_uygulamasini_indirin\" >Ekonomik bir \u00dcrkmez gezisi i\u00e7in Yolcu360 mobil uygulamas\u0131n\u0131 indirin:<\/a><\/li><\/ul><\/nav><\/div>\n<h2 class=\"wp-block-heading\"><span class=\"ez-toc-section\" id=\"Urkmez_Gezilecek_Yerler_Haritasi\"><\/span>\u00dcrkmez Gezilecek Yerler Haritas\u0131<span class=\"ez-toc-section-end\"><\/span><\/h2>\n\n\n\n<h2 class=\"wp-block-heading\"><span class=\"ez-toc-section\" id=\"1_Urkmez_Belediye_Plaji\"><\/span>1. \u00dcrkmez Belediye Plaj\u0131<span class=\"ez-toc-section-end\"><\/span><\/h2>\n\n\n\n<figure class=\"wp-block-image size-full\"><img fetchpriority=\"high\" decoding=\"async\" width=\"923\" height=\"600\" src=\"https:\/\/yolcu360.com\/blog\/wp-content\/uploads\/2022\/08\/izmir-urkmez-belediye-plaji.webp\" alt=\"\u00fcrkmez belediye plaj\u0131, izmir \u00fcrkmez gezilecek yerler\" class=\"wp-image-75660\" srcset=\"https:\/\/yolcu360.com\/blog\/wp-content\/uploads\/2022\/08\/izmir-urkmez-belediye-plaji.webp 923w, https:\/\/yolcu360.com\/blog\/wp-content\/uploads\/2022\/08\/izmir-urkmez-belediye-plaji-500x325.webp 500w, https:\/\/yolcu360.com\/blog\/wp-content\/uploads\/2022\/08\/izmir-urkmez-belediye-plaji-150x98.webp 150w, https:\/\/yolcu360.com\/blog\/wp-content\/uploads\/2022\/08\/izmir-urkmez-belediye-plaji-768x499.webp 768w, https:\/\/yolcu360.com\/blog\/wp-content\/uploads\/2022\/08\/izmir-urkmez-belediye-plaji-370x241.webp 370w, https:\/\/yolcu360.com\/blog\/wp-content\/uploads\/2022\/08\/izmir-urkmez-belediye-plaji-865x562.webp 865w, https:\/\/yolcu360.com\/blog\/wp-content\/uploads\/2022\/08\/izmir-urkmez-belediye-plaji-642x417.webp 642w, https:\/\/yolcu360.com\/blog\/wp-content\/uploads\/2022\/08\/izmir-urkmez-belediye-plaji-344x225.webp 344w\" sizes=\"(max-width: 923px) 100vw, 923px\" \/><\/figure>\n\n\n\n<p>\u00dcrkmez\u2019in kalbinde yer alan bu plaj, geni\u015f kumsal\u0131 ve masmavi deniziyle b\u00f6lgenin en \u00e7ok tercih edilen noktalar\u0131ndan biridir. \u00dcrkmez Belediye Plaj\u0131, \u00f6zellikle s\u0131\u011f denizi sayesinde \u00e7ocuklu aileler i\u00e7in g\u00fcvenli bir y\u00fczme deneyimi sunuyor. Mavi bayrakl\u0131 olan bu sahil, berrakl\u0131\u011f\u0131yla sizi kendine \u00e7ekerken, belediye taraf\u0131ndan i\u015fletilen tesisler sayesinde konforlu bir g\u00fcn ge\u00e7irmenize olanak tan\u0131yor.<\/p>\n\n\n\n<ul class=\"wp-block-list\">\n<li><a href=\"https:\/\/maps.app.goo.gl\/66EaqYGaj33icJm6A\" target=\"_blank\" rel=\"noreferrer noopener\">\u00dcrkmez Belediye Plaj\u0131\u2019n\u0131 haritada g\u00f6ster<\/a><\/li>\n\n\n\n<li><strong>Olanaklar: <\/strong>\u015eezlong, \u015femsiye, du\u015f, soyunma kabini ve uygun fiyatl\u0131 bir kafeterya mevcut.<\/li>\n<\/ul>\n\n\n\n<h2 class=\"wp-block-heading\"><span class=\"ez-toc-section\" id=\"2_Urkmez_Sahili\"><\/span>2. \u00dcrkmez Sahili<span class=\"ez-toc-section-end\"><\/span><\/h2>\n\n\n\n<figure class=\"wp-block-image size-full\"><img decoding=\"async\" width=\"740\" height=\"484\" src=\"https:\/\/yolcu360.com\/blog\/wp-content\/uploads\/2022\/08\/urkmez-sahili.webp\" alt=\"\u00dcrkmez Sahili\" class=\"wp-image-75661\" srcset=\"https:\/\/yolcu360.com\/blog\/wp-content\/uploads\/2022\/08\/urkmez-sahili.webp 740w, https:\/\/yolcu360.com\/blog\/wp-content\/uploads\/2022\/08\/urkmez-sahili-500x327.webp 500w, https:\/\/yolcu360.com\/blog\/wp-content\/uploads\/2022\/08\/urkmez-sahili-150x98.webp 150w, https:\/\/yolcu360.com\/blog\/wp-content\/uploads\/2022\/08\/urkmez-sahili-370x242.webp 370w, https:\/\/yolcu360.com\/blog\/wp-content\/uploads\/2022\/08\/urkmez-sahili-642x420.webp 642w, https:\/\/yolcu360.com\/blog\/wp-content\/uploads\/2022\/08\/urkmez-sahili-344x225.webp 344w\" sizes=\"(max-width: 740px) 100vw, 740px\" \/><\/figure>\n\n\n\n<p>G\u00fcn bat\u0131m\u0131nda y\u00fcr\u00fcy\u00fc\u015f yapmay\u0131 sevenlerin bulu\u015fma noktas\u0131 olan \u00dcrkmez sahili, kilometrelerce uzanan sahil band\u0131yla tam bir huzur rotas\u0131d\u0131r. Yaz ak\u015famlar\u0131nda esen hafif meltem e\u015fli\u011finde sahil yolunda turlayabilir, deniz kenar\u0131ndaki banklarda oturarak Ege\u2019nin sesini dinleyebilirsiniz. Sahil boyunca s\u0131ralanan k\u00fc\u00e7\u00fck kafeler ve dondurmac\u0131lar, ak\u015fam y\u00fcr\u00fcy\u00fc\u015flerinizi tatland\u0131rmak i\u00e7in sizi bekliyor.<\/p>\n\n\n\n<ul class=\"wp-block-list\">\n<li><a href=\"https:\/\/maps.app.goo.gl\/jkXANswmKiX4e9S36\" target=\"_blank\" rel=\"noreferrer noopener\">\u00dcrkmez Sahili\u2019ni haritada g\u00f6ster<\/a><\/li>\n\n\n\n<li><strong>Olanaklar:<\/strong> Y\u00fcr\u00fcy\u00fc\u015f parkuru, oturma alanlar\u0131 ve \u00e7evresinde \u00e7ok say\u0131da market\/restoran bulunuyor.<\/li>\n<\/ul>\n\n\n\n<h2 class=\"wp-block-heading\"><span class=\"ez-toc-section\" id=\"3_Doganbey_Gece_Pazari\"><\/span>3. Do\u011fanbey Gece Pazar\u0131<span class=\"ez-toc-section-end\"><\/span><\/h2>\n\n\n\n<figure class=\"wp-block-image size-full\"><img decoding=\"async\" width=\"932\" height=\"597\" src=\"https:\/\/yolcu360.com\/blog\/wp-content\/uploads\/2022\/08\/doganbey-gece-pazari.webp\" alt=\"Do\u011fanbey Gece Pazar\u0131, \u00fcrkmez gezilecek yerler\" class=\"wp-image-75662\" srcset=\"https:\/\/yolcu360.com\/blog\/wp-content\/uploads\/2022\/08\/doganbey-gece-pazari.webp 932w, https:\/\/yolcu360.com\/blog\/wp-content\/uploads\/2022\/08\/doganbey-gece-pazari-500x320.webp 500w, https:\/\/yolcu360.com\/blog\/wp-content\/uploads\/2022\/08\/doganbey-gece-pazari-150x96.webp 150w, https:\/\/yolcu360.com\/blog\/wp-content\/uploads\/2022\/08\/doganbey-gece-pazari-768x492.webp 768w, https:\/\/yolcu360.com\/blog\/wp-content\/uploads\/2022\/08\/doganbey-gece-pazari-370x237.webp 370w, https:\/\/yolcu360.com\/blog\/wp-content\/uploads\/2022\/08\/doganbey-gece-pazari-865x554.webp 865w, https:\/\/yolcu360.com\/blog\/wp-content\/uploads\/2022\/08\/doganbey-gece-pazari-642x411.webp 642w\" sizes=\"(max-width: 932px) 100vw, 932px\" \/><\/figure>\n\n\n\n<p>\u00dcrkmez ile i\u00e7 i\u00e7e ge\u00e7mi\u015f olan Do\u011fanbey b\u00f6lgesinin en canl\u0131 noktas\u0131 ku\u015fkusuz \u00dcrkmez gece pazar\u0131 olarak da bilinen bu renkli aland\u0131r. Yaz ak\u015famlar\u0131n\u0131n vazge\u00e7ilmezi olan bu pazarda; el eme\u011fi tak\u0131lardan y\u00f6resel \u00fcr\u00fcnlere, taze meyvelerden hediyelik e\u015fyalara kadar her \u015feyi bulabilirsiniz. \u00dcrkmez gece pazar\u0131 foto\u011fraflar karenize en \u00e7ok, \u0131\u015f\u0131l \u0131\u015f\u0131l tezgahlar ve b\u00f6lgenin o me\u015fhur samimiyeti yans\u0131yacak.<\/p>\n\n\n\n<ul class=\"wp-block-list\">\n<li><a href=\"https:\/\/maps.app.goo.gl\/tmdS85gTzPVBWE9H6\" target=\"_blank\" rel=\"noreferrer noopener\">Do\u011fanbey Gece Pazar\u0131\u2019n\u0131 haritada g\u00f6ster<\/a><\/li>\n\n\n\n<li><strong>Olanaklar:<\/strong> Geni\u015f otopark alan\u0131, yeme-i\u00e7me stantlar\u0131 ve tuvalet imkan\u0131 mevcut.<\/li>\n<\/ul>\n\n\n\n<h2 class=\"wp-block-heading\"><span class=\"ez-toc-section\" id=\"4_Urkmez_Ipekkum_Plaji\"><\/span>4. \u00dcrkmez \u0130pekkum Plaj\u0131<span class=\"ez-toc-section-end\"><\/span><\/h2>\n\n\n\n<p>Ad\u0131n\u0131 ipek gibi yumu\u015fac\u0131k ve incecik kumundan alan \u00dcrkmez \u0130pekkum, b\u00f6lgenin en \u00f6zel plajlar\u0131ndan biridir. Denizin i\u00e7i de t\u0131pk\u0131 sahili gibi tamamen kumluktur ve su olduk\u00e7a ge\u00e7 derinle\u015fir. Turkuaz rengi s\u0131\u011f sular\u0131nda saatlerce vakit ge\u00e7irebilece\u011finiz \u0130pekkum, sakinli\u011fi ve do\u011fal g\u00fczelli\u011fiyle \u00dcrkmez\u2019in gizli m\u00fccevheri gibidir.<\/p>\n\n\n\n<ul class=\"wp-block-list\">\n<li><a href=\"https:\/\/maps.app.goo.gl\/6gytNSDtLBH8aHQG9\" target=\"_blank\" rel=\"noreferrer noopener\">\u0130pekkum Plaj\u0131\u2019n\u0131 haritada g\u00f6ster<\/a><\/li>\n\n\n\n<li><strong>Olanaklar:<\/strong> \u015eezlong kiralama se\u00e7enekleri ve plaj \u00e7evresinde butik i\u015fletmeler yer al\u0131yor.<\/li>\n<\/ul>\n\n\n\n<h2 class=\"wp-block-heading\"><span class=\"ez-toc-section\" id=\"5_Akvaryum_Plaji\"><\/span>5. Akvaryum Plaj\u0131<span class=\"ez-toc-section-end\"><\/span><\/h2>\n\n\n\n<p>\u00dcrkmez\u2019in \u0130zmir \u00dcrkmez s\u0131n\u0131r\u0131ndaki Akvaryum Plaj\u0131, g\u00fcne\u015fin alt\u0131nda parlayan alt\u0131n sar\u0131s\u0131 kumlar\u0131yla bu ismi sonuna kadar hak ediyor. R\u00fczgara kar\u015f\u0131 korunakl\u0131 yap\u0131s\u0131 sayesinde denizi genellikle s\u00fct liman olan bu plaj, \u015fnorkelle dal\u0131\u015f yapmay\u0131 sevenler i\u00e7in de olduk\u00e7a berrak bir g\u00f6r\u00fc\u015f a\u00e7\u0131s\u0131 sunuyor.<\/p>\n\n\n\n<ul class=\"wp-block-list\">\n<li><a href=\"https:\/\/maps.app.goo.gl\/xWU2BbauQutw47Gb7\" target=\"_blank\" rel=\"noreferrer noopener\">Akvaryum Plaj\u0131\u2019n\u0131 haritada g\u00f6ster<\/a><\/li>\n\n\n\n<li><strong>Olanaklar:<\/strong> Halka a\u00e7\u0131k alanlar mevcut; \u015femsiyenizi al\u0131p gidebilir veya yak\u0131ndaki tesislerden faydalanabilirsiniz.<\/li>\n<\/ul>\n\n\n\n<h2 class=\"wp-block-heading\"><span class=\"ez-toc-section\" id=\"6_Roma_Jeotermal_Hamam_Kalintilari\"><\/span>6. Roma Jeotermal Hamam Kal\u0131nt\u0131lar\u0131<span class=\"ez-toc-section-end\"><\/span><\/h2>\n\n\n\n<figure class=\"wp-block-gallery has-nested-images columns-default is-cropped wp-block-gallery-1 is-layout-flex wp-block-gallery-is-layout-flex\">\n<figure class=\"wp-block-image size-large\"><img loading=\"lazy\" decoding=\"async\" width=\"922\" height=\"600\" data-id=\"75664\" src=\"https:\/\/yolcu360.com\/blog\/wp-content\/uploads\/2022\/08\/roma-jeotermal-hamam-kalintilari-1.webp\" alt=\"Roma Jeotermal Hamam Kal\u0131nt\u0131lar\u0131, \u00fcrkmez gezilecek tarihi yerler\" class=\"wp-image-75664\" srcset=\"https:\/\/yolcu360.com\/blog\/wp-content\/uploads\/2022\/08\/roma-jeotermal-hamam-kalintilari-1.webp 922w, https:\/\/yolcu360.com\/blog\/wp-content\/uploads\/2022\/08\/roma-jeotermal-hamam-kalintilari-1-500x325.webp 500w, https:\/\/yolcu360.com\/blog\/wp-content\/uploads\/2022\/08\/roma-jeotermal-hamam-kalintilari-1-150x98.webp 150w, https:\/\/yolcu360.com\/blog\/wp-content\/uploads\/2022\/08\/roma-jeotermal-hamam-kalintilari-1-768x500.webp 768w, https:\/\/yolcu360.com\/blog\/wp-content\/uploads\/2022\/08\/roma-jeotermal-hamam-kalintilari-1-370x241.webp 370w, https:\/\/yolcu360.com\/blog\/wp-content\/uploads\/2022\/08\/roma-jeotermal-hamam-kalintilari-1-865x563.webp 865w, https:\/\/yolcu360.com\/blog\/wp-content\/uploads\/2022\/08\/roma-jeotermal-hamam-kalintilari-1-642x418.webp 642w, https:\/\/yolcu360.com\/blog\/wp-content\/uploads\/2022\/08\/roma-jeotermal-hamam-kalintilari-1-344x225.webp 344w\" sizes=\"(max-width: 922px) 100vw, 922px\" \/><\/figure>\n<\/figure>\n\n\n\n<p>Tarih merakl\u0131lar\u0131 i\u00e7in \u00dcrkmez\u2019in \u00e7ok yak\u0131n\u0131nda bulunan bu antik kal\u0131nt\u0131lar, b\u00f6lgenin binlerce y\u0131ll\u0131k termal ge\u00e7mi\u015fine \u0131\u015f\u0131k tutuyor. \u00dcrkmez \u0130zmir \u00e7evresinde yer alan bu Roma d\u00f6nemine ait hamam kal\u0131nt\u0131lar\u0131, antik d\u00f6nemde de bu sular\u0131n \u015fifa amac\u0131yla kullan\u0131ld\u0131\u011f\u0131n\u0131 kan\u0131tlar nitelikte. Do\u011fan\u0131n i\u00e7ine gizlenmi\u015f bu kal\u0131nt\u0131lar\u0131 ziyaret ederek k\u0131sa bir tarih yolculu\u011funa \u00e7\u0131kabilirsiniz.<\/p>\n\n\n\n<ul class=\"wp-block-list\">\n<li><a href=\"https:\/\/maps.app.goo.gl\/V3bh6hN1w1n1NrSK8\" target=\"_blank\" rel=\"noreferrer noopener\">Roma Jeotermal Hamam&#8217;\u0131 haritada g\u00f6ster<\/a><\/li>\n\n\n\n<li><strong>Olanaklar:<\/strong> Herhangi bir turistik tesis bulunmuyor; b\u00f6lgeyi ke\u015ffetmek i\u00e7in uygun ayakkab\u0131larla gitmeniz \u00f6nerilir.<\/li>\n<\/ul>\n\n\n\n<h2 class=\"wp-block-heading\"><span class=\"ez-toc-section\" id=\"7_Sakiz_Agaci\"><\/span>7. Sak\u0131z A\u011fac\u0131<span class=\"ez-toc-section-end\"><\/span><\/h2>\n\n\n\n<p>\u00dcrkmez ve Do\u011fanbey aras\u0131ndaki sahil \u015feridinde yer alan bu as\u0131rl\u0131k sak\u0131z a\u011fac\u0131, yerel halk i\u00e7in adeta bir simge haline gelmi\u015f durumda. G\u00f6lgesinde soluklanabilece\u011finiz, denize kar\u015f\u0131 \u00e7ay\u0131n\u0131z\u0131 yudumlayabilece\u011finiz bu nokta, b\u00f6lgenin do\u011fal miras\u0131n\u0131n en g\u00fczel par\u00e7alar\u0131ndan biridir. Foto\u011fraf tutkunlar\u0131 i\u00e7in de olduk\u00e7a estetik bir fon olu\u015fturuyor.<\/p>\n\n\n\n<ul class=\"wp-block-list\">\n<li><a href=\"https:\/\/maps.app.goo.gl\/oX57es3jxAN1yer88\" target=\"_blank\" rel=\"noreferrer noopener\">Sak\u0131z A\u011fac\u0131\u2019n\u0131 haritada g\u00f6ster<\/a><\/li>\n\n\n\n<li><strong>Olanaklar:<\/strong> Hemen yan\u0131nda \u00e7ay bah\u00e7esi ve dinlenme alanlar\u0131 mevcuttur.<\/li>\n<\/ul>\n\n\n\n<h2 class=\"wp-block-heading\"><span class=\"ez-toc-section\" id=\"8_Teos_Antik_Kenti\"><\/span>8. Teos Antik Kenti<span class=\"ez-toc-section-end\"><\/span><\/h2>\n\n\n\n<figure class=\"wp-block-image size-full\"><img loading=\"lazy\" decoding=\"async\" width=\"936\" height=\"600\" src=\"https:\/\/yolcu360.com\/blog\/wp-content\/uploads\/2018\/03\/teos-antik-kenti.webp\" alt=\"teos antik kenti\" class=\"wp-image-75445\" srcset=\"https:\/\/yolcu360.com\/blog\/wp-content\/uploads\/2018\/03\/teos-antik-kenti.webp 936w, https:\/\/yolcu360.com\/blog\/wp-content\/uploads\/2018\/03\/teos-antik-kenti-500x321.webp 500w, https:\/\/yolcu360.com\/blog\/wp-content\/uploads\/2018\/03\/teos-antik-kenti-150x96.webp 150w, https:\/\/yolcu360.com\/blog\/wp-content\/uploads\/2018\/03\/teos-antik-kenti-768x492.webp 768w, https:\/\/yolcu360.com\/blog\/wp-content\/uploads\/2018\/03\/teos-antik-kenti-370x237.webp 370w, https:\/\/yolcu360.com\/blog\/wp-content\/uploads\/2018\/03\/teos-antik-kenti-865x554.webp 865w, https:\/\/yolcu360.com\/blog\/wp-content\/uploads\/2018\/03\/teos-antik-kenti-642x412.webp 642w\" sizes=\"(max-width: 936px) 100vw, 936px\" \/><\/figure>\n\n\n\n<p>\u00dcrkmez\u2019e ara\u00e7la yakla\u015f\u0131k 15 &#8211; 20 dakikal\u0131k mesafede bulunan Teos, 12 Ion kentinden biri olarak mutlaka g\u00f6r\u00fclmesi gereken bir yerdir. Sanat\u00e7\u0131lar\u0131n kenti olarak bilinen Teos\u2019ta; d\u00fcnyan\u0131n en b\u00fcy\u00fck Dionysos Tap\u0131na\u011f\u0131\u2019n\u0131 g\u00f6rebilir, as\u0131rl\u0131k zeytin a\u011fa\u00e7lar\u0131n\u0131n g\u00f6lgesinde tarihin izini s\u00fcrebilirsiniz.<\/p>\n\n\n\n<ul class=\"wp-block-list\">\n<li><a href=\"https:\/\/maps.app.goo.gl\/JSYc4ahSDEZTo6bcA\" target=\"_blank\" rel=\"noopener\">Teos Antik Kenti\u2019ni haritada g\u00f6ster<\/a><\/li>\n\n\n\n<li><strong>Giri\u015f \u00dccreti:<\/strong> M\u00fczeKart ge\u00e7erlidir.<\/li>\n\n\n\n<li><strong>Olanaklar:<\/strong> Otopark, bilgilendirme panolar\u0131 ve antik tiyatro \u00e7evresinde y\u00fcr\u00fcy\u00fc\u015f yollar\u0131 mevcuttur.<\/li>\n<\/ul>\n\n\n\n<h2 class=\"wp-block-heading\"><span class=\"ez-toc-section\" id=\"Urkmez_Nerede_Nasil_Gidilir\"><\/span>\u00dcrkmez Nerede, Nas\u0131l Gidilir?<span class=\"ez-toc-section-end\"><\/span><\/h2>\n\n\n<style>.kb-google-maps-container51273_2f546c-56{height:150px;}<\/style><div class=\"kb-google-maps-container kb-google-maps-container51273_2f546c-56  wp-block-kadence-googlemaps\" data-mapid=\"51273_2f546c56\"><iframe width=\"100%\" height=\"100%\"\n\t\t\t\t\t\t\tstyle=\"border:0\" loading=\"lazy\"\n\t\t\t\t\t\t\tsrc=\"https:\/\/www.google.com\/maps\/embed\/v1\/place?key=AIzaSyBAM2o7PiQqwk15LC1XRH2e_KJ-jUa7KYk&#038;zoom=13&#038;maptype=roadmap&#038;q=%C3%BCrkmez\"\n\t\t\t\t\t\t\ttitle=\"Google map of \u00fcrkmez\"><\/iframe><\/div><script>function kb_google_map51273_2f546c56() { let center = { lat: 37.8201, lng: -122.4781}; let map = new google.maps.Map(document.getElementById(\"kb-google-map51273_2f546c56\"), {\n\t\t\t\t\t    zoom: 13,\n\t\t\t\t\t    center: center,});let marker = new google.maps.Marker({   position: { lat: 37.8201, lng: -122.4781},    map: map,  });}<\/script>\n\n\n<p>\u0130zmir\u2019in g\u00fcneyinde, Seferihisar ile Sel\u00e7uk aras\u0131nda stratejik bir konumda yer alan \u0130zmir \u00dcrkmez, masmavi denizi ve mandalina bah\u00e7eleriyle \u00e7evrili huzurlu bir sahil kasabas\u0131d\u0131r. Co\u011frafi olarak Seferihisar il\u00e7esinin bir par\u00e7as\u0131 olan bu b\u00f6lge, sakinli\u011fi arayanlar\u0131n ve yazl\u0131k\u00e7\u0131lar\u0131n vazge\u00e7ilmez duraklar\u0131ndan biridir. \u0130zmir \u015fehir merkezinin yakla\u015f\u0131k 50 kilometre g\u00fcneyinde bulunan \u00dcrkmez, ayn\u0131 zamanda G\u00fcm\u00fcld\u00fcr ve \u00d6zdere gibi pop\u00fcler tatil beldelerine de olduk\u00e7a yak\u0131nd\u0131r.<\/p>\n\n\n\n<h3 class=\"wp-block-heading\">\u00dcrkmez Yol Tarifi<\/h3>\n\n\n\n<p>Tatil plan\u0131n\u0131z\u0131 yaparken \u00dcrkmez neresi diye merak edenler i\u00e7in ula\u015f\u0131m olduk\u00e7a kolay ve \u00e7e\u015fitlidir. \u0130zmir Adnan Menderes Havaliman\u0131 veya \u015fehir merkezinden \u015fu rotalar\u0131 izleyerek bu \u015firin beldeye ula\u015fabilirsiniz:<\/p>\n\n\n\n<p class=\"has-background\" style=\"background-color:#fff3f3\"><strong>\u00d6zel Ara\u00e7 ile Ula\u015f\u0131m:<\/strong> \u0130zmir merkezden yola \u00e7\u0131k\u0131yorsan\u0131z, Gaziemir \u00fczerinden Menderes yolunu takip ederek G\u00fcm\u00fcld\u00fcr y\u00f6n\u00fcne sapabilir veya Seferihisar \u00fczerinden sahil yolunu tercih edebilirsiniz. \u0130zmir \u00dcrkmez aras\u0131 ka\u00e7 km derseniz; merkezden yakla\u015f\u0131k 55 kilometrelik bir yolculukla 1 saat i\u00e7inde b\u00f6lgeye varabilirsiniz.<\/p>\n\n\n\n<p class=\"has-background\" style=\"background-color:#eef8ff\"><strong>Otob\u00fcs (ESHOT): \u0130<\/strong>zmir\u2019in ula\u015f\u0131m a\u011f\u0131 \u00fczerinden &#8220;Fahrettin Altay&#8221; veya &#8220;Cumaovas\u0131&#8221; aktarma merkezlerini kullanabilirsiniz. Cumaovas\u0131 \u0130ZBAN istasyonundan kalkan 776 numaral\u0131 G\u00fcm\u00fcld\u00fcr-\u00dcrkmez otob\u00fcsleri ile beldeye ula\u015f\u0131m sa\u011flamak olduk\u00e7a pratiktir.<\/p>\n\n\n\n<p class=\"has-background\" style=\"background-color:#ffeeee\"><strong>Dolmu\u015f (Minib\u00fcs): <\/strong>\u0130zmir \u00dc\u00e7kuyular semt garaj\u0131ndan hareket eden \u00dcrkmez dolmu\u015flar\u0131n\u0131 kullanarak g\u00fcn\u00fcn her saati beldeye ula\u015f\u0131m sa\u011flayabilirsiniz.<\/p>\n\n\n\n<blockquote class=\"wp-block-quote is-layout-flow wp-block-quote-is-layout-flow\">\n<p>\u015eehir d\u0131\u015f\u0131ndan gelen misafirler i\u00e7in en konforlu se\u00e7enek hava yoludur. <a href=\"https:\/\/yolcu360.com\/ucak-bileti\/turkiye\/izmir\/adnan-menderes-havalimani\" target=\"_blank\" data-type=\"link\" data-id=\"https:\/\/yolcu360.com\/ucak-bileti\/turkiye\/izmir\/adnan-menderes-havalimani\" rel=\"noreferrer noopener\">Adnan Menderes Havaliman\u0131\u2019na ini\u015f yapt\u0131ktan sonra<\/a>, \u00dcrkmez ve \u00e7evresindeki koylar\u0131 \u00f6zg\u00fcrce ke\u015ffetmek, b\u00f6lgenin gizli kalm\u0131\u015f plajlar\u0131na rahat\u00e7a ula\u015fmak i\u00e7in <a href=\"https:\/\/yolcu360.com\/arac-kiralama\/turkiye\/izmir\/adnan-menderes-havalimani\" target=\"_blank\" rel=\"noreferrer noopener\">\u0130zmir Adnan Menderes Havaliman\u0131 ara\u00e7 kiralama<\/a> se\u00e7eneklerini de\u011ferlendirebilirsiniz. Havaliman\u0131ndan teslim alaca\u011f\u0131n\u0131z ara\u00e7la yakla\u015f\u0131k 45 dakikal\u0131k keyifli bir s\u00fcr\u00fc\u015f\u00fcn ard\u0131ndan kendinizi \u00dcrkmez\u2019in serin sular\u0131na b\u0131rakabilirsiniz.<\/p>\n<\/blockquote>\n\n\n<style>.kb-row-layout-id51273_e45844-d8 > .kt-row-column-wrap{align-content:start;}:where(.kb-row-layout-id51273_e45844-d8 > .kt-row-column-wrap) > .wp-block-kadence-column{justify-content:start;}.kb-row-layout-id51273_e45844-d8 > .kt-row-column-wrap{column-gap:var(--global-kb-gap-md, 2rem);row-gap:var(--global-kb-gap-md, 2rem);padding-top:var(--global-kb-spacing-sm, 1.5rem);padding-bottom:var(--global-kb-spacing-sm, 1.5rem);grid-template-columns:repeat(2, minmax(0, 1fr));}.kb-row-layout-id51273_e45844-d8 > .kt-row-layout-overlay{opacity:0.30;}@media all and (max-width: 1024px){.kb-row-layout-id51273_e45844-d8 > .kt-row-column-wrap{grid-template-columns:repeat(2, minmax(0, 1fr));}}@media all and (max-width: 767px){.kb-row-layout-id51273_e45844-d8 > .kt-row-column-wrap{grid-template-columns:minmax(0, 1fr);}}<\/style><div class=\"kb-row-layout-wrap kb-row-layout-id51273_e45844-d8 alignnone wp-block-kadence-rowlayout\"><div class=\"kt-row-column-wrap kt-has-2-columns kt-row-layout-equal kt-tab-layout-inherit kt-mobile-layout-row kt-row-valign-top\">\n<style>.kadence-column51273_496cc4-5f > .kt-inside-inner-col,.kadence-column51273_496cc4-5f > .kt-inside-inner-col:before{border-top-left-radius:0px;border-top-right-radius:0px;border-bottom-right-radius:0px;border-bottom-left-radius:0px;}.kadence-column51273_496cc4-5f > .kt-inside-inner-col{column-gap:var(--global-kb-gap-sm, 1rem);}.kadence-column51273_496cc4-5f > .kt-inside-inner-col{flex-direction:column;}.kadence-column51273_496cc4-5f > .kt-inside-inner-col > .aligncenter{width:100%;}.kadence-column51273_496cc4-5f > .kt-inside-inner-col:before{opacity:0.3;}.kadence-column51273_496cc4-5f{position:relative;}@media all and (max-width: 1024px){.kadence-column51273_496cc4-5f > .kt-inside-inner-col{flex-direction:column;justify-content:center;}}@media all and (max-width: 767px){.kadence-column51273_496cc4-5f > .kt-inside-inner-col{flex-direction:column;justify-content:center;}}<\/style>\n<div class=\"wp-block-kadence-column kadence-column51273_496cc4-5f\"><div class=\"kt-inside-inner-col\"><style>.wp-block-kadence-column.kb-section-dir-horizontal > .kt-inside-inner-col > .kt-info-box51273_083a27-6d .kt-blocks-info-box-link-wrap{max-width:unset;}.kt-info-box51273_083a27-6d .kt-blocks-info-box-link-wrap{padding-top:var(--global-kb-spacing-xs, 1rem);padding-right:var(--global-kb-spacing-xs, 1rem);padding-bottom:var(--global-kb-spacing-xs, 1rem);padding-left:var(--global-kb-spacing-xs, 1rem);}.kt-info-box51273_083a27-6d .kadence-info-box-icon-container .kt-info-svg-icon, .kt-info-box51273_083a27-6d .kt-info-svg-icon-flip, .kt-info-box51273_083a27-6d .kt-blocks-info-box-number{font-size:50px;}.kt-info-box51273_083a27-6d .kt-blocks-info-box-media{border-top-width:0px;border-right-width:0px;border-bottom-width:0px;border-left-width:0px;padding-top:10px;padding-right:10px;padding-bottom:10px;padding-left:10px;}.kt-info-box51273_083a27-6d .kt-blocks-info-box-media-container{margin-top:0px;margin-right:15px;margin-bottom:0px;margin-left:15px;}.kt-info-box51273_083a27-6d .kt-blocks-info-box-learnmore{background:transparent;border-width:0px 0px 0px 0px;padding-top:4px;padding-right:8px;padding-bottom:4px;padding-left:8px;margin-top:10px;margin-right:0px;margin-bottom:10px;margin-left:0px;}<\/style>\n<div class=\"wp-block-kadence-infobox kt-info-box51273_083a27-6d\"><a class=\"kt-blocks-info-box-link-wrap info-box-link kt-blocks-info-box-media-align-top kt-info-halign-center\" target=\"_blank\" rel=\"noopener noreferrer\" href=\"https:\/\/yolcu360.com\/arac-kiralama\"><div class=\"kt-blocks-info-box-media-container\"><div class=\"kt-blocks-info-box-media kt-info-media-animate-none\"><div class=\"kadence-info-box-icon-container kt-info-icon-animate-none\"><div class=\"kadence-info-box-icon-inner-container\"><span class=\"kb-svg-icon-wrap kb-svg-icon-fas_car-side kt-info-svg-icon\"><svg viewBox=\"0 0 640 512\"  fill=\"currentColor\" xmlns=\"http:\/\/www.w3.org\/2000\/svg\"  aria-hidden=\"true\"><path d=\"M544 192h-16L419.22 56.02A64.025 64.025 0 0 0 369.24 32H155.33c-26.17 0-49.7 15.93-59.42 40.23L48 194.26C20.44 201.4 0 226.21 0 256v112c0 8.84 7.16 16 16 16h48c0 53.02 42.98 96 96 96s96-42.98 96-96h128c0 53.02 42.98 96 96 96s96-42.98 96-96h48c8.84 0 16-7.16 16-16v-80c0-53.02-42.98-96-96-96zM160 432c-26.47 0-48-21.53-48-48s21.53-48 48-48 48 21.53 48 48-21.53 48-48 48zm72-240H116.93l38.4-96H232v96zm48 0V96h89.24l76.8 96H280zm200 240c-26.47 0-48-21.53-48-48s21.53-48 48-48 48 21.53 48 48-21.53 48-48 48z\"\/><\/svg><\/span><\/div><\/div><\/div><\/div><div class=\"kt-infobox-textcontent\"><h2 class=\"kt-blocks-info-box-title\"><span class=\"ez-toc-section\" id=\"Ucuza_arac_kiralayin\"><\/span>Ucuza ara\u00e7 kiralay\u0131n<span class=\"ez-toc-section-end\"><\/span><\/h2><p class=\"kt-blocks-info-box-text\">Yolcu360 ile 180\u2019den fazla \u00fclkede y\u00fczlerce ara\u00e7 kiralama firmas\u0131n\u0131 kar\u015f\u0131la\u015ft\u0131rarak ko\u015fulsuz iade garantisiyle ucuz kiral\u0131k ara\u00e7 bulabilirsiniz.<\/p><\/div><\/a><\/div>\n<\/div><\/div>\n\n\n<style>.kadence-column51273_4ea0e5-77 > .kt-inside-inner-col,.kadence-column51273_4ea0e5-77 > .kt-inside-inner-col:before{border-top-left-radius:0px;border-top-right-radius:0px;border-bottom-right-radius:0px;border-bottom-left-radius:0px;}.kadence-column51273_4ea0e5-77 > .kt-inside-inner-col{column-gap:var(--global-kb-gap-sm, 1rem);}.kadence-column51273_4ea0e5-77 > .kt-inside-inner-col{flex-direction:column;}.kadence-column51273_4ea0e5-77 > .kt-inside-inner-col > .aligncenter{width:100%;}.kadence-column51273_4ea0e5-77 > .kt-inside-inner-col:before{opacity:0.3;}.kadence-column51273_4ea0e5-77{position:relative;}@media all and (max-width: 1024px){.kadence-column51273_4ea0e5-77 > .kt-inside-inner-col{flex-direction:column;justify-content:center;}}@media all and (max-width: 767px){.kadence-column51273_4ea0e5-77 > .kt-inside-inner-col{flex-direction:column;justify-content:center;}}<\/style>\n<div class=\"wp-block-kadence-column kadence-column51273_4ea0e5-77\"><div class=\"kt-inside-inner-col\"><style>.wp-block-kadence-column.kb-section-dir-horizontal > .kt-inside-inner-col > .kt-info-box51273_b16032-31 .kt-blocks-info-box-link-wrap{max-width:unset;}.kt-info-box51273_b16032-31 .kt-blocks-info-box-link-wrap{padding-top:var(--global-kb-spacing-xs, 1rem);padding-right:var(--global-kb-spacing-xs, 1rem);padding-bottom:var(--global-kb-spacing-xs, 1rem);padding-left:var(--global-kb-spacing-xs, 1rem);}.kt-info-box51273_b16032-31 .kadence-info-box-icon-container .kt-info-svg-icon, .kt-info-box51273_b16032-31 .kt-info-svg-icon-flip, .kt-info-box51273_b16032-31 .kt-blocks-info-box-number{font-size:50px;}.kt-info-box51273_b16032-31 .kt-blocks-info-box-media{border-top-width:0px;border-right-width:0px;border-bottom-width:0px;border-left-width:0px;padding-top:10px;padding-right:10px;padding-bottom:10px;padding-left:10px;}.kt-info-box51273_b16032-31 .kt-blocks-info-box-media-container{margin-top:0px;margin-right:15px;margin-bottom:0px;margin-left:15px;}.kt-info-box51273_b16032-31 .kt-blocks-info-box-learnmore{background:transparent;border-width:0px 0px 0px 0px;padding-top:4px;padding-right:8px;padding-bottom:4px;padding-left:8px;margin-top:10px;margin-right:0px;margin-bottom:10px;margin-left:0px;}<\/style>\n<div class=\"wp-block-kadence-infobox kt-info-box51273_b16032-31\"><a class=\"kt-blocks-info-box-link-wrap info-box-link kt-blocks-info-box-media-align-top kt-info-halign-center\" target=\"_blank\" rel=\"noopener noreferrer\" href=\"https:\/\/yolcu360.com\/ucak-bileti\"><div class=\"kt-blocks-info-box-media-container\"><div class=\"kt-blocks-info-box-media kt-info-media-animate-none\"><div class=\"kadence-info-box-icon-container kt-info-icon-animate-none\"><div class=\"kadence-info-box-icon-inner-container\"><span class=\"kb-svg-icon-wrap kb-svg-icon-fas_plane kt-info-svg-icon\"><svg viewBox=\"0 0 576 512\"  fill=\"currentColor\" xmlns=\"http:\/\/www.w3.org\/2000\/svg\"  aria-hidden=\"true\"><path d=\"M480 192H365.71L260.61 8.06A16.014 16.014 0 0 0 246.71 0h-65.5c-10.63 0-18.3 10.17-15.38 20.39L214.86 192H112l-43.2-57.6c-3.02-4.03-7.77-6.4-12.8-6.4H16.01C5.6 128-2.04 137.78.49 147.88L32 256 .49 364.12C-2.04 374.22 5.6 384 16.01 384H56c5.04 0 9.78-2.37 12.8-6.4L112 320h102.86l-49.03 171.6c-2.92 10.22 4.75 20.4 15.38 20.4h65.5c5.74 0 11.04-3.08 13.89-8.06L365.71 320H480c35.35 0 96-28.65 96-64s-60.65-64-96-64z\"\/><\/svg><\/span><\/div><\/div><\/div><\/div><div class=\"kt-infobox-textcontent\"><h2 class=\"kt-blocks-info-box-title\"><span class=\"ez-toc-section\" id=\"Ekonomik_bilet_bulun\"><\/span>Ekonomik bilet bulun<span class=\"ez-toc-section-end\"><\/span><\/h2><p class=\"kt-blocks-info-box-text\">Yolcu360 ile 400&#8217;den fazla hava yolu \u015firketinin fiyatlar\u0131n\u0131 kar\u015f\u0131la\u015ft\u0131rarak uygun fiyatl\u0131 u\u00e7ak biletleri haftan\u0131n her g\u00fcn\u00fc 7\/24 m\u00fc\u015fteri deste\u011fiyle rezerve edebilirsiniz. <\/p><\/div><\/a><\/div>\n<\/div><\/div>\n\n<\/div><\/div>\n\n\n<p><a href=\"https:\/\/yolcu360.com\/blog\/izmir-gezilecek-yerler\/\" target=\"_blank\" rel=\"noreferrer noopener\">\u0130zmir&#8217;de gezilecek yerleri merak ediyorsan\u0131z bu yaz\u0131m\u0131za g\u00f6z at\u0131n.<\/a><\/p>\n\n\n\n<blockquote class=\"wp-block-quote is-layout-flow wp-block-quote-is-layout-flow\">\n<h2 class=\"wp-block-heading\"><span class=\"ez-toc-section\" id=\"Ekonomik_bir_Urkmez_gezisi_icin_Yolcu360_mobil_uygulamasini_indirin\"><\/span>Ekonomik bir \u00dcrkmez gezisi i\u00e7in Yolcu360 mobil uygulamas\u0131n\u0131 indirin:<span class=\"ez-toc-section-end\"><\/span><\/h2>\n<\/blockquote>\n\n\n\n<div class=\"wp-block-group is-vertical is-layout-flex wp-container-core-group-is-layout-8cf370e7 wp-block-group-is-layout-flex\">\n<figure class=\"wp-block-image size-full is-resized\"><a href=\"https:\/\/apps.apple.com\/tr\/app\/yolcu360-car-rental\/id1331933613\" target=\"_blank\" rel=\" noreferrer noopener\"><img loading=\"lazy\" decoding=\"async\" width=\"606\" height=\"160\" src=\"https:\/\/yolcu360.com\/blog\/wp-content\/uploads\/2025\/10\/yolcu360-mobil-ios.png\" alt=\"ios yolcu360 mobil uygulama indirme butonu\" class=\"lazyload_inited wp-image-69904\" style=\"width:543px;height:auto\" srcset=\"https:\/\/yolcu360.com\/blog\/wp-content\/uploads\/2025\/10\/yolcu360-mobil-ios.png 606w, https:\/\/yolcu360.com\/blog\/wp-content\/uploads\/2025\/10\/yolcu360-mobil-ios-500x132.png 500w, https:\/\/yolcu360.com\/blog\/wp-content\/uploads\/2025\/10\/yolcu360-mobil-ios-150x40.png 150w, https:\/\/yolcu360.com\/blog\/wp-content\/uploads\/2025\/10\/yolcu360-mobil-ios-370x98.png 370w\" sizes=\"(max-width: 606px) 100vw, 606px\" \/><\/a><\/figure>\n\n\n\n<figure class=\"wp-block-image size-full\"><a href=\"https:\/\/play.google.com\/store\/apps\/details?id=com.yolcu360\" target=\"_blank\" rel=\" noreferrer noopener\"><img loading=\"lazy\" decoding=\"async\" width=\"541\" height=\"160\" src=\"https:\/\/yolcu360.com\/blog\/wp-content\/uploads\/2025\/10\/yolcu360-mobil-android.png\" alt=\"android yolcu360 mobil uygulama indirme butonu\" class=\"lazyload_inited wp-image-69906\" srcset=\"https:\/\/yolcu360.com\/blog\/wp-content\/uploads\/2025\/10\/yolcu360-mobil-android.png 541w, https:\/\/yolcu360.com\/blog\/wp-content\/uploads\/2025\/10\/yolcu360-mobil-android-500x148.png 500w, https:\/\/yolcu360.com\/blog\/wp-content\/uploads\/2025\/10\/yolcu360-mobil-android-150x44.png 150w, https:\/\/yolcu360.com\/blog\/wp-content\/uploads\/2025\/10\/yolcu360-mobil-android-370x109.png 370w\" sizes=\"(max-width: 600px) 100vw, 541px\" \/><\/a><\/figure>\n\n\n\n<figure class=\"wp-block-image size-full is-resized\"><a href=\"https:\/\/appgallery.huawei.com\/#\/app\/C102881793\" target=\"_blank\" rel=\" noreferrer noopener\"><img loading=\"lazy\" decoding=\"async\" width=\"534\" height=\"160\" src=\"https:\/\/yolcu360.com\/blog\/wp-content\/uploads\/2025\/10\/yolcu360-mobil-huawei.png\" alt=\"huawei yolcu360 mobil uygulama indirme butonu\" class=\"lazyload_inited wp-image-69908\" style=\"width:542px;height:auto\" srcset=\"https:\/\/yolcu360.com\/blog\/wp-content\/uploads\/2025\/10\/yolcu360-mobil-huawei.png 534w, https:\/\/yolcu360.com\/blog\/wp-content\/uploads\/2025\/10\/yolcu360-mobil-huawei-500x150.png 500w, https:\/\/yolcu360.com\/blog\/wp-content\/uploads\/2025\/10\/yolcu360-mobil-huawei-150x45.png 150w, https:\/\/yolcu360.com\/blog\/wp-content\/uploads\/2025\/10\/yolcu360-mobil-huawei-370x111.png 370w\" sizes=\"(max-width: 600px) 100vw, 534px\" \/><\/a><\/figure>\n\n\n\n<p>&nbsp;<\/p>\n<\/div>\n","protected":false},"excerpt":{"rendered":"<p>\u0130zmir \u00dcrkmez\u2019de gezilecek yerler rehberimizle, Ege\u2019nin en huzurlu ve samimi sahil kasabalar\u0131ndan biri olan bu gizli cenneti ke\u015ffetmeye haz\u0131r olun. Upuzun sahil \u015feridinden ak\u015famlar\u0131 renklenen sokaklar\u0131na, masmavi denizinden do\u011fayla kucakla\u015fan piknik alanlar\u0131na kadar \u0130zmir \u00dcrkmez, ziyaret\u00e7ilerine hem sakin hem de dolu dolu bir tatil rotas\u0131 sunuyor. \u015eehrin g\u00fcr\u00fclt\u00fcs\u00fcnden uzakla\u015fmak isteyenlerin favorisi olan bu b\u00f6lge, mandalina&hellip;<\/p>\n","protected":false},"author":27,"featured_media":51274,"comment_status":"open","ping_status":"closed","sticky":false,"template":"","format":"standard","meta":{"_lmt_disableupdate":"","_lmt_disable":"","footnotes":""},"categories":[18],"tags":[],"class_list":["post-51273","post","type-post","status-publish","format-standard","has-post-thumbnail","hentry","category-gezi-rehberleri"],"modified_by":"Yolcu360 Blog","_links":{"self":[{"href":"https:\/\/yolcu360.com\/blog\/wp-json\/wp\/v2\/posts\/51273","targetHints":{"allow":["GET"]}}],"collection":[{"href":"https:\/\/yolcu360.com\/blog\/wp-json\/wp\/v2\/posts"}],"about":[{"href":"https:\/\/yolcu360.com\/blog\/wp-json\/wp\/v2\/types\/post"}],"author":[{"embeddable":true,"href":"https:\/\/yolcu360.com\/blog\/wp-json\/wp\/v2\/users\/27"}],"replies":[{"embeddable":true,"href":"https:\/\/yolcu360.com\/blog\/wp-json\/wp\/v2\/comments?post=51273"}],"version-history":[{"count":3,"href":"https:\/\/yolcu360.com\/blog\/wp-json\/wp\/v2\/posts\/51273\/revisions"}],"predecessor-version":[{"id":75703,"href":"https:\/\/yolcu360.com\/blog\/wp-json\/wp\/v2\/posts\/51273\/revisions\/75703"}],"wp:featuredmedia":[{"embeddable":true,"href":"https:\/\/yolcu360.com\/blog\/wp-json\/wp\/v2\/media\/51274"}],"wp:attachment":[{"href":"https:\/\/yolcu360.com\/blog\/wp-json\/wp\/v2\/media?parent=51273"}],"wp:term":[{"taxonomy":"category","embeddable":true,"href":"https:\/\/yolcu360.com\/blog\/wp-json\/wp\/v2\/categories?post=51273"},{"taxonomy":"post_tag","embeddable":true,"href":"https:\/\/yolcu360.com\/blog\/wp-json\/wp\/v2\/tags?post=51273"}],"curies":[{"name":"wp","href":"https:\/\/api.w.org\/{rel}","templated":true}]}}