{"id":14982,"date":"2022-08-16T13:58:15","date_gmt":"2022-08-16T10:58:15","guid":{"rendered":"https:\/\/yolcu360.com\/blog\/?p=14982"},"modified":"2025-06-25T10:10:28","modified_gmt":"2025-06-25T07:10:28","slug":"san-sebastian-gezi-rehberi-gezilecek-yerler-ve-ne-yenir-ispanya","status":"publish","type":"post","link":"https:\/\/yolcu360.com\/blog\/san-sebastian-gezi-rehberi-gezilecek-yerler-ve-ne-yenir-ispanya\/","title":{"rendered":"\u0130spanya San Sebastian&#8217;da G\u00f6rmeniz Gereken 9 Yer"},"content":{"rendered":"<p><span style=\"font-weight: 400;\">Avrupa tatili denince al\u0131\u015f\u0131lagelmi\u015f \u015fehirler d\u0131\u015f\u0131nda ba\u015fka se\u00e7enek arayanlara m\u00fcjde! Venedik\u2019ten, Roma\u2019dan s\u0131k\u0131lanlar i\u00e7in yeni rotam\u0131z olu\u015fturuluyor. \u0130\u015fte kar\u015f\u0131n\u0131zda San Sebastian. Son y\u0131llarda cheesecake&#8217;i ile ad\u0131n\u0131 s\u0131k\u00e7a duymaya ba\u015flad\u0131\u011f\u0131m\u0131z San Sebastian asl\u0131nda \u0130spanya&#8217;da do\u011fal g\u00fczelliklerle dolu bir liman kenti! Gelin San Sebastian&#8217;da g\u00f6rmeniz gereken 9 yer neresi birlikte inceleyelim.<\/span><\/p>\n<p><img fetchpriority=\"high\" decoding=\"async\" class=\"lazyload_inited size-medium wp-image-23754 aligncenter\" src=\"https:\/\/yolcu360.com\/blog\/wp-content\/uploads\/2019\/04\/port-106908_1920-500x335.jpg\" alt=\"\" width=\"500\" height=\"335\" srcset=\"https:\/\/yolcu360.com\/blog\/wp-content\/uploads\/2019\/04\/port-106908_1920-500x335.jpg 500w, https:\/\/yolcu360.com\/blog\/wp-content\/uploads\/2019\/04\/port-106908_1920-150x100.jpg 150w, https:\/\/yolcu360.com\/blog\/wp-content\/uploads\/2019\/04\/port-106908_1920-768x514.jpg 768w, https:\/\/yolcu360.com\/blog\/wp-content\/uploads\/2019\/04\/port-106908_1920-1024x685.jpg 1024w, https:\/\/yolcu360.com\/blog\/wp-content\/uploads\/2019\/04\/port-106908_1920.jpg 1920w, https:\/\/yolcu360.com\/blog\/wp-content\/uploads\/2019\/04\/port-106908_1920-960x643.jpg 960w, https:\/\/yolcu360.com\/blog\/wp-content\/uploads\/2019\/04\/port-106908_1920-598x400.jpg 598w, https:\/\/yolcu360.com\/blog\/wp-content\/uploads\/2019\/04\/port-106908_1920-585x392.jpg 585w\" sizes=\"(max-width: 600px) 100vw, 500px\" \/><\/p>\n<div id=\"ez-toc-container\" class=\"ez-toc-v2_0_82_2 ez-toc-wrap-left counter-hierarchy ez-toc-counter ez-toc-grey ez-toc-container-direction\">\n<div class=\"ez-toc-title-container\">\n<p class=\"ez-toc-title\" style=\"cursor:inherit\">\u0130\u00e7indekiler<\/p>\n<span class=\"ez-toc-title-toggle\"><a href=\"#\" class=\"ez-toc-pull-right ez-toc-btn ez-toc-btn-xs ez-toc-btn-default ez-toc-toggle\" aria-label=\"\u0130\u00e7indekiler Tablosunu A\u00e7\/Kapat\"><span class=\"ez-toc-js-icon-con\"><span class=\"\"><span class=\"eztoc-hide\" style=\"display:none;\">Toggle<\/span><span class=\"ez-toc-icon-toggle-span\"><svg style=\"fill: #999;color:#999\" xmlns=\"http:\/\/www.w3.org\/2000\/svg\" class=\"list-377408\" width=\"20px\" height=\"20px\" viewBox=\"0 0 24 24\" fill=\"none\"><path d=\"M6 6H4v2h2V6zm14 0H8v2h12V6zM4 11h2v2H4v-2zm16 0H8v2h12v-2zM4 16h2v2H4v-2zm16 0H8v2h12v-2z\" fill=\"currentColor\"><\/path><\/svg><svg style=\"fill: #999;color:#999\" class=\"arrow-unsorted-368013\" xmlns=\"http:\/\/www.w3.org\/2000\/svg\" width=\"10px\" height=\"10px\" viewBox=\"0 0 24 24\" version=\"1.2\" baseProfile=\"tiny\"><path d=\"M18.2 9.3l-6.2-6.3-6.2 6.3c-.2.2-.3.4-.3.7s.1.5.3.7c.2.2.4.3.7.3h11c.3 0 .5-.1.7-.3.2-.2.3-.5.3-.7s-.1-.5-.3-.7zM5.8 14.7l6.2 6.3 6.2-6.3c.2-.2.3-.5.3-.7s-.1-.5-.3-.7c-.2-.2-.4-.3-.7-.3h-11c-.3 0-.5.1-.7.3-.2.2-.3.5-.3.7s.1.5.3.7z\"\/><\/svg><\/span><\/span><\/span><\/a><\/span><\/div>\n<nav><ul class='ez-toc-list ez-toc-list-level-1 ' ><li class='ez-toc-page-1 ez-toc-heading-level-2'><a class=\"ez-toc-link ez-toc-heading-1\" href=\"https:\/\/yolcu360.com\/blog\/san-sebastian-gezi-rehberi-gezilecek-yerler-ve-ne-yenir-ispanya\/#San_Sebastian_Nerede\" >San Sebastian Nerede?<\/a><\/li><li class='ez-toc-page-1 ez-toc-heading-level-2'><a class=\"ez-toc-link ez-toc-heading-2\" href=\"https:\/\/yolcu360.com\/blog\/san-sebastian-gezi-rehberi-gezilecek-yerler-ve-ne-yenir-ispanya\/#San_Sebastian_Gezisi\" >San Sebastian Gezisi<\/a><\/li><li class='ez-toc-page-1 ez-toc-heading-level-2'><a class=\"ez-toc-link ez-toc-heading-3\" href=\"https:\/\/yolcu360.com\/blog\/san-sebastian-gezi-rehberi-gezilecek-yerler-ve-ne-yenir-ispanya\/#San_Sebastian_Gezilecek_Yerler\" >San Sebastian Gezilecek Yerler<\/a><ul class='ez-toc-list-level-3' ><li class='ez-toc-heading-level-3'><a class=\"ez-toc-link ez-toc-heading-4\" href=\"https:\/\/yolcu360.com\/blog\/san-sebastian-gezi-rehberi-gezilecek-yerler-ve-ne-yenir-ispanya\/#Beyaz_Kumsal_La_Concha\" >Beyaz Kumsal La Concha<\/a><\/li><li class='ez-toc-page-1 ez-toc-heading-level-3'><a class=\"ez-toc-link ez-toc-heading-5\" href=\"https:\/\/yolcu360.com\/blog\/san-sebastian-gezi-rehberi-gezilecek-yerler-ve-ne-yenir-ispanya\/#Gotik_Mimari_San_Sebastian_Katedrali\" >Gotik Mimari San Sebastian Katedrali<\/a><\/li><li class='ez-toc-page-1 ez-toc-heading-level-3'><a class=\"ez-toc-link ez-toc-heading-6\" href=\"https:\/\/yolcu360.com\/blog\/san-sebastian-gezi-rehberi-gezilecek-yerler-ve-ne-yenir-ispanya\/#Tarihi_ve_Eglenceli_Old_Town\" >Tarihi ve E\u011flenceli Old Town<\/a><\/li><li class='ez-toc-page-1 ez-toc-heading-level-3'><a class=\"ez-toc-link ez-toc-heading-7\" href=\"https:\/\/yolcu360.com\/blog\/san-sebastian-gezi-rehberi-gezilecek-yerler-ve-ne-yenir-ispanya\/#Essiz_Manzara_Monte_Igueldo\" >E\u015fsiz Manzara Monte \u0130gueldo<\/a><\/li><li class='ez-toc-page-1 ez-toc-heading-level-3'><a class=\"ez-toc-link ez-toc-heading-8\" href=\"https:\/\/yolcu360.com\/blog\/san-sebastian-gezi-rehberi-gezilecek-yerler-ve-ne-yenir-ispanya\/#Miramar_Kraliyet_Sarayi\" >Miramar Kraliyet Saray\u0131<\/a><\/li><li class='ez-toc-page-1 ez-toc-heading-level-3'><a class=\"ez-toc-link ez-toc-heading-9\" href=\"https:\/\/yolcu360.com\/blog\/san-sebastian-gezi-rehberi-gezilecek-yerler-ve-ne-yenir-ispanya\/#Gecmise_Dogru_San_Telmo_Muzesi\" >Ge\u00e7mi\u015fe Do\u011fru San Telmo M\u00fczesi<\/a><\/li><li class='ez-toc-page-1 ez-toc-heading-level-3'><a class=\"ez-toc-link ez-toc-heading-10\" href=\"https:\/\/yolcu360.com\/blog\/san-sebastian-gezi-rehberi-gezilecek-yerler-ve-ne-yenir-ispanya\/#Zurriola_Plaji\" >Zurriola Plaj\u0131<\/a><\/li><li class='ez-toc-page-1 ez-toc-heading-level-3'><a class=\"ez-toc-link ez-toc-heading-11\" href=\"https:\/\/yolcu360.com\/blog\/san-sebastian-gezi-rehberi-gezilecek-yerler-ve-ne-yenir-ispanya\/#Constitucion_Meydani\" >Constitucion Meydan\u0131<\/a><\/li><li class='ez-toc-page-1 ez-toc-heading-level-3'><a class=\"ez-toc-link ez-toc-heading-12\" href=\"https:\/\/yolcu360.com\/blog\/san-sebastian-gezi-rehberi-gezilecek-yerler-ve-ne-yenir-ispanya\/#San_Sebastian_Isa_Heykeli\" >San Sebastian \u0130sa Heykeli<\/a><\/li><\/ul><\/li><li class='ez-toc-page-1 ez-toc-heading-level-2'><a class=\"ez-toc-link ez-toc-heading-13\" href=\"https:\/\/yolcu360.com\/blog\/san-sebastian-gezi-rehberi-gezilecek-yerler-ve-ne-yenir-ispanya\/#Bonus_San_Sebastian_Cheesecake_Nerede_Yenir\" >Bonus: San Sebastian Cheesecake Nerede Yenir?<\/a><\/li><\/ul><\/nav><\/div>\n<h2><span class=\"ez-toc-section\" id=\"San_Sebastian_Nerede\"><\/span><strong>San Sebastian Nerede?<\/strong><span class=\"ez-toc-section-end\"><\/span><\/h2>\n<p><iframe style=\"border: 0;\" data-trx-lazyload-src=\"https:\/\/www.google.com\/maps\/embed?pb=!1m18!1m12!1m3!1d92906.68164720281!2d-2.043922789215382!3d43.30727128272187!2m3!1f0!2f0!3f0!3m2!1i1024!2i768!4f13.1!3m3!1m2!1s0xd51affe3b68fe15%3A0xe43ec55994864649!2zU2FuIFNlYmFzdGnDoW4sIEd1aXDDunpjb2EgaWxpLCDEsHNwYW55YQ!5e0!3m2!1str!2str!4v1660643167365!5m2!1str!2str\" width=\"600\" height=\"450\" allowfullscreen=\"allowfullscreen\"><\/iframe><\/p>\n<p><span style=\"font-weight: 400;\">G\u00fczelli\u011fi ile akl\u0131m\u0131z\u0131 ba\u015f\u0131m\u0131zdan alan San Sebastian \u015fehri \u0130spanya\u2019da. U\u00e7ak ile seyahat d\u00fc\u015f\u00fcnenler i\u00e7in alternatif se\u00e7enekler mevcut. \u00d6rne\u011fin \u0130stanbul-Bilboa \u00fczerinden sadece 4 saatlik bir u\u00e7u\u015f ile San Sebastian\u2019a kolayca ula\u015fabilirsiniz. Ard\u0131ndan hemen havaliman\u0131ndan Yolcu360 <strong>San Sebastian ara\u00e7 kiralama<\/strong> se\u00e7eneklerini inceleyerek diledi\u011finiz arac\u0131 kolayca kiralayabilir, San Sebastian&#8217;\u0131 ke\u015ffetmeye ba\u015flayabilirsiniz!<\/span><\/p>\n<h2><span class=\"ez-toc-section\" id=\"San_Sebastian_Gezisi\"><\/span><strong>San Sebastian Gezisi<\/strong><span class=\"ez-toc-section-end\"><\/span><\/h2>\n<p><span style=\"font-weight: 400;\">\u201cDonostia\u201d olarak bilinen bu b\u00f6lge i\u00e7in hen\u00fcz ke\u015ffedilmemi\u015f desek abartm\u0131\u015f olmay\u0131z. Sonsuz kumsallar\u0131, keskin r\u00fczgar\u0131yla hem tatilcilerin hem de s\u00f6rf severlerin a\u015f\u0131k olaca\u011f\u0131 bir \u015fehir. Barcelona ya da Madrid kadar pop\u00fcler bir olmamas\u0131 huzurlu zaman ge\u00e7irmek isteyenler i\u00e7in ideal bir alternatif. Yaz bitmeden g\u00fcne\u015fin ve sessizli\u011fin tad\u0131n\u0131 \u00e7\u0131karmak isteyenler i\u00e7in San Sebastian gezisi tam size g\u00f6re.<\/span><\/p>\n<h2><span class=\"ez-toc-section\" id=\"San_Sebastian_Gezilecek_Yerler\"><\/span><strong>San Sebastian Gezilecek Yerler<\/strong><span class=\"ez-toc-section-end\"><\/span><\/h2>\n<p><span style=\"font-weight: 400;\">\u015eimdiye kadar g\u00f6rd\u00fc\u011f\u00fcn\u00fcz t\u00fcm Avrupa \u015fehirlerini unutun. Tarihi ve do\u011fal g\u00fczelli\u011fi ile sizleri b\u00fcy\u00fclemeye geliyor. San Sebastian gezisi s\u0131ras\u0131nda neler yap\u0131l\u0131r? San Sebastian\u2019\u0131n en g\u00fczel plajlar\u0131 hangileri? \u0130\u015fte San Sebastian gezilecek yerler listesi.<\/span><\/p>\n<ul>\n<li style=\"font-weight: 400;\" aria-level=\"1\">\n<h3><span class=\"ez-toc-section\" id=\"Beyaz_Kumsal_La_Concha\"><\/span><strong>Beyaz Kumsal La Concha<\/strong><span class=\"ez-toc-section-end\"><\/span><\/h3>\n<\/li>\n<\/ul>\n<p><img decoding=\"async\" class=\"lazyload_inited size-medium wp-image-23755 aligncenter\" src=\"https:\/\/yolcu360.com\/blog\/wp-content\/uploads\/2019\/04\/shell-2527313_1920-500x333.jpg\" alt=\"\" width=\"500\" height=\"333\" srcset=\"https:\/\/yolcu360.com\/blog\/wp-content\/uploads\/2019\/04\/shell-2527313_1920-500x333.jpg 500w, https:\/\/yolcu360.com\/blog\/wp-content\/uploads\/2019\/04\/shell-2527313_1920-150x100.jpg 150w, https:\/\/yolcu360.com\/blog\/wp-content\/uploads\/2019\/04\/shell-2527313_1920-768x512.jpg 768w, https:\/\/yolcu360.com\/blog\/wp-content\/uploads\/2019\/04\/shell-2527313_1920-1024x683.jpg 1024w, https:\/\/yolcu360.com\/blog\/wp-content\/uploads\/2019\/04\/shell-2527313_1920-480x320.jpg 480w, https:\/\/yolcu360.com\/blog\/wp-content\/uploads\/2019\/04\/shell-2527313_1920-280x186.jpg 280w, https:\/\/yolcu360.com\/blog\/wp-content\/uploads\/2019\/04\/shell-2527313_1920.jpg 1920w, https:\/\/yolcu360.com\/blog\/wp-content\/uploads\/2019\/04\/shell-2527313_1920-960x640.jpg 960w, https:\/\/yolcu360.com\/blog\/wp-content\/uploads\/2019\/04\/shell-2527313_1920-600x400.jpg 600w, https:\/\/yolcu360.com\/blog\/wp-content\/uploads\/2019\/04\/shell-2527313_1920-585x390.jpg 585w\" sizes=\"(max-width: 600px) 100vw, 500px\" \/><\/p>\n<p><span style=\"font-weight: 400;\">\u201cLa Perla\u201d ad\u0131 ile de bilinen La Concha plaj\u0131 1 km uzunlu\u011fundaki sahili ile dikkatleri \u00e7ekiyor. Bembeyaz kumsal\u0131n\u0131n Akdeniz turkuaz\u0131 ile muhte\u015fem uyumu sahil \u015feridine b\u00fcy\u00fcleyici bir hava kat\u0131yor.\u00a0<\/span><\/p>\n<p><span style=\"font-weight: 400;\">T\u00fcm g\u00fcn g\u00fcne\u015fin keyfine vard\u0131ktan sonra ak\u015fam ay \u0131\u015f\u0131\u011f\u0131n\u0131 seyretmenin de tad\u0131 bir ba\u015fka. \u00d6zellikle yakamoz e\u015fli\u011finde sahilde y\u00fcr\u00fcy\u00fc\u015f yapman\u0131z\u0131 \u00f6neriyoruz. \u015eehrin kalbi olarak nitelendirilen La Concha K\u00f6rfezi San Sebastian gezilecek yerler listesinde ilk s\u0131rada yer al\u0131yor.\u00a0<\/span><\/p>\n<ul>\n<li style=\"font-weight: 400;\" aria-level=\"1\">\n<h3><span class=\"ez-toc-section\" id=\"Gotik_Mimari_San_Sebastian_Katedrali\"><\/span><strong>Gotik Mimari San Sebastian Katedrali<\/strong><span class=\"ez-toc-section-end\"><\/span><\/h3>\n<\/li>\n<\/ul>\n<p><span style=\"font-weight: 400;\"><img decoding=\"async\" class=\"lazyload_inited size-medium wp-image-51603 aligncenter\" src=\"https:\/\/yolcu360.com\/blog\/wp-content\/uploads\/2019\/04\/san-sebastian-1-500x292.jpg\" alt=\"san-sebastian-1\" width=\"500\" height=\"292\" srcset=\"https:\/\/yolcu360.com\/blog\/wp-content\/uploads\/2019\/04\/san-sebastian-1-500x292.jpg 500w, https:\/\/yolcu360.com\/blog\/wp-content\/uploads\/2019\/04\/san-sebastian-1-1024x597.jpg 1024w, https:\/\/yolcu360.com\/blog\/wp-content\/uploads\/2019\/04\/san-sebastian-1-150x88.jpg 150w, https:\/\/yolcu360.com\/blog\/wp-content\/uploads\/2019\/04\/san-sebastian-1-768x448.jpg 768w, https:\/\/yolcu360.com\/blog\/wp-content\/uploads\/2019\/04\/san-sebastian-1-370x216.jpg 370w, https:\/\/yolcu360.com\/blog\/wp-content\/uploads\/2019\/04\/san-sebastian-1-270x158.jpg 270w, https:\/\/yolcu360.com\/blog\/wp-content\/uploads\/2019\/04\/san-sebastian-1-570x333.jpg 570w, https:\/\/yolcu360.com\/blog\/wp-content\/uploads\/2019\/04\/san-sebastian-1-740x432.jpg 740w, https:\/\/yolcu360.com\/blog\/wp-content\/uploads\/2019\/04\/san-sebastian-1.jpg 1200w\" sizes=\"(max-width: 600px) 100vw, 500px\" \/><\/span><\/p>\n<p><span style=\"font-weight: 400;\">\u0130spanya\u2019n\u0131n al\u0131\u015f\u0131lagelmi\u015f mimari sil\u00fceti olan gotik tarz, San Sebastian Katedrali\u2019nde de kendine yer buluyor. G\u00f6rkemli duru\u015fu, b\u00fcy\u00fcleyici i\u00e7 dizayn\u0131 ile \u0130spanya\u2019n\u0131n en \u00fcnl\u00fc dini yap\u0131lar\u0131ndan biri. 1880 y\u0131l\u0131nda mimar Manuel de Echave taraf\u0131ndan tasarlanan katedral g\u00f6renleri kendine hayran b\u0131rak\u0131yor.<\/span><\/p>\n<p><span style=\"font-weight: 400;\">Monte \u0130gueldo\u2019da bulunan kumta\u015flar\u0131 San Sebastian Katedrali in\u015fas\u0131nda kullan\u0131lm\u0131\u015ft\u0131r. 75 metre y\u00fcksekli\u011fe\u00a0 sahip kulesi ve 1915 metrekarelik geni\u015f alan\u0131 ile g\u00f6z dolduran bu tarihi yap\u0131 \u015fehrin en \u00f6nemli simgeleri aras\u0131nda.\u00a0<\/span><\/p>\n<ul>\n<li style=\"font-weight: 400;\" aria-level=\"1\">\n<h3><span class=\"ez-toc-section\" id=\"Tarihi_ve_Eglenceli_Old_Town\"><\/span><strong>Tarihi ve E\u011flenceli Old Town<\/strong><span class=\"ez-toc-section-end\"><\/span><\/h3>\n<\/li>\n<\/ul>\n<p><img loading=\"lazy\" decoding=\"async\" class=\"lazyload_inited size-medium wp-image-23762 aligncenter\" src=\"https:\/\/yolcu360.com\/blog\/wp-content\/uploads\/2019\/04\/san-sebastian-2050381_19201-500x458.jpg\" alt=\"\" width=\"500\" height=\"458\" srcset=\"https:\/\/yolcu360.com\/blog\/wp-content\/uploads\/2019\/04\/san-sebastian-2050381_19201-500x458.jpg 500w, https:\/\/yolcu360.com\/blog\/wp-content\/uploads\/2019\/04\/san-sebastian-2050381_19201-150x137.jpg 150w, https:\/\/yolcu360.com\/blog\/wp-content\/uploads\/2019\/04\/san-sebastian-2050381_19201-768x703.jpg 768w, https:\/\/yolcu360.com\/blog\/wp-content\/uploads\/2019\/04\/san-sebastian-2050381_19201-1024x937.jpg 1024w, https:\/\/yolcu360.com\/blog\/wp-content\/uploads\/2019\/04\/san-sebastian-2050381_19201-960x878.jpg 960w, https:\/\/yolcu360.com\/blog\/wp-content\/uploads\/2019\/04\/san-sebastian-2050381_19201-437x400.jpg 437w, https:\/\/yolcu360.com\/blog\/wp-content\/uploads\/2019\/04\/san-sebastian-2050381_19201-585x535.jpg 585w, https:\/\/yolcu360.com\/blog\/wp-content\/uploads\/2019\/04\/san-sebastian-2050381_19201.jpg 1307w\" sizes=\"(max-width: 600px) 100vw, 500px\" \/><\/p>\n<p><span style=\"font-weight: 400;\">Hemen hemen her \u015fehrin ilk ortaya \u00e7\u0131kt\u0131\u011f\u0131 bir nokta vard\u0131r. Genellikle de \u201cold town (eski \u015fehir)\u201d olarak adland\u0131r\u0131lan bu olu\u015fum noktalar\u0131 \u015fehrin tarihine de \u0131\u015f\u0131k tutar. T\u0131pk\u0131 San Sebastian\u2019daki Old Town gibi. Tarihe meydan okuyan eski binalar, ge\u00e7mi\u015ften gelen k\u00fc\u00e7\u00fck izler b\u00f6lgenin dokusunu olu\u015fturuyor.\u00a0<\/span><\/p>\n<p><span style=\"font-weight: 400;\">\u201cParte Vieja\u201d olarak da an\u0131lan Old Town\u2019da bir zamanlar bo\u011fa g\u00fcre\u015flerinin yap\u0131ld\u0131\u011f\u0131 alanm\u0131\u015f. Hatta \u015fehrin merkezi olan bu b\u00f6lgede geni\u015f yer kaplayan Plaza de la Constitucion var.\u00a0<\/span><\/p>\n<p><span style=\"font-weight: 400;\">16.YY\u2019dan kalan San Vicente Kilisesi, Old Town\u2019a gotik bir sil\u00fcet kazand\u0131r\u0131yor. \u015eehrin en eski kilisesi unvan\u0131na sahip kilisede 1584 y\u0131l\u0131na ait eserleri inceleyebilirsiniz. Bask tapaslar\u0131n\u0131n lezzeti ile \u00fcnl\u00fc Eski \u015eehir\u2019de gece hayat\u0131 olduk\u00e7a e\u011flenceli. M\u00fczikler, e\u011flenceler g\u00fcn\u00fcn ilk \u0131\u015f\u0131klar\u0131na kadar devam ediyor.\u00a0<\/span><\/p>\n<ul>\n<li style=\"font-weight: 400;\" aria-level=\"1\">\n<h3><span class=\"ez-toc-section\" id=\"Essiz_Manzara_Monte_Igueldo\"><\/span><strong>E\u015fsiz Manzara Monte \u0130gueldo<\/strong><span class=\"ez-toc-section-end\"><\/span><\/h3>\n<\/li>\n<\/ul>\n<p><span style=\"font-weight: 400;\"><img loading=\"lazy\" decoding=\"async\" class=\"lazyload_inited size-medium wp-image-51604 aligncenter\" src=\"https:\/\/yolcu360.com\/blog\/wp-content\/uploads\/2019\/04\/san-sebastian-2-500x333.jpg\" alt=\"san-sebastian-2\" width=\"500\" height=\"333\" srcset=\"https:\/\/yolcu360.com\/blog\/wp-content\/uploads\/2019\/04\/san-sebastian-2-500x333.jpg 500w, https:\/\/yolcu360.com\/blog\/wp-content\/uploads\/2019\/04\/san-sebastian-2-150x100.jpg 150w, https:\/\/yolcu360.com\/blog\/wp-content\/uploads\/2019\/04\/san-sebastian-2-768x512.jpg 768w, https:\/\/yolcu360.com\/blog\/wp-content\/uploads\/2019\/04\/san-sebastian-2-370x247.jpg 370w, https:\/\/yolcu360.com\/blog\/wp-content\/uploads\/2019\/04\/san-sebastian-2-270x180.jpg 270w, https:\/\/yolcu360.com\/blog\/wp-content\/uploads\/2019\/04\/san-sebastian-2-570x380.jpg 570w, https:\/\/yolcu360.com\/blog\/wp-content\/uploads\/2019\/04\/san-sebastian-2-740x493.jpg 740w, https:\/\/yolcu360.com\/blog\/wp-content\/uploads\/2019\/04\/san-sebastian-2.jpg 804w\" sizes=\"(max-width: 600px) 100vw, 500px\" \/><\/span><\/p>\n<p><span style=\"font-weight: 400;\">Monte \u0130gueldo, her ne kadar da\u011fl\u0131k b\u00f6lgede yer alsa da benzersiz manzaras\u0131 i\u00e7in ke\u015ffetmeye de\u011fer rotalardan biridir. Her ya\u015ftan turistin keyif alabilece\u011fi bu \u015firin kasaba San Sebastian gezilecek yerler listesinde yerini almay\u0131 ba\u015far\u0131yor.\u00a0<\/span><\/p>\n<p><span style=\"font-weight: 400;\">En tepede \u015fehrin manzaras\u0131na hakim olabilece\u011finiz seyir noktalar\u0131 mevcut. La Concha K\u00f6rfezi\u2019nin bat\u0131 kesiminde yer alan Monte \u0130gueldo\u2019ya gelin ve g\u00fcn bat\u0131m\u0131 turuncusuna yak\u0131ndan bak\u0131n.\u00a0<\/span><\/p>\n<ul>\n<li style=\"font-weight: 400;\" aria-level=\"1\">\n<h3><span class=\"ez-toc-section\" id=\"Miramar_Kraliyet_Sarayi\"><\/span><strong>Miramar Kraliyet Saray\u0131<\/strong><span class=\"ez-toc-section-end\"><\/span><\/h3>\n<\/li>\n<\/ul>\n<p><span style=\"font-weight: 400;\"><img loading=\"lazy\" decoding=\"async\" class=\"lazyload_inited size-medium wp-image-51606 aligncenter\" src=\"https:\/\/yolcu360.com\/blog\/wp-content\/uploads\/2019\/04\/san-sebastian-3-500x292.jpg\" alt=\"san-sebastian-3.jpg\" width=\"500\" height=\"292\" srcset=\"https:\/\/yolcu360.com\/blog\/wp-content\/uploads\/2019\/04\/san-sebastian-3-500x292.jpg 500w, https:\/\/yolcu360.com\/blog\/wp-content\/uploads\/2019\/04\/san-sebastian-3-150x88.jpg 150w, https:\/\/yolcu360.com\/blog\/wp-content\/uploads\/2019\/04\/san-sebastian-3-768x448.jpg 768w, https:\/\/yolcu360.com\/blog\/wp-content\/uploads\/2019\/04\/san-sebastian-3-370x216.jpg 370w, https:\/\/yolcu360.com\/blog\/wp-content\/uploads\/2019\/04\/san-sebastian-3-270x158.jpg 270w, https:\/\/yolcu360.com\/blog\/wp-content\/uploads\/2019\/04\/san-sebastian-3-570x333.jpg 570w, https:\/\/yolcu360.com\/blog\/wp-content\/uploads\/2019\/04\/san-sebastian-3-740x432.jpg 740w, https:\/\/yolcu360.com\/blog\/wp-content\/uploads\/2019\/04\/san-sebastian-3.jpg 804w\" sizes=\"(max-width: 600px) 100vw, 500px\" \/><\/span><\/p>\n<p><span style=\"font-weight: 400;\">\u0130ngiliz kraliyet saraylar\u0131 \u00f6rnek al\u0131narak yap\u0131lan Miramar Kraliyet Saray\u0131, San Sebastian gezilecek yerler listesinde. 1888 y\u0131l\u0131ndan mimar Selden Rownum taraf\u0131ndan tasarlanan saray\u0131 Benito Olasagasti tamaml\u0131yor.\u00a0<\/span><\/p>\n<p><span style=\"font-weight: 400;\">\u0130ngiliz Tutor tarz\u0131n\u0131n e\u015fsiz \u00f6rneklerinden olan tarihi yap\u0131 denize kar\u015f\u0131 konumuyla daha da de\u011fer kazan\u0131yor. Vaktiyle \u0130spanyol kraliyet ailesi ad\u0131na bir tatil evi olarak yap\u0131m\u0131na ba\u015flanan Miramar Kraliyet Saray\u0131, \u0130spanya\u2019n\u0131n g\u00f6zde saraylar\u0131ndan biri olmay\u0131 ba\u015far\u0131yor. Sekizgen kule \u015fekli, ah\u015fap i\u015f\u00e7ili\u011fi ile tarih ve mimarinin kusursuz uyumunu yakal\u0131yor. Bunun yan\u0131 s\u0131ra saray bah\u00e7esinin g\u00fczelli\u011fi de kendisi kadar dillere destan. Siz iyisi mi San Sebastian gezinizde Miramar Kraliyet Saray\u0131\u2019na bir u\u011fray\u0131n. ;)\u00a0<\/span><\/p>\n<ul>\n<li style=\"font-weight: 400;\" aria-level=\"1\">\n<h3><span class=\"ez-toc-section\" id=\"Gecmise_Dogru_San_Telmo_Muzesi\"><\/span><strong>Ge\u00e7mi\u015fe Do\u011fru San Telmo M\u00fczesi<\/strong><span class=\"ez-toc-section-end\"><\/span><\/h3>\n<\/li>\n<\/ul>\n<p><span style=\"font-weight: 400;\"><img loading=\"lazy\" decoding=\"async\" class=\"lazyload_inited  wp-image-51611 aligncenter\" src=\"https:\/\/yolcu360.com\/blog\/wp-content\/uploads\/2019\/04\/san-sebastian-4-500x194.jpg\" alt=\"san-sebastian-4.jpg\" width=\"534\" height=\"207\" srcset=\"https:\/\/yolcu360.com\/blog\/wp-content\/uploads\/2019\/04\/san-sebastian-4-500x194.jpg 500w, https:\/\/yolcu360.com\/blog\/wp-content\/uploads\/2019\/04\/san-sebastian-4-150x58.jpg 150w, https:\/\/yolcu360.com\/blog\/wp-content\/uploads\/2019\/04\/san-sebastian-4-370x144.jpg 370w, https:\/\/yolcu360.com\/blog\/wp-content\/uploads\/2019\/04\/san-sebastian-4-270x105.jpg 270w, https:\/\/yolcu360.com\/blog\/wp-content\/uploads\/2019\/04\/san-sebastian-4-570x221.jpg 570w, https:\/\/yolcu360.com\/blog\/wp-content\/uploads\/2019\/04\/san-sebastian-4.jpg 721w\" sizes=\"(max-width: 600px) 100vw, 534px\" \/><\/span><\/p>\n<p><span style=\"font-weight: 400;\">\u0130smi b\u00f6lge ile \u00f6zde\u015fle\u015fen San Telmo M\u00fczesi, bizleri ge\u00e7mi\u015fe g\u00f6t\u00fcr\u00fcyor. G\u00fczel sanatlar, arkeoloji ve etnoloji ba\u015fta olmak \u00fczere bir\u00e7ok b\u00f6l\u00fcmden olu\u015fan m\u00fcze Bask k\u00fclt\u00fcr\u00fcne \u0131\u015f\u0131k tutuyor. \u00d6zellikle g\u00fczel sanatlar b\u00f6l\u00fcm\u00fcndeki \u00e7izimler, heykeller aras\u0131nda El Greco, Alonso Cano ve Ribera gibi \u00fcnl\u00fc isimlere ait resimleri inceleyebilirsiniz. Arkeoloji b\u00f6l\u00fcm\u00fc ise daha \u00e7ok sikkeler ve seramikler ile \u00f6n plana \u00e7\u0131k\u0131yor. Her bir b\u00f6l\u00fcm\u00fc ayr\u0131 bir keyif veren San Telmo M\u00fczesi siz de\u011ferli ziyaret\u00e7ilerini bekliyor.\u00a0<\/span><\/p>\n<ul>\n<li>\n<h3><span class=\"ez-toc-section\" id=\"Zurriola_Plaji\"><\/span><strong>Zurriola Plaj\u0131 <\/strong><span class=\"ez-toc-section-end\"><\/span><\/h3>\n<\/li>\n<\/ul>\n<p>San Sebastian plajlar\u0131 i\u00e7inde s\u00f6rf\u00e7\u00fclerin u\u011frak noktas\u0131 Zurriola Plaj\u0131 da g\u00f6r\u00fclmeye de\u011fer. Seyahatiniz ilkbahar veya sonbahar aylar\u0131na denk geliyorsa iyot kokusunu i\u00e7inize \u00e7ekerek deniz kenar\u0131nda y\u00fcr\u00fcmek gibisi yok! Y\u00fczmek isteyenler i\u00e7in suyun \u00e7ok s\u0131cak olmad\u0131\u011f\u0131n\u0131 s\u00f6ylemekte fayda var.<\/p>\n<p><img src=\"https:\/\/yolcu360.com\/blog\/wp-content\/plugins\/trx_addons\/components\/lazy-load\/images\/placeholder.png\" data-trx-lazyload-height style=\"height: 0; padding-top: 67.2%;\" loading=\"lazy\" decoding=\"async\" class=\"size-medium wp-image-23756 aligncenter\" data-trx-lazyload-src=\"https:\/\/yolcu360.com\/blog\/wp-content\/uploads\/2019\/04\/zurriola-beach-104741_1920-500x336.jpg\" alt=\"\" width=\"500\" height=\"336\"   \/><\/p>\n<ul>\n<li>\n<h3><span class=\"ez-toc-section\" id=\"Constitucion_Meydani\"><\/span><strong>Constitucion Meydan\u0131<\/strong><span class=\"ez-toc-section-end\"><\/span><\/h3>\n<\/li>\n<\/ul>\n<p>Her daim c\u0131v\u0131l c\u0131v\u0131l Constitucion Meydan\u0131\u2019n\u0131n g\u00fcnd\u00fcz\u00fc ayr\u0131 gecesi ayr\u0131 bir keyif veriyor. San Sebastian&#8217;da gezilecek yerler aras\u0131nda al\u0131\u015fveri\u015f yapmak i\u00e7in en uygun yerlerden biri. Burada al\u0131\u015fveri\u015f yapabilir, tarihi kiliseleri ziyaret edebilir, bal\u0131k pazar\u0131na u\u011frayarak \u015fehrin yerlilerini yak\u0131ndan g\u00f6zlemleme f\u0131rsat\u0131 bulabilirsiniz.<\/p>\n<p><img src=\"https:\/\/yolcu360.com\/blog\/wp-content\/plugins\/trx_addons\/components\/lazy-load\/images\/placeholder.png\" data-trx-lazyload-height style=\"height: 0; padding-top: 75%;\" loading=\"lazy\" decoding=\"async\" class=\"size-medium wp-image-23768 aligncenter\" data-trx-lazyload-src=\"https:\/\/yolcu360.com\/blog\/wp-content\/uploads\/2019\/04\/meydan-500x375.jpg\" alt=\"\" width=\"500\" height=\"375\"   \/><\/p>\n<ul>\n<li>\n<h3><span class=\"ez-toc-section\" id=\"San_Sebastian_Isa_Heykeli\"><\/span><strong>San Sebastian \u0130sa Heykeli<\/strong><span class=\"ez-toc-section-end\"><\/span><\/h3>\n<\/li>\n<\/ul>\n<p>Urgull Tepesi\u2019ndeki devasa \u0130sa heykeli \u015fehrin adeta simgesi konumunda. Y\u00fcr\u00fcy\u00fc\u015f yapmay\u0131 seviyorsan\u0131z heykelin yan\u0131na \u00e7\u0131kabilir ve San Sebasitan manzaras\u0131n\u0131 bir de tepeden seyredebilirsiniz.<\/p>\n<p><img src=\"https:\/\/yolcu360.com\/blog\/wp-content\/plugins\/trx_addons\/components\/lazy-load\/images\/placeholder.png\" data-trx-lazyload-height style=\"height: 0; padding-top: 66.6%;\" loading=\"lazy\" decoding=\"async\" class=\"size-medium wp-image-14986 aligncenter\" data-trx-lazyload-src=\"https:\/\/yolcu360.com\/blog\/wp-content\/uploads\/2019\/04\/san-sebastian-isa-heykeli-500x333.jpg\" alt=\"\" width=\"500\" height=\"333\"   \/><\/p>\n<h2><span class=\"ez-toc-section\" id=\"Bonus_San_Sebastian_Cheesecake_Nerede_Yenir\"><\/span><strong>Bonus: San Sebastian Cheesecake Nerede Yenir?<\/strong><span class=\"ez-toc-section-end\"><\/span><\/h2>\n<p>Son birka\u00e7 y\u0131ld\u0131r \u00fclkemizde fazlas\u0131yla pop\u00fcler olan San Sebastian cheesecake\u2019i kendi yerinde deneyimlemek isterseniz misiniz? En iyi San Sebastian cheesecake i\u00e7in gezi listenize La Vina restoran\u0131 mutlaka eklemelisiniz.<\/p>\n<p><img src=\"https:\/\/yolcu360.com\/blog\/wp-content\/plugins\/trx_addons\/components\/lazy-load\/images\/placeholder.png\" data-trx-lazyload-height style=\"height: 0; padding-top: 66.6%;\" loading=\"lazy\" decoding=\"async\" class=\"size-medium wp-image-14990 aligncenter\" data-trx-lazyload-src=\"https:\/\/yolcu360.com\/blog\/wp-content\/uploads\/2019\/04\/cheesecake-500x333.jpg\" alt=\"\" width=\"500\" height=\"333\"   \/><\/p>\n<p>&nbsp;<\/p>\n","protected":false},"excerpt":{"rendered":"<p>Avrupa tatili denince al\u0131\u015f\u0131lagelmi\u015f \u015fehirler d\u0131\u015f\u0131nda ba\u015fka se\u00e7enek arayanlara m\u00fcjde! Venedik\u2019ten, Roma\u2019dan s\u0131k\u0131lanlar i\u00e7in yeni rotam\u0131z olu\u015fturuluyor. \u0130\u015fte kar\u015f\u0131n\u0131zda San Sebastian. Son y\u0131llarda cheesecake&#8217;i ile ad\u0131n\u0131 s\u0131k\u00e7a duymaya ba\u015flad\u0131\u011f\u0131m\u0131z San Sebastian asl\u0131nda \u0130spanya&#8217;da do\u011fal g\u00fczelliklerle dolu bir liman kenti! Gelin San Sebastian&#8217;da g\u00f6rmeniz gereken 9 yer neresi birlikte inceleyelim. San Sebastian Nerede? G\u00fczelli\u011fi ile akl\u0131m\u0131z\u0131&hellip;<\/p>\n","protected":false},"author":27,"featured_media":51612,"comment_status":"open","ping_status":"closed","sticky":false,"template":"","format":"standard","meta":{"_lmt_disableupdate":"","_lmt_disable":"","footnotes":""},"categories":[638,18],"tags":[],"class_list":["post-14982","post","type-post","status-publish","format-standard","has-post-thumbnail","hentry","category-dunya-gezi-rehberi","category-gezi-rehberleri"],"modified_by":"Yolcu360 Blog","_links":{"self":[{"href":"https:\/\/yolcu360.com\/blog\/wp-json\/wp\/v2\/posts\/14982","targetHints":{"allow":["GET"]}}],"collection":[{"href":"https:\/\/yolcu360.com\/blog\/wp-json\/wp\/v2\/posts"}],"about":[{"href":"https:\/\/yolcu360.com\/blog\/wp-json\/wp\/v2\/types\/post"}],"author":[{"embeddable":true,"href":"https:\/\/yolcu360.com\/blog\/wp-json\/wp\/v2\/users\/27"}],"replies":[{"embeddable":true,"href":"https:\/\/yolcu360.com\/blog\/wp-json\/wp\/v2\/comments?post=14982"}],"version-history":[{"count":0,"href":"https:\/\/yolcu360.com\/blog\/wp-json\/wp\/v2\/posts\/14982\/revisions"}],"wp:featuredmedia":[{"embeddable":true,"href":"https:\/\/yolcu360.com\/blog\/wp-json\/wp\/v2\/media\/51612"}],"wp:attachment":[{"href":"https:\/\/yolcu360.com\/blog\/wp-json\/wp\/v2\/media?parent=14982"}],"wp:term":[{"taxonomy":"category","embeddable":true,"href":"https:\/\/yolcu360.com\/blog\/wp-json\/wp\/v2\/categories?post=14982"},{"taxonomy":"post_tag","embeddable":true,"href":"https:\/\/yolcu360.com\/blog\/wp-json\/wp\/v2\/tags?post=14982"}],"curies":[{"name":"wp","href":"https:\/\/api.w.org\/{rel}","templated":true}]}}