{"id":1391,"date":"2026-04-15T10:36:29","date_gmt":"2026-04-15T07:36:29","guid":{"rendered":"https:\/\/yolcu360.com\/blog\/?p=1391"},"modified":"2026-04-15T10:36:32","modified_gmt":"2026-04-15T07:36:32","slug":"selcuk-gezilecek-yerler","status":"publish","type":"post","link":"https:\/\/yolcu360.com\/blog\/selcuk-gezilecek-yerler\/","title":{"rendered":"Sel\u00e7uk&#8217;ta Gezilecek Yerler"},"content":{"rendered":"\n<p>Ege\u2019nin tarih kokan sokaklar\u0131nda, ge\u00e7mi\u015fin izlerini bug\u00fcn\u00fcn enerjisiyle birle\u015ftiren e\u015fsiz bir yolculu\u011fa \u00e7\u0131k\u0131yoruz. Sel\u00e7uk gezilecek yerler listemizi ke\u015ffederken, kendinizi bir zaman makinesinde gibi hissetmeye haz\u0131r olun. Binlerce y\u0131ll\u0131k antik kentlerden huzur dolu sahillere kadar uzanan bu rota, size her ad\u0131mda farkl\u0131 bir hikaye f\u0131s\u0131ld\u0131yor.<\/p>\n\n\n\n<p>Yolcu360 ile arac\u0131n\u0131z\u0131 haz\u0131rlay\u0131n; \u00e7\u00fcnk\u00fc bu kadim topraklarda g\u00f6r\u00fclmesi gereken \u00e7ok yer var. Hem k\u00fclt\u00fcrel bir doyuma ula\u015fmak hem de Ege\u2019nin s\u0131cak atmosferini solumak i\u00e7in direksiyonu tarihin kalbine k\u0131r\u0131yoruz. Sizin i\u00e7in haz\u0131rlad\u0131\u011f\u0131m\u0131z bu rehber, tatilinizi unutulmaz k\u0131lacak ipu\u00e7lar\u0131yla dolu.<\/p>\n\n\n\n<div id=\"ez-toc-container\" class=\"ez-toc-v2_0_82_2 ez-toc-wrap-left counter-hierarchy ez-toc-counter ez-toc-grey ez-toc-container-direction\">\n<div class=\"ez-toc-title-container\">\n<p class=\"ez-toc-title\" style=\"cursor:inherit\">\u0130\u00e7indekiler<\/p>\n<span class=\"ez-toc-title-toggle\"><a href=\"#\" class=\"ez-toc-pull-right ez-toc-btn ez-toc-btn-xs ez-toc-btn-default ez-toc-toggle\" aria-label=\"\u0130\u00e7indekiler Tablosunu A\u00e7\/Kapat\"><span class=\"ez-toc-js-icon-con\"><span class=\"\"><span class=\"eztoc-hide\" style=\"display:none;\">Toggle<\/span><span class=\"ez-toc-icon-toggle-span\"><svg style=\"fill: #999;color:#999\" xmlns=\"http:\/\/www.w3.org\/2000\/svg\" class=\"list-377408\" width=\"20px\" height=\"20px\" viewBox=\"0 0 24 24\" fill=\"none\"><path d=\"M6 6H4v2h2V6zm14 0H8v2h12V6zM4 11h2v2H4v-2zm16 0H8v2h12v-2zM4 16h2v2H4v-2zm16 0H8v2h12v-2z\" fill=\"currentColor\"><\/path><\/svg><svg style=\"fill: #999;color:#999\" class=\"arrow-unsorted-368013\" xmlns=\"http:\/\/www.w3.org\/2000\/svg\" width=\"10px\" height=\"10px\" viewBox=\"0 0 24 24\" version=\"1.2\" baseProfile=\"tiny\"><path d=\"M18.2 9.3l-6.2-6.3-6.2 6.3c-.2.2-.3.4-.3.7s.1.5.3.7c.2.2.4.3.7.3h11c.3 0 .5-.1.7-.3.2-.2.3-.5.3-.7s-.1-.5-.3-.7zM5.8 14.7l6.2 6.3 6.2-6.3c.2-.2.3-.5.3-.7s-.1-.5-.3-.7c-.2-.2-.4-.3-.7-.3h-11c-.3 0-.5.1-.7.3-.2.2-.3.5-.3.7s.1.5.3.7z\"\/><\/svg><\/span><\/span><\/span><\/a><\/span><\/div>\n<nav><ul class='ez-toc-list ez-toc-list-level-1 eztoc-toggle-hide-by-default' ><li class='ez-toc-page-1 ez-toc-heading-level-2'><a class=\"ez-toc-link ez-toc-heading-1\" href=\"https:\/\/yolcu360.com\/blog\/selcuk-gezilecek-yerler\/#Selcuk_Gezilecek_Yerler_Haritasi\" >Sel\u00e7uk Gezilecek Yerler Haritas\u0131<\/a><\/li><li class='ez-toc-page-1 ez-toc-heading-level-2'><a class=\"ez-toc-link ez-toc-heading-2\" href=\"https:\/\/yolcu360.com\/blog\/selcuk-gezilecek-yerler\/#1_Efes_Antik_Kenti\" >1. Efes Antik Kenti<\/a><\/li><li class='ez-toc-page-1 ez-toc-heading-level-2'><a class=\"ez-toc-link ez-toc-heading-3\" href=\"https:\/\/yolcu360.com\/blog\/selcuk-gezilecek-yerler\/#2_Celsus_Kutuphanesi\" >2. Celsus K\u00fct\u00fcphanesi<\/a><\/li><li class='ez-toc-page-1 ez-toc-heading-level-2'><a class=\"ez-toc-link ez-toc-heading-4\" href=\"https:\/\/yolcu360.com\/blog\/selcuk-gezilecek-yerler\/#3_Trajan_Cesmesi\" >3. Trajan \u00c7e\u015fmesi<\/a><\/li><li class='ez-toc-page-1 ez-toc-heading-level-2'><a class=\"ez-toc-link ez-toc-heading-5\" href=\"https:\/\/yolcu360.com\/blog\/selcuk-gezilecek-yerler\/#4_Memmius_Aniti\" >4. Memmius An\u0131t\u0131<\/a><\/li><li class='ez-toc-page-1 ez-toc-heading-level-2'><a class=\"ez-toc-link ez-toc-heading-6\" href=\"https:\/\/yolcu360.com\/blog\/selcuk-gezilecek-yerler\/#5_Meryem_Ana_Evi\" >5. Meryem Ana Evi<\/a><\/li><li class='ez-toc-page-1 ez-toc-heading-level-2'><a class=\"ez-toc-link ez-toc-heading-7\" href=\"https:\/\/yolcu360.com\/blog\/selcuk-gezilecek-yerler\/#6_Efes_Arkeoloji_Muzesi\" >6. Efes Arkeoloji M\u00fczesi<\/a><\/li><li class='ez-toc-page-1 ez-toc-heading-level-2'><a class=\"ez-toc-link ez-toc-heading-8\" href=\"https:\/\/yolcu360.com\/blog\/selcuk-gezilecek-yerler\/#7_Artemis_Heykeli_Selcuk_Meydani\" >7. Artemis Heykeli (Sel\u00e7uk Meydan\u0131)<\/a><\/li><li class='ez-toc-page-1 ez-toc-heading-level-2'><a class=\"ez-toc-link ez-toc-heading-9\" href=\"https:\/\/yolcu360.com\/blog\/selcuk-gezilecek-yerler\/#8_St_John_Bazilikasi\" >8. St. John Bazilikas\u0131<\/a><\/li><li class='ez-toc-page-1 ez-toc-heading-level-2'><a class=\"ez-toc-link ez-toc-heading-10\" href=\"https:\/\/yolcu360.com\/blog\/selcuk-gezilecek-yerler\/#9_Ayasuluk_Kalesi\" >9. Ayasuluk Kalesi<\/a><\/li><li class='ez-toc-page-1 ez-toc-heading-level-2'><a class=\"ez-toc-link ez-toc-heading-11\" href=\"https:\/\/yolcu360.com\/blog\/selcuk-gezilecek-yerler\/#10_Isa_Bey_Camii\" >10. \u0130sa Bey Camii<\/a><\/li><li class='ez-toc-page-1 ez-toc-heading-level-2'><a class=\"ez-toc-link ez-toc-heading-12\" href=\"https:\/\/yolcu360.com\/blog\/selcuk-gezilecek-yerler\/#11_Artemis_Tapinagi\" >11. Artemis Tap\u0131na\u011f\u0131<\/a><\/li><li class='ez-toc-page-1 ez-toc-heading-level-2'><a class=\"ez-toc-link ez-toc-heading-13\" href=\"https:\/\/yolcu360.com\/blog\/selcuk-gezilecek-yerler\/#12_Efes_Su_Kemerleri_Bizans_Su_Kemerleri\" >12. Efes Su Kemerleri (Bizans Su Kemerleri)<\/a><\/li><li class='ez-toc-page-1 ez-toc-heading-level-2'><a class=\"ez-toc-link ez-toc-heading-14\" href=\"https:\/\/yolcu360.com\/blog\/selcuk-gezilecek-yerler\/#13_Efes_Deneyim_Muzesi\" >13. Efes Deneyim M\u00fczesi<\/a><\/li><li class='ez-toc-page-1 ez-toc-heading-level-2'><a class=\"ez-toc-link ez-toc-heading-15\" href=\"https:\/\/yolcu360.com\/blog\/selcuk-gezilecek-yerler\/#14_Selcuk_Merkez_Parki\" >14. Sel\u00e7uk Merkez Park\u0131<\/a><\/li><li class='ez-toc-page-1 ez-toc-heading-level-2'><a class=\"ez-toc-link ez-toc-heading-16\" href=\"https:\/\/yolcu360.com\/blog\/selcuk-gezilecek-yerler\/#15_Selcuk_Hamami\" >15. Sel\u00e7uk Hamam\u0131<\/a><\/li><li class='ez-toc-page-1 ez-toc-heading-level-2'><a class=\"ez-toc-link ez-toc-heading-17\" href=\"https:\/\/yolcu360.com\/blog\/selcuk-gezilecek-yerler\/#16_Selcuk_Koftecisi\" >16. Sel\u00e7uk K\u00f6ftecisi<\/a><\/li><li class='ez-toc-page-1 ez-toc-heading-level-2'><a class=\"ez-toc-link ez-toc-heading-18\" href=\"https:\/\/yolcu360.com\/blog\/selcuk-gezilecek-yerler\/#17_Ejder_Restaurant\" >17. Ejder Restaurant<\/a><\/li><li class='ez-toc-page-1 ez-toc-heading-level-2'><a class=\"ez-toc-link ez-toc-heading-19\" href=\"https:\/\/yolcu360.com\/blog\/selcuk-gezilecek-yerler\/#18_Eski_Ev_Restaurant\" >18. Eski Ev Restaurant<\/a><\/li><li class='ez-toc-page-1 ez-toc-heading-level-2'><a class=\"ez-toc-link ez-toc-heading-20\" href=\"https:\/\/yolcu360.com\/blog\/selcuk-gezilecek-yerler\/#19_Cittantica_Ephesus_Park\" >19. Cittantica Ephesus Park<\/a><\/li><li class='ez-toc-page-1 ez-toc-heading-level-2'><a class=\"ez-toc-link ez-toc-heading-21\" href=\"https:\/\/yolcu360.com\/blog\/selcuk-gezilecek-yerler\/#20_Cetin_Koy_Kulturu_Muzesi_Maketkoy\" >20. \u00c7etin K\u00f6y K\u00fclt\u00fcr\u00fc M\u00fczesi: Maketk\u00f6y<\/a><\/li><li class='ez-toc-page-1 ez-toc-heading-level-2'><a class=\"ez-toc-link ez-toc-heading-22\" href=\"https:\/\/yolcu360.com\/blog\/selcuk-gezilecek-yerler\/#21_Pamucak_Plaji\" >21. Pamucak Plaj\u0131<\/a><\/li><li class='ez-toc-page-1 ez-toc-heading-level-2'><a class=\"ez-toc-link ez-toc-heading-23\" href=\"https:\/\/yolcu360.com\/blog\/selcuk-gezilecek-yerler\/#22_Keci_Kalesi\" >22. Ke\u00e7i Kalesi<\/a><\/li><li class='ez-toc-page-1 ez-toc-heading-level-2'><a class=\"ez-toc-link ez-toc-heading-24\" href=\"https:\/\/yolcu360.com\/blog\/selcuk-gezilecek-yerler\/#Izmir_Selcuk_Gezilecek_Yerlerle_Hizli_Bakis\" >\u0130zmir Sel\u00e7uk Gezilecek Yerlerle H\u0131zl\u0131 Bak\u0131\u015f<\/a><\/li><li class='ez-toc-page-1 ez-toc-heading-level-2'><a class=\"ez-toc-link ez-toc-heading-25\" href=\"https:\/\/yolcu360.com\/blog\/selcuk-gezilecek-yerler\/#Ucuza_arac_kiralayin\" >Ucuza ara\u00e7 kiralay\u0131n<\/a><\/li><li class='ez-toc-page-1 ez-toc-heading-level-2'><a class=\"ez-toc-link ez-toc-heading-26\" href=\"https:\/\/yolcu360.com\/blog\/selcuk-gezilecek-yerler\/#Ekonomik_bilet_bulun\" >Ekonomik bilet bulun<\/a><\/li><li class='ez-toc-page-1 ez-toc-heading-level-2'><a class=\"ez-toc-link ez-toc-heading-27\" href=\"https:\/\/yolcu360.com\/blog\/selcuk-gezilecek-yerler\/#Ekonomik_bir_Selcuk_gezisi_icin_Yolcu360_mobil_uygulamasini_indirin\" >Ekonomik bir Sel\u00e7uk gezisi i\u00e7in Yolcu360 mobil uygulamas\u0131n\u0131 indirin:<\/a><\/li><\/ul><\/nav><\/div>\n<h2 class=\"wp-block-heading\"><span class=\"ez-toc-section\" id=\"Selcuk_Gezilecek_Yerler_Haritasi\"><\/span>Sel\u00e7uk Gezilecek Yerler Haritas\u0131<span class=\"ez-toc-section-end\"><\/span><\/h2>\n\n\n\n<iframe data-trx-lazyload-src=\"https:\/\/www.google.com\/maps\/d\/u\/0\/embed?mid=18YtnKr5oc4JwClx3z9Wow6CrB16eqq4&#038;ehbc=2E312F&#038;noprof=1\" width=\"640\" height=\"480\"><\/iframe>\n\n\n\n<h2 class=\"wp-block-heading\"><span class=\"ez-toc-section\" id=\"1_Efes_Antik_Kenti\"><\/span>1. Efes Antik Kenti<span class=\"ez-toc-section-end\"><\/span><\/h2>\n\n\n\n<figure class=\"wp-block-image size-full\"><img fetchpriority=\"high\" decoding=\"async\" width=\"900\" height=\"600\" src=\"https:\/\/yolcu360.com\/blog\/wp-content\/uploads\/2018\/03\/efes-antik-kenti-izmir-tarihi-yerler.webp\" alt=\"efes antik kenti\" class=\"wp-image-75435\" srcset=\"https:\/\/yolcu360.com\/blog\/wp-content\/uploads\/2018\/03\/efes-antik-kenti-izmir-tarihi-yerler.webp 900w, https:\/\/yolcu360.com\/blog\/wp-content\/uploads\/2018\/03\/efes-antik-kenti-izmir-tarihi-yerler-500x333.webp 500w, https:\/\/yolcu360.com\/blog\/wp-content\/uploads\/2018\/03\/efes-antik-kenti-izmir-tarihi-yerler-150x100.webp 150w, https:\/\/yolcu360.com\/blog\/wp-content\/uploads\/2018\/03\/efes-antik-kenti-izmir-tarihi-yerler-768x512.webp 768w, https:\/\/yolcu360.com\/blog\/wp-content\/uploads\/2018\/03\/efes-antik-kenti-izmir-tarihi-yerler-370x247.webp 370w, https:\/\/yolcu360.com\/blog\/wp-content\/uploads\/2018\/03\/efes-antik-kenti-izmir-tarihi-yerler-865x577.webp 865w, https:\/\/yolcu360.com\/blog\/wp-content\/uploads\/2018\/03\/efes-antik-kenti-izmir-tarihi-yerler-642x428.webp 642w\" sizes=\"(max-width: 900px) 100vw, 900px\" \/><\/figure>\n\n\n\n<p>D\u00fcnya miras\u0131 denince akla gelen ilk durak olan bu devasa a\u00e7\u0131k hava m\u00fczesi, sizi Roma \u0130mparatorlu\u011fu\u2019nun ihti\u015faml\u0131 g\u00fcnlerine g\u00f6t\u00fcr\u00fcyor. Sel\u00e7uk&#8217;ta gezilecek yerler listesinin tart\u0131\u015fmas\u0131z lideri olan Efes, mermer caddeleri, antik tiyatrosu ve g\u00f6rkemli yap\u0131lar\u0131yla her y\u0131l milyonlarca turisti a\u011f\u0131rl\u0131yor. Kentin geni\u015f caddelerinde y\u00fcr\u00fcrken binlerce y\u0131l \u00f6ncesinin ticaret, sanat ve sosyal ya\u015fam\u0131n\u0131 hayal etmek hi\u00e7 de zor de\u011fil. Buray\u0131 tam anlam\u0131yla ke\u015ffetmek i\u00e7in birka\u00e7 saatinizi ay\u0131rmal\u0131 ve mutlaka rahat ayakkab\u0131lar tercih etmelisiniz.<\/p>\n\n\n\n<ul class=\"wp-block-list\">\n<li><a href=\"https:\/\/maps.app.goo.gl\/7a3KQwCodBnYFAFGA\" target=\"_blank\" rel=\"noreferrer noopener\">Efes Antik Kenti\u2019ni haritada g\u00f6ster<\/a><\/li>\n<\/ul>\n\n\n\n<ul class=\"wp-block-list\">\n<li><strong>Giri\u015f \u00dccreti ve Saatleri:<\/strong> M\u00fczekart ge\u00e7erli. Yabanc\u0131 ziyaret\u00e7iler i\u00e7in giri\u015f \u00fccreti full paket 40 EUR. Her g\u00fcn 08:00 &#8211; 20:00 aras\u0131 ziyarete a\u00e7\u0131k (Gi\u015fe 19:00&#8217;da kapan\u0131r).<\/li>\n\n\n\n<li><strong>\u00d6ne \u00c7\u0131kanlar:<\/strong> 25 bin ki\u015filik dev antik tiyatro, mermer cadde ve antik liman yolu.<\/li>\n\n\n\n<li><strong>Olanaklar:<\/strong> Sesli rehberlik hizmeti, otopark, m\u00fcze ma\u011fazas\u0131 ve giri\u015f alan\u0131nda kafeler mevcuttur.<\/li>\n<\/ul>\n\n\n\n<h2 class=\"wp-block-heading\"><span class=\"ez-toc-section\" id=\"2_Celsus_Kutuphanesi\"><\/span>2. Celsus K\u00fct\u00fcphanesi<span class=\"ez-toc-section-end\"><\/span><\/h2>\n\n\n\n<figure class=\"wp-block-image size-large\"><img decoding=\"async\" width=\"1024\" height=\"577\" src=\"https:\/\/yolcu360.com\/blog\/wp-content\/uploads\/2022\/09\/efes-celsus-kutuphanesi-1024x577.webp\" alt=\"celsus k\u00fct\u00fcphanesi, efes\" class=\"wp-image-75533\" srcset=\"https:\/\/yolcu360.com\/blog\/wp-content\/uploads\/2022\/09\/efes-celsus-kutuphanesi-1024x577.webp 1024w, https:\/\/yolcu360.com\/blog\/wp-content\/uploads\/2022\/09\/efes-celsus-kutuphanesi-500x282.webp 500w, https:\/\/yolcu360.com\/blog\/wp-content\/uploads\/2022\/09\/efes-celsus-kutuphanesi-150x85.webp 150w, https:\/\/yolcu360.com\/blog\/wp-content\/uploads\/2022\/09\/efes-celsus-kutuphanesi-768x433.webp 768w, https:\/\/yolcu360.com\/blog\/wp-content\/uploads\/2022\/09\/efes-celsus-kutuphanesi-370x209.webp 370w, https:\/\/yolcu360.com\/blog\/wp-content\/uploads\/2022\/09\/efes-celsus-kutuphanesi-865x488.webp 865w, https:\/\/yolcu360.com\/blog\/wp-content\/uploads\/2022\/09\/efes-celsus-kutuphanesi-642x362.webp 642w, https:\/\/yolcu360.com\/blog\/wp-content\/uploads\/2022\/09\/efes-celsus-kutuphanesi-270x152.webp 270w, https:\/\/yolcu360.com\/blog\/wp-content\/uploads\/2022\/09\/efes-celsus-kutuphanesi.webp 1064w\" sizes=\"(max-width: 1024px) 100vw, 1024px\" \/><\/figure>\n\n\n\n<p>Efes\u2019in en ikonik ve en \u00e7ok foto\u011fraflanan yap\u0131s\u0131 olan Celsus K\u00fct\u00fcphanesi, antik \u00e7a\u011f\u0131n en zengin k\u00fct\u00fcphanelerinden biri olarak kabul ediliyor. Sel\u00e7uk&#8217;ta gezilecek yerler aras\u0131nda estetik mimarisiyle b\u00fcy\u00fcleyen bu yap\u0131, MS 117 y\u0131l\u0131nda hayat\u0131n\u0131 kaybeden Roma valisi Celsus onuruna o\u011flu taraf\u0131ndan in\u015fa ettirilmi\u015ftir. K\u00fct\u00fcphanenin cephesinde yer alan d\u00f6rt kad\u0131n heykeli; bilgeli\u011fi, erdemi, zekay\u0131 ve kaderi temsil ediyor. \u00d6zellikle \u00f6\u011fleden sonra g\u00fcn \u0131\u015f\u0131\u011f\u0131 cepheye vurdu\u011funda, mimari detaylar\u0131n g\u00fczelli\u011fi tam anlam\u0131yla ortaya \u00e7\u0131k\u0131yor.<\/p>\n\n\n\n<ul class=\"wp-block-list\">\n<li><a href=\"https:\/\/maps.app.goo.gl\/PwaDw52GYbnM6zVs6\" target=\"_blank\" rel=\"noreferrer noopener\">Celsus K\u00fct\u00fcphanesi\u2019ni haritada g\u00f6ster<\/a><\/li>\n<\/ul>\n\n\n\n<ul class=\"wp-block-list\">\n<li><strong>Giri\u015f \u00dccreti ve Saatleri:<\/strong> Efes Antik Kenti giri\u015f bileti ile gezilebilir.<\/li>\n\n\n\n<li><strong>\u00d6ne \u00c7\u0131kanlar:<\/strong> Roma mimarisinin en iyi korunmu\u015f cephelerinden biri olmas\u0131 ve mermer \u00fczerindeki ince i\u015f\u00e7ilik.<\/li>\n\n\n\n<li><strong>Not:<\/strong> Yaz aylar\u0131nda a\u015f\u0131r\u0131 kalabal\u0131k olabildi\u011fi i\u00e7in sabah erken saatlerde ziyaret etmeniz \u00f6nerilir.<\/li>\n<\/ul>\n\n\n\n<h2 class=\"wp-block-heading\"><span class=\"ez-toc-section\" id=\"3_Trajan_Cesmesi\"><\/span>3. Trajan \u00c7e\u015fmesi<span class=\"ez-toc-section-end\"><\/span><\/h2>\n\n\n\n<figure class=\"wp-block-image size-large\"><img decoding=\"async\" width=\"1024\" height=\"577\" src=\"https:\/\/yolcu360.com\/blog\/wp-content\/uploads\/2018\/05\/trajan-cesmesi-efes-gezilecek-yerler-1024x577.webp\" alt=\"Trajan \u00c7e\u015fmesi, sel\u00e7uk gezilecek yerler\" class=\"wp-image-75704\" srcset=\"https:\/\/yolcu360.com\/blog\/wp-content\/uploads\/2018\/05\/trajan-cesmesi-efes-gezilecek-yerler-1024x577.webp 1024w, https:\/\/yolcu360.com\/blog\/wp-content\/uploads\/2018\/05\/trajan-cesmesi-efes-gezilecek-yerler-500x282.webp 500w, https:\/\/yolcu360.com\/blog\/wp-content\/uploads\/2018\/05\/trajan-cesmesi-efes-gezilecek-yerler-150x85.webp 150w, https:\/\/yolcu360.com\/blog\/wp-content\/uploads\/2018\/05\/trajan-cesmesi-efes-gezilecek-yerler-768x433.webp 768w, https:\/\/yolcu360.com\/blog\/wp-content\/uploads\/2018\/05\/trajan-cesmesi-efes-gezilecek-yerler-370x209.webp 370w, https:\/\/yolcu360.com\/blog\/wp-content\/uploads\/2018\/05\/trajan-cesmesi-efes-gezilecek-yerler-865x488.webp 865w, https:\/\/yolcu360.com\/blog\/wp-content\/uploads\/2018\/05\/trajan-cesmesi-efes-gezilecek-yerler-642x362.webp 642w, https:\/\/yolcu360.com\/blog\/wp-content\/uploads\/2018\/05\/trajan-cesmesi-efes-gezilecek-yerler-270x152.webp 270w, https:\/\/yolcu360.com\/blog\/wp-content\/uploads\/2018\/05\/trajan-cesmesi-efes-gezilecek-yerler.webp 1064w\" sizes=\"(max-width: 1024px) 100vw, 1024px\" \/><\/figure>\n\n\n\n<p>Celsus K\u00fct\u00fcphanesi\u2019ne giden Kuretler Caddesi \u00fczerinde yer alan bu an\u0131tsal \u00e7e\u015fme, \u0130mparator Trajan\u2019a ithafen in\u015fa edilmi\u015ftir. \u0130zmir Sel\u00e7uk gezilecek yerler rotas\u0131nda zarafetiyle dikkat \u00e7eken Trajan \u00c7e\u015fmesi, iki katl\u0131 yap\u0131s\u0131yla bir zamanlar \u015fehrin en g\u00f6steri\u015fli su yap\u0131lar\u0131ndan biriydi. \u00c7e\u015fmenin \u00f6n\u00fcndeki havuz ve \u0130mparatorun aya\u011f\u0131n\u0131n alt\u0131ndaki d\u00fcnya k\u00fcresi sembol\u00fc, Roma\u2019n\u0131n d\u00fcnyaya hakimiyetini temsil ediyordu. Bug\u00fcn bile ayakta kalan s\u00fctunlar\u0131 ve heykelleriyle, kentin zenginli\u011fini ve m\u00fchendislik harikas\u0131n\u0131 g\u00f6zler \u00f6n\u00fcne seriyor.<\/p>\n\n\n\n<ul class=\"wp-block-list\">\n<li><a href=\"https:\/\/maps.app.goo.gl\/geTpCbNs38tay3dF7\" target=\"_blank\" rel=\"noreferrer noopener\">Trajan \u00c7e\u015fmesi\u2019ni haritada g\u00f6ster<\/a><\/li>\n<\/ul>\n\n\n\n<ul class=\"wp-block-list\">\n<li><strong>Giri\u015f \u00dccreti ve Saatleri:<\/strong> Efes Antik Kenti giri\u015f bileti ile gezilebilir.<\/li>\n\n\n\n<li><strong>\u00d6ne \u00c7\u0131kanlar:<\/strong> An\u0131tsal cephe mimarisi ve mitolojik heykellerin bulundu\u011fu ni\u015fler.<\/li>\n\n\n\n<li><strong>Aktivite:<\/strong> Kuretler Caddesi boyunca y\u00fcr\u00fcrken bu yap\u0131n\u0131n g\u00f6lgesinde tarihin derinli\u011fini hissetmek.<\/li>\n<\/ul>\n\n\n\n<blockquote class=\"wp-block-quote is-layout-flow wp-block-quote-is-layout-flow\">\n<p>Sel\u00e7uk\u2019un her biri ayr\u0131 birer hazine olan antik yap\u0131lar\u0131n\u0131, tepelerde sakl\u0131 kalm\u0131\u015f k\u00f6ylerini ve u\u00e7suz bucaks\u0131z sahillerini kendi temponuzda gezmek paha bi\u00e7ilemez bir \u00f6zg\u00fcrl\u00fck sunuyor. <a href=\"https:\/\/yolcu360.com\/arac-kiralama\/turkiye\/izmir\" target=\"_blank\" rel=\"noreferrer noopener\"><strong>\u0130zmir ara\u00e7 kiralama avantajlar\u0131n\u0131 de\u011ferlendirerek<\/strong><\/a>, Sel\u00e7uk\u2019un tarih y\u00fckl\u00fc yollar\u0131nda keyifli ve \u00f6zg\u00fcr bir ke\u015fif turuna \u00e7\u0131kmak i\u00e7in ilk ad\u0131m\u0131 atabilirsiniz.<\/p>\n<\/blockquote>\n\n\n\n<h2 class=\"wp-block-heading\"><span class=\"ez-toc-section\" id=\"4_Memmius_Aniti\"><\/span>4. Memmius An\u0131t\u0131<span class=\"ez-toc-section-end\"><\/span><\/h2>\n\n\n\n<figure class=\"wp-block-image size-full\"><img loading=\"lazy\" decoding=\"async\" width=\"985\" height=\"600\" src=\"https:\/\/yolcu360.com\/blog\/wp-content\/uploads\/2018\/05\/memmius-aniti-selcuk-gezilecek-yerler.webp\" alt=\"Memmius An\u0131t\u0131\" class=\"wp-image-75705\" srcset=\"https:\/\/yolcu360.com\/blog\/wp-content\/uploads\/2018\/05\/memmius-aniti-selcuk-gezilecek-yerler.webp 985w, https:\/\/yolcu360.com\/blog\/wp-content\/uploads\/2018\/05\/memmius-aniti-selcuk-gezilecek-yerler-500x305.webp 500w, https:\/\/yolcu360.com\/blog\/wp-content\/uploads\/2018\/05\/memmius-aniti-selcuk-gezilecek-yerler-150x91.webp 150w, https:\/\/yolcu360.com\/blog\/wp-content\/uploads\/2018\/05\/memmius-aniti-selcuk-gezilecek-yerler-768x468.webp 768w, https:\/\/yolcu360.com\/blog\/wp-content\/uploads\/2018\/05\/memmius-aniti-selcuk-gezilecek-yerler-370x225.webp 370w, https:\/\/yolcu360.com\/blog\/wp-content\/uploads\/2018\/05\/memmius-aniti-selcuk-gezilecek-yerler-865x527.webp 865w, https:\/\/yolcu360.com\/blog\/wp-content\/uploads\/2018\/05\/memmius-aniti-selcuk-gezilecek-yerler-642x391.webp 642w\" sizes=\"(max-width: 985px) 100vw, 985px\" \/><\/figure>\n\n\n\n<p>Efes Antik Kenti i\u00e7erisinde, Domitian Meydan\u0131&#8217;n\u0131n kuzeyinde y\u00fckselen bu yap\u0131, kentin en sayg\u0131n an\u0131tlar\u0131ndan biridir. Sel\u00e7uk&#8217;a do\u011fru uzanan tarih yolculu\u011funuzda, Roma\u2019n\u0131n soylu ailelerine verilen de\u011feri simgeleyen bu an\u0131t\u0131 mutlaka g\u00f6rmelisiniz. MS 1. y\u00fczy\u0131lda diktat\u00f6r Sulla&#8217;n\u0131n torunu Memmius i\u00e7in in\u015fa edilen bu yap\u0131, Efes\u2019in sadece bir ticaret merkezi de\u011fil, ayn\u0131 zamanda bir vefa \u015fehri oldu\u011funu da kan\u0131tl\u0131yor. An\u0131t\u0131n \u00fczerindeki ince i\u015f\u00e7ilikli kabartmalar, Roma d\u00f6neminin sanatsal anlay\u0131\u015f\u0131n\u0131 t\u00fcm \u00e7\u0131plakl\u0131\u011f\u0131yla g\u00f6zler \u00f6n\u00fcne seriyor.<\/p>\n\n\n\n<ul class=\"wp-block-list\">\n<li><a href=\"https:\/\/maps.app.goo.gl\/2XVUW83bd1FVMRSS9\" target=\"_blank\" rel=\"noreferrer noopener\">Memmius An\u0131t\u0131&#8217;n\u0131 haritada g\u00f6ster<\/a><\/li>\n\n\n\n<li><strong>Giri\u015f \u00dccreti ve Saatleri:<\/strong> Efes Antik Kenti giri\u015f bileti ile gezilebilir.<\/li>\n\n\n\n<li><strong>\u00d6ne \u00c7\u0131kanlar:<\/strong> Sulla ve Memmius&#8217;un hayat\u0131n\u0131 anlatan kabartmalar, an\u0131tsal podyum yap\u0131s\u0131.<\/li>\n\n\n\n<li><strong>Not:<\/strong> An\u0131t\u0131n \u00e7evresindeki meydan, Efes\u2019in sosyal hiyerar\u015fisini anlamak i\u00e7in en iyi noktalardan biridir.<\/li>\n<\/ul>\n\n\n\n<h2 class=\"wp-block-heading\"><span class=\"ez-toc-section\" id=\"5_Meryem_Ana_Evi\"><\/span>5. Meryem Ana Evi<span class=\"ez-toc-section-end\"><\/span><\/h2>\n\n\n\n<figure class=\"wp-block-image size-full\"><img loading=\"lazy\" decoding=\"async\" width=\"945\" height=\"600\" src=\"https:\/\/yolcu360.com\/blog\/wp-content\/uploads\/2023\/03\/meryem-ana-evi-izmir-selcuk.webp\" alt=\"meryem ana evi\" class=\"wp-image-75349\" srcset=\"https:\/\/yolcu360.com\/blog\/wp-content\/uploads\/2023\/03\/meryem-ana-evi-izmir-selcuk.webp 945w, https:\/\/yolcu360.com\/blog\/wp-content\/uploads\/2023\/03\/meryem-ana-evi-izmir-selcuk-500x317.webp 500w, https:\/\/yolcu360.com\/blog\/wp-content\/uploads\/2023\/03\/meryem-ana-evi-izmir-selcuk-150x95.webp 150w, https:\/\/yolcu360.com\/blog\/wp-content\/uploads\/2023\/03\/meryem-ana-evi-izmir-selcuk-768x488.webp 768w, https:\/\/yolcu360.com\/blog\/wp-content\/uploads\/2023\/03\/meryem-ana-evi-izmir-selcuk-370x235.webp 370w, https:\/\/yolcu360.com\/blog\/wp-content\/uploads\/2023\/03\/meryem-ana-evi-izmir-selcuk-850x541.webp 850w, https:\/\/yolcu360.com\/blog\/wp-content\/uploads\/2023\/03\/meryem-ana-evi-izmir-selcuk-865x549.webp 865w, https:\/\/yolcu360.com\/blog\/wp-content\/uploads\/2023\/03\/meryem-ana-evi-izmir-selcuk-642x408.webp 642w\" sizes=\"(max-width: 945px) 100vw, 945px\" \/><\/figure>\n\n\n\n<p>B\u00fclb\u00fclda\u011f\u0131\u2019n\u0131n zirvesinde, zeytin a\u011fa\u00e7lar\u0131 ve ku\u015f sesleri aras\u0131nda yer alan bu kutsal mekan, her y\u0131l binlerce hac\u0131 aday\u0131n\u0131 ve turisti a\u011f\u0131rl\u0131yor. \u0130zmir Sel\u00e7uk&#8217;ta gezilecek yerler aras\u0131nda manevi huzuru en derinden hissedece\u011finiz durak olan Meryem Ana Evi, Hz. Meryem\u2019in son y\u0131llar\u0131n\u0131 ge\u00e7irdi\u011fi yer olarak kabul ediliyor. Buraya geldi\u011finizde, dilek duvar\u0131na notunuzu b\u0131rakabilir ve \u015fifal\u0131 oldu\u011funa inan\u0131lan sudan i\u00e7ebilirsiniz. Do\u011fayla i\u00e7 i\u00e7e, sessiz ve dingin atmosferiyle buras\u0131 sadece dini de\u011fil, ruhsal bir dinlenme noktas\u0131 olma \u00f6zelli\u011fi ta\u015f\u0131yor.<\/p>\n\n\n\n<ul class=\"wp-block-list\">\n<li><a href=\"https:\/\/maps.app.goo.gl\/ncUmMEeWYjTXJKjd8\" target=\"_blank\" rel=\"noreferrer noopener\">\u0130zmir Meryem Ana Evi&#8217;ni haritada g\u00f6ster<\/a><\/li>\n\n\n\n<li><strong>Giri\u015f \u00dccreti ve Saatleri:<\/strong> Belediye taraf\u0131ndan i\u015fletilen otopark ve giri\u015f \u00fccreti al\u0131nmaktad\u0131r. Giri\u015f: 250 TL (Tahmini). 08:00 &#8211; 18:00 aras\u0131 ziyarete a\u00e7\u0131kt\u0131r.<\/li>\n\n\n\n<li><strong>\u00d6ne \u00c7\u0131kanlar:<\/strong> Dilek duvar\u0131, vaftiz havuzu ve kutsal \u00e7e\u015fmeler.<\/li>\n\n\n\n<li><strong>Olanaklar:<\/strong> K\u00fc\u00e7\u00fck bir kafe, hediyelik e\u015fya d\u00fckkan\u0131 ve geni\u015f bir otopark alan\u0131 mevcuttur.<\/li>\n<\/ul>\n\n\n\n<h2 class=\"wp-block-heading\"><span class=\"ez-toc-section\" id=\"6_Efes_Arkeoloji_Muzesi\"><\/span>6. Efes Arkeoloji M\u00fczesi<span class=\"ez-toc-section-end\"><\/span><\/h2>\n\n\n\n<figure class=\"wp-block-image size-large\"><img loading=\"lazy\" decoding=\"async\" width=\"1024\" height=\"592\" src=\"https:\/\/yolcu360.com\/blog\/wp-content\/uploads\/2018\/05\/efes-arkeoloji-muzesi-ici-1024x592.webp\" alt=\"Efes Arkeoloji M\u00fczesi\" class=\"wp-image-75706\" srcset=\"https:\/\/yolcu360.com\/blog\/wp-content\/uploads\/2018\/05\/efes-arkeoloji-muzesi-ici-1024x592.webp 1024w, https:\/\/yolcu360.com\/blog\/wp-content\/uploads\/2018\/05\/efes-arkeoloji-muzesi-ici-500x289.webp 500w, https:\/\/yolcu360.com\/blog\/wp-content\/uploads\/2018\/05\/efes-arkeoloji-muzesi-ici-150x87.webp 150w, https:\/\/yolcu360.com\/blog\/wp-content\/uploads\/2018\/05\/efes-arkeoloji-muzesi-ici-768x444.webp 768w, https:\/\/yolcu360.com\/blog\/wp-content\/uploads\/2018\/05\/efes-arkeoloji-muzesi-ici-370x214.webp 370w, https:\/\/yolcu360.com\/blog\/wp-content\/uploads\/2018\/05\/efes-arkeoloji-muzesi-ici-865x500.webp 865w, https:\/\/yolcu360.com\/blog\/wp-content\/uploads\/2018\/05\/efes-arkeoloji-muzesi-ici-642x371.webp 642w, https:\/\/yolcu360.com\/blog\/wp-content\/uploads\/2018\/05\/efes-arkeoloji-muzesi-ici.webp 1038w\" sizes=\"(max-width: 1024px) 100vw, 1024px\" \/><\/figure>\n\n\n\n<p>Antik kentteki kaz\u0131larda g\u00fcn y\u00fcz\u00fcne \u00e7\u0131kar\u0131lan paha bi\u00e7ilemez eserlerin sergilendi\u011fi bu m\u00fcze, T\u00fcrkiye\u2019nin en \u00f6nemli arkeoloji m\u00fczeleri aras\u0131nda yer al\u0131yor. Sel\u00e7uk&#8217;ta gezilecek yerler \u00fccretsiz kategorisinde olmasa da M\u00fczekart avantaj\u0131yla ziyaret edebilece\u011finiz bu durak, Efes\u2019in sosyal ya\u015fam\u0131n\u0131 detayland\u0131r\u0131yor. M\u00fczenin en \u00fcnl\u00fc par\u00e7as\u0131 olan devasa boyutlu \u00e7ok memeli Artemis Heykeli, bereketi ve bollu\u011fu simgeleyen heybetli duru\u015fuyla ziyaret\u00e7ileri b\u00fcy\u00fcl\u00fcyor. Kaz\u0131lardan elde edilen alt\u0131n tak\u0131lar, sikkeler ve gladyat\u00f6r mezar ta\u015flar\u0131 kentin zenginli\u011fini bir kez daha kan\u0131tl\u0131yor.<\/p>\n\n\n\n<ul class=\"wp-block-list\">\n<li><a href=\"https:\/\/maps.app.goo.gl\/e7vjaKwzy76qyWa38\" target=\"_blank\" rel=\"noreferrer noopener\">Efes Arkeoloji M\u00fczesi&#8217;ni haritada g\u00f6ster<\/a><\/li>\n\n\n\n<li><strong>Giri\u015f \u00dccreti ve Saatleri:<\/strong> M\u00fczekart ge\u00e7erli. Yabanc\u0131lar i\u00e7in 10 EUR. 08:30 &#8211; 20:00 (Yaz saati) aras\u0131 a\u00e7\u0131kt\u0131r.<\/li>\n\n\n\n<li><strong>\u00d6ne \u00c7\u0131kanlar:<\/strong> Efes Artemisi heykeli, Priapos heykelci\u011fi ve Eroslu yunus heykeli.<\/li>\n\n\n\n<li><strong>Olanaklar:<\/strong> Modern sergileme salonlar\u0131, engelli eri\u015fimine uygun yollar ve m\u00fcze ma\u011fazas\u0131.<\/li>\n<\/ul>\n\n\n\n<h2 class=\"wp-block-heading\"><span class=\"ez-toc-section\" id=\"7_Artemis_Heykeli_Selcuk_Meydani\"><\/span>7. Artemis Heykeli (Sel\u00e7uk Meydan\u0131)<span class=\"ez-toc-section-end\"><\/span><\/h2>\n\n\n\n<figure class=\"wp-block-image size-full\"><img loading=\"lazy\" decoding=\"async\" width=\"1022\" height=\"584\" src=\"https:\/\/yolcu360.com\/blog\/wp-content\/uploads\/2018\/05\/efes-artemisi-heykeli-izmir-selcuk.webp\" alt=\"Artemis Heykeli, sel\u00e7uk\" class=\"wp-image-75707\" srcset=\"https:\/\/yolcu360.com\/blog\/wp-content\/uploads\/2018\/05\/efes-artemisi-heykeli-izmir-selcuk.webp 1022w, https:\/\/yolcu360.com\/blog\/wp-content\/uploads\/2018\/05\/efes-artemisi-heykeli-izmir-selcuk-500x286.webp 500w, https:\/\/yolcu360.com\/blog\/wp-content\/uploads\/2018\/05\/efes-artemisi-heykeli-izmir-selcuk-150x86.webp 150w, https:\/\/yolcu360.com\/blog\/wp-content\/uploads\/2018\/05\/efes-artemisi-heykeli-izmir-selcuk-768x439.webp 768w, https:\/\/yolcu360.com\/blog\/wp-content\/uploads\/2018\/05\/efes-artemisi-heykeli-izmir-selcuk-370x211.webp 370w, https:\/\/yolcu360.com\/blog\/wp-content\/uploads\/2018\/05\/efes-artemisi-heykeli-izmir-selcuk-865x494.webp 865w, https:\/\/yolcu360.com\/blog\/wp-content\/uploads\/2018\/05\/efes-artemisi-heykeli-izmir-selcuk-642x367.webp 642w\" sizes=\"(max-width: 1022px) 100vw, 1022px\" \/><\/figure>\n\n\n\n<p>Sel\u00e7uk\u2019un tam merkezinde yer alan ve \u015fehrin simgelerinden biri haline gelen bu heybetli heykel, antik d\u00fcnyan\u0131n yedi harikas\u0131ndan biri olan Artemis Tap\u0131na\u011f\u0131\u2019n\u0131n ihti\u015fam\u0131n\u0131 hat\u0131rlat\u0131yor. Sel\u00e7uk&#8217;ta ne yenir sorusunun yan\u0131t\u0131n\u0131 ararken u\u011frayaca\u011f\u0131n\u0131z \u00e7ar\u015f\u0131 merkezinde, bu g\u00f6rkemli an\u0131t sizi t\u00fcm zarafetiyle kar\u015f\u0131lar. M\u00fczedeki asl\u0131na sad\u0131k kal\u0131narak yap\u0131lan bu tasvir, bolluk ve bereket tanr\u0131\u00e7as\u0131 Artemis\u2019in Sel\u00e7uk halk\u0131 ve tarihi i\u00e7in ne kadar \u00f6nemli oldu\u011funu bir kez daha kan\u0131tl\u0131yor. \u015eehrin dokusunu hissetmek ve ak\u015fam y\u00fcr\u00fcy\u00fc\u015flerinde foto\u011fraf \u00e7ekmek i\u00e7in ideal bir noktad\u0131r.<\/p>\n\n\n\n<ul class=\"wp-block-list\">\n<li><a href=\"https:\/\/maps.app.goo.gl\/MzPgDRPoW7fPJGKN9\" target=\"_blank\" rel=\"noreferrer noopener\">Artemis Heykeli&#8217;ni haritada g\u00f6ster<\/a><\/li>\n<\/ul>\n\n\n\n<h2 class=\"wp-block-heading\"><span class=\"ez-toc-section\" id=\"8_St_John_Bazilikasi\"><\/span>8. St. John Bazilikas\u0131<span class=\"ez-toc-section-end\"><\/span><\/h2>\n\n\n\n<figure class=\"wp-block-image size-full\"><img loading=\"lazy\" decoding=\"async\" width=\"925\" height=\"600\" src=\"https:\/\/yolcu360.com\/blog\/wp-content\/uploads\/2022\/09\/st-john-bazilika.webp\" alt=\"st john bazilikas\u0131, izmir sel\u00e7uk gezilecek yerler\" class=\"wp-image-75538\" srcset=\"https:\/\/yolcu360.com\/blog\/wp-content\/uploads\/2022\/09\/st-john-bazilika.webp 925w, https:\/\/yolcu360.com\/blog\/wp-content\/uploads\/2022\/09\/st-john-bazilika-500x324.webp 500w, https:\/\/yolcu360.com\/blog\/wp-content\/uploads\/2022\/09\/st-john-bazilika-150x97.webp 150w, https:\/\/yolcu360.com\/blog\/wp-content\/uploads\/2022\/09\/st-john-bazilika-768x498.webp 768w, https:\/\/yolcu360.com\/blog\/wp-content\/uploads\/2022\/09\/st-john-bazilika-370x240.webp 370w, https:\/\/yolcu360.com\/blog\/wp-content\/uploads\/2022\/09\/st-john-bazilika-865x561.webp 865w, https:\/\/yolcu360.com\/blog\/wp-content\/uploads\/2022\/09\/st-john-bazilika-642x416.webp 642w\" sizes=\"(max-width: 925px) 100vw, 925px\" \/><\/figure>\n\n\n\n<p>Hristiyanl\u0131k d\u00fcnyas\u0131 i\u00e7in b\u00fcy\u00fck \u00f6nem ta\u015f\u0131yan bu dini yap\u0131, Hz. \u0130sa\u2019n\u0131n en sevdi\u011fi havarilerinden biri olan Aziz Yuhanna\u2019n\u0131n mezar\u0131 \u00fczerine in\u015fa edilmi\u015ftir. Sel\u00e7uk&#8217;ta gezilecek yerler aras\u0131nda inan\u00e7 turizminin kalbi say\u0131lan bazilika, \u0130mparator J\u00fcstinyen d\u00f6neminde yap\u0131lan devasa kubbeleriyle bir zamanlar Ayasofya ile yar\u0131\u015facak b\u00fcy\u00fckl\u00fckteydi. Bug\u00fcn harabeleri aras\u0131nda y\u00fcr\u00fcrken bile o d\u00f6nemin ihti\u015fam\u0131n\u0131 hissetmek m\u00fcmk\u00fcn oluyor. Tepedeki konumu sayesinde Sel\u00e7uk\u2019un panoramik manzaras\u0131n\u0131 izlemek isteyen gezginler i\u00e7in de harika bir seyir noktas\u0131d\u0131r.<\/p>\n\n\n\n<ul class=\"wp-block-list\">\n<li><a href=\"https:\/\/maps.app.goo.gl\/LQgpKUVCt7HG6nR37\" target=\"_blank\" rel=\"noreferrer noopener\">St. John Bazilikas\u0131&#8217;n\u0131 haritada g\u00f6ster<\/a><\/li>\n\n\n\n<li><strong>Giri\u015f \u00dccreti ve Saatleri:<\/strong> M\u00fczekart ge\u00e7erli. Yabanc\u0131 ziyaret\u00e7iler i\u00e7in 6 EUR. Her g\u00fcn 08:00 &#8211; 19:00 aras\u0131 ziyarete a\u00e7\u0131k.<\/li>\n\n\n\n<li><strong>Not:<\/strong> Giri\u015ften itibaren hafif bir yoku\u015f t\u0131rmanman\u0131z gerekebilir, rahat ayakkab\u0131 giymeniz \u00f6nerilir.<\/li>\n<\/ul>\n\n\n\n<h2 class=\"wp-block-heading\"><span class=\"ez-toc-section\" id=\"9_Ayasuluk_Kalesi\"><\/span>9. Ayasuluk Kalesi<span class=\"ez-toc-section-end\"><\/span><\/h2>\n\n\n\n<figure class=\"wp-block-image size-full\"><img loading=\"lazy\" decoding=\"async\" width=\"997\" height=\"600\" src=\"https:\/\/yolcu360.com\/blog\/wp-content\/uploads\/2018\/03\/ayasuluk-kalesi.webp\" alt=\"ayasuluk kalesi\" class=\"wp-image-75453\" srcset=\"https:\/\/yolcu360.com\/blog\/wp-content\/uploads\/2018\/03\/ayasuluk-kalesi.webp 997w, https:\/\/yolcu360.com\/blog\/wp-content\/uploads\/2018\/03\/ayasuluk-kalesi-500x301.webp 500w, https:\/\/yolcu360.com\/blog\/wp-content\/uploads\/2018\/03\/ayasuluk-kalesi-150x90.webp 150w, https:\/\/yolcu360.com\/blog\/wp-content\/uploads\/2018\/03\/ayasuluk-kalesi-768x462.webp 768w, https:\/\/yolcu360.com\/blog\/wp-content\/uploads\/2018\/03\/ayasuluk-kalesi-370x223.webp 370w, https:\/\/yolcu360.com\/blog\/wp-content\/uploads\/2018\/03\/ayasuluk-kalesi-865x521.webp 865w, https:\/\/yolcu360.com\/blog\/wp-content\/uploads\/2018\/03\/ayasuluk-kalesi-642x386.webp 642w\" sizes=\"(max-width: 997px) 100vw, 997px\" \/><\/figure>\n\n\n\n<p>Sel\u00e7uk\u2019un en y\u00fcksek noktas\u0131na konumlanan Ayasuluk Kalesi, \u015fehre hakim bir noktada binlerce y\u0131ll\u0131k savunma tarihini temsil ediyor. Sel\u00e7uk \u0130zmir gezilecek yerler rotan\u0131z\u0131n zirvesi olan bu kale, Sel\u00e7uklu ve Osmanl\u0131 d\u00f6nemlerinden kalan surlar\u0131 ve i\u00e7indeki cami kal\u0131nt\u0131lar\u0131yla tam bir k\u00fclt\u00fcr sentezi sunuyor. Kalenin surlar\u0131 \u00fczerinden bakt\u0131\u011f\u0131n\u0131zda bir yanda Artemis Tap\u0131na\u011f\u0131\u2019n\u0131n kal\u0131nt\u0131lar\u0131n\u0131, di\u011fer yanda ise Ege Denizi\u2019ne kadar uzanan d\u00fczl\u00fc\u011f\u00fc g\u00f6rebilirsiniz. Yenileme \u00e7al\u0131\u015fmalar\u0131yla ziyarete a\u00e7\u0131lan i\u00e7 kale b\u00f6l\u00fcm\u00fc, tarih merakl\u0131lar\u0131 i\u00e7in olduk\u00e7a doyurucu bir deneyim vadediyor.<\/p>\n\n\n\n<ul class=\"wp-block-list\">\n<li><a href=\"https:\/\/maps.app.goo.gl\/ZappEaVXyYfLkotCA\" target=\"_blank\" rel=\"noreferrer noopener\">Ayasuluk Kalesi&#8217;ni haritada g\u00f6ster<\/a><\/li>\n\n\n\n<li><strong>Giri\u015f \u00dccreti ve Saatleri:<\/strong> St. John Bazilikas\u0131 bileti ile giri\u015f yap\u0131labilmektedir (Ortak bilet uygulamas\u0131 mevcuttur).<\/li>\n\n\n\n<li><strong>\u00d6ne \u00c7\u0131kanlar:<\/strong> \u0130\u00e7 kale surlar\u0131, kale camii ve muhte\u015fem Sel\u00e7uk manzaras\u0131.<\/li>\n\n\n\n<li><strong>Olanaklar:<\/strong> Kale i\u00e7erisinde bilgilendirme tabelalar\u0131 ve dinlenme noktalar\u0131 yer almaktad\u0131r.<\/li>\n<\/ul>\n\n\n\n<h2 class=\"wp-block-heading\"><span class=\"ez-toc-section\" id=\"10_Isa_Bey_Camii\"><\/span>10. \u0130sa Bey Camii<span class=\"ez-toc-section-end\"><\/span><\/h2>\n\n\n\n<figure class=\"wp-block-image size-full\"><img loading=\"lazy\" decoding=\"async\" width=\"1014\" height=\"600\" src=\"https:\/\/yolcu360.com\/blog\/wp-content\/uploads\/2018\/03\/selcuk-isa-bey-camii.webp\" alt=\"isa bey camii, sel\u00e7uk gezilecek yerler\" class=\"wp-image-75443\" srcset=\"https:\/\/yolcu360.com\/blog\/wp-content\/uploads\/2018\/03\/selcuk-isa-bey-camii.webp 1014w, https:\/\/yolcu360.com\/blog\/wp-content\/uploads\/2018\/03\/selcuk-isa-bey-camii-500x296.webp 500w, https:\/\/yolcu360.com\/blog\/wp-content\/uploads\/2018\/03\/selcuk-isa-bey-camii-150x89.webp 150w, https:\/\/yolcu360.com\/blog\/wp-content\/uploads\/2018\/03\/selcuk-isa-bey-camii-768x454.webp 768w, https:\/\/yolcu360.com\/blog\/wp-content\/uploads\/2018\/03\/selcuk-isa-bey-camii-370x219.webp 370w, https:\/\/yolcu360.com\/blog\/wp-content\/uploads\/2018\/03\/selcuk-isa-bey-camii-865x512.webp 865w, https:\/\/yolcu360.com\/blog\/wp-content\/uploads\/2018\/03\/selcuk-isa-bey-camii-642x380.webp 642w\" sizes=\"(max-width: 1014px) 100vw, 1014px\" \/><\/figure>\n\n\n\n<p>Anadolu Beylikleri d\u00f6neminden g\u00fcn\u00fcm\u00fcze ula\u015fan en de\u011ferli yap\u0131lardan biri olan bu cami, 1375 y\u0131l\u0131nda in\u015fa edilmi\u015ftir. \u0130zmir Sel\u00e7uk&#8217;ta gezilecek yerler aras\u0131nda T\u00fcrk mimari tarihinin \u00f6nemli bir k\u00f6pr\u00fcs\u00fc say\u0131lan bu yap\u0131, \u015eam Emevi Camii\u2019nden esintiler ta\u015f\u0131yan avlusuyla dikkat \u00e7ekiyor. Klasik Osmanl\u0131 mimarisinden \u00f6nceki ge\u00e7i\u015f d\u00f6nemini yans\u0131tan camide, antik kentlerden getirilen dev mermer s\u00fctunlar kullan\u0131lm\u0131\u015ft\u0131r. Hem ibadete a\u00e7\u0131k olmas\u0131 hem de sanatsal de\u011feriyle ziyaret\u00e7ilerine mistik ve huzurlu bir atmosfer sunuyor.<\/p>\n\n\n\n<ul class=\"wp-block-list\">\n<li><a href=\"https:\/\/maps.app.goo.gl\/pESmd9P8RveHyLEB8\" target=\"_blank\" rel=\"noreferrer noopener\">\u0130sa Bey Camii&#8217;yi haritada g\u00f6ster<\/a><\/li>\n\n\n\n<li><strong>\u00d6ne \u00c7\u0131kanlar:<\/strong> \u00c7ini s\u00fcslemeleri, asimetrik plan yap\u0131s\u0131 ve antik s\u00fctunlar\u0131n kullan\u0131ld\u0131\u011f\u0131 g\u00f6rkemli avlu.<\/li>\n<\/ul>\n\n\n\n<h2 class=\"wp-block-heading\"><span class=\"ez-toc-section\" id=\"11_Artemis_Tapinagi\"><\/span>11. Artemis Tap\u0131na\u011f\u0131<span class=\"ez-toc-section-end\"><\/span><\/h2>\n\n\n\n<figure class=\"wp-block-image size-full\"><img loading=\"lazy\" decoding=\"async\" width=\"947\" height=\"600\" src=\"https:\/\/yolcu360.com\/blog\/wp-content\/uploads\/2018\/03\/artemis-tapinagi-selcuk.webp\" alt=\"efes artemis tap\u0131na\u011f\u0131\" class=\"wp-image-75438\" srcset=\"https:\/\/yolcu360.com\/blog\/wp-content\/uploads\/2018\/03\/artemis-tapinagi-selcuk.webp 947w, https:\/\/yolcu360.com\/blog\/wp-content\/uploads\/2018\/03\/artemis-tapinagi-selcuk-500x317.webp 500w, https:\/\/yolcu360.com\/blog\/wp-content\/uploads\/2018\/03\/artemis-tapinagi-selcuk-150x95.webp 150w, https:\/\/yolcu360.com\/blog\/wp-content\/uploads\/2018\/03\/artemis-tapinagi-selcuk-768x487.webp 768w, https:\/\/yolcu360.com\/blog\/wp-content\/uploads\/2018\/03\/artemis-tapinagi-selcuk-370x234.webp 370w, https:\/\/yolcu360.com\/blog\/wp-content\/uploads\/2018\/03\/artemis-tapinagi-selcuk-865x548.webp 865w, https:\/\/yolcu360.com\/blog\/wp-content\/uploads\/2018\/03\/artemis-tapinagi-selcuk-642x407.webp 642w\" sizes=\"(max-width: 947px) 100vw, 947px\" \/><\/figure>\n\n\n\n<p>Antik d\u00fcnyan\u0131n yedi harikas\u0131ndan biri olarak kabul edilen Artemis Tap\u0131na\u011f\u0131, bug\u00fcn sadece birka\u00e7 s\u00fctun ve temel kal\u0131nt\u0131s\u0131yla da olsa b\u00fcy\u00fcleyicili\u011fini koruyor. Sel\u00e7uklu gezilecek yerler rotan\u0131zda, bir zamanlar tamamen mermerden yap\u0131lm\u0131\u015f olan bu devasa yap\u0131n\u0131n ihti\u015fam\u0131n\u0131 hayal etmek bile heyecan verici. Tanr\u0131\u00e7a Artemis\u2019e adanan ve d\u00f6nemin en b\u00fcy\u00fck tap\u0131na\u011f\u0131 olan bu alan, bug\u00fcn do\u011fayla i\u00e7 i\u00e7e, sessiz bir noktada yer al\u0131yor. Buras\u0131, Efes\u2019in ne kadar g\u00f6rkemli bir ge\u00e7mi\u015fe sahip oldu\u011funu anlamak i\u00e7in ziyaret edilmesi gereken sembolik bir durak.<\/p>\n\n\n\n<ul class=\"wp-block-list\">\n<li><a href=\"https:\/\/maps.app.goo.gl\/7QAJ7mNRcF58Psst5\" target=\"_blank\" rel=\"noreferrer noopener\">Artemis Tap\u0131na\u011f\u0131&#8217;n\u0131 haritada g\u00f6ster<\/a><\/li>\n\n\n\n<li><strong>\u00d6ne \u00c7\u0131kanlar:<\/strong> D\u00fcnyan\u0131n Yedi Harikas\u0131&#8217;ndan biri olmas\u0131 ve leyleklerin yuva yapt\u0131\u011f\u0131 tarihi s\u00fctunlar.<\/li>\n\n\n\n<li><strong>Aktivite:<\/strong> Tap\u0131nak alan\u0131nda foto\u011fraf \u00e7ekmek ve bilgilendirme tabelalar\u0131ndan yap\u0131n\u0131n eski formunu incelemek.<\/li>\n<\/ul>\n\n\n\n<h2 class=\"wp-block-heading\"><span class=\"ez-toc-section\" id=\"12_Efes_Su_Kemerleri_Bizans_Su_Kemerleri\"><\/span>12. Efes Su Kemerleri (Bizans Su Kemerleri)<span class=\"ez-toc-section-end\"><\/span><\/h2>\n\n\n\n<figure class=\"wp-block-image size-large\"><img loading=\"lazy\" decoding=\"async\" width=\"1024\" height=\"528\" src=\"https:\/\/yolcu360.com\/blog\/wp-content\/uploads\/2018\/05\/efes-su-kemerleri-1024x528.webp\" alt=\"Efes Su Kemerleri\" class=\"wp-image-75708\" srcset=\"https:\/\/yolcu360.com\/blog\/wp-content\/uploads\/2018\/05\/efes-su-kemerleri-1024x528.webp 1024w, https:\/\/yolcu360.com\/blog\/wp-content\/uploads\/2018\/05\/efes-su-kemerleri-500x258.webp 500w, https:\/\/yolcu360.com\/blog\/wp-content\/uploads\/2018\/05\/efes-su-kemerleri-150x77.webp 150w, https:\/\/yolcu360.com\/blog\/wp-content\/uploads\/2018\/05\/efes-su-kemerleri-768x396.webp 768w, https:\/\/yolcu360.com\/blog\/wp-content\/uploads\/2018\/05\/efes-su-kemerleri-370x191.webp 370w, https:\/\/yolcu360.com\/blog\/wp-content\/uploads\/2018\/05\/efes-su-kemerleri-1080x557.webp 1080w, https:\/\/yolcu360.com\/blog\/wp-content\/uploads\/2018\/05\/efes-su-kemerleri-865x446.webp 865w, https:\/\/yolcu360.com\/blog\/wp-content\/uploads\/2018\/05\/efes-su-kemerleri-642x331.webp 642w, https:\/\/yolcu360.com\/blog\/wp-content\/uploads\/2018\/05\/efes-su-kemerleri.webp 1163w\" sizes=\"(max-width: 1024px) 100vw, 1024px\" \/><\/figure>\n\n\n\n<p>Sel\u00e7uk il\u00e7e merkezinde devasa yap\u0131lar olarak kar\u015f\u0131n\u0131za \u00e7\u0131kan bu kemerler, antik \u00e7a\u011f\u0131n m\u00fchendislik zekas\u0131n\u0131 g\u00fcn\u00fcm\u00fcze ta\u015f\u0131yor. Sel\u00e7uk tarihi yerler denildi\u011finde \u00e7o\u011fu zaman g\u00f6lgede kalsa da kentin su ihtiyac\u0131n\u0131 kar\u015f\u0131lamak i\u00e7in in\u015fa edilen bu kemerler, Bizans d\u00f6neminin en sa\u011flam yap\u0131lar\u0131ndand\u0131r. \u00d6zellikle il\u00e7e terminali ve istasyon \u00e7evresinde uzanan kemerlerin tepesine yuva yapan leylekler, Sel\u00e7uk\u2019un ya\u015fayan sembollerinden biridir. \u015eehir i\u00e7inde k\u0131sa bir y\u00fcr\u00fcy\u00fc\u015f yaparken bu devasa ta\u015f yap\u0131lar\u0131n alt\u0131ndan ge\u00e7mek sizi bamba\u015fka bir zamana g\u00f6t\u00fcrecek.<\/p>\n\n\n\n<ul class=\"wp-block-list\">\n<li><a href=\"https:\/\/maps.app.goo.gl\/Gi5pwSjRvWXjsQ1VA\" target=\"_blank\" rel=\"noreferrer noopener\">Efes Ku Kemerleri&#8217;ni haritada g\u00f6ster<\/a><\/li>\n\n\n\n<li><strong>\u00d6ne \u00c7\u0131kanlar:<\/strong> Leylek yuvalar\u0131yla b\u00fct\u00fcnle\u015fen tarihi doku ve Bizans d\u00f6nemi ta\u015f i\u015f\u00e7ili\u011fi.<\/li>\n\n\n\n<li><strong>Not:<\/strong> Ak\u015fam \u0131\u015f\u0131kland\u0131rmas\u0131yla kemerler \u00e7ok daha etkileyici bir g\u00f6r\u00fcn\u00fcme kavu\u015fuyor; bir kahve molas\u0131 e\u015fli\u011finde izleyebilirsiniz.<\/li>\n<\/ul>\n\n\n\n<h2 class=\"wp-block-heading\"><span class=\"ez-toc-section\" id=\"13_Efes_Deneyim_Muzesi\"><\/span>13. Efes Deneyim M\u00fczesi<span class=\"ez-toc-section-end\"><\/span><\/h2>\n\n\n\n<figure class=\"wp-block-image size-large\"><img loading=\"lazy\" decoding=\"async\" width=\"1024\" height=\"586\" src=\"https:\/\/yolcu360.com\/blog\/wp-content\/uploads\/2018\/05\/efes-deneyim-muzesi-1024x586.webp\" alt=\"Efes Deneyim M\u00fczesi\" class=\"wp-image-75709\" srcset=\"https:\/\/yolcu360.com\/blog\/wp-content\/uploads\/2018\/05\/efes-deneyim-muzesi-1024x586.webp 1024w, https:\/\/yolcu360.com\/blog\/wp-content\/uploads\/2018\/05\/efes-deneyim-muzesi-500x286.webp 500w, https:\/\/yolcu360.com\/blog\/wp-content\/uploads\/2018\/05\/efes-deneyim-muzesi-150x86.webp 150w, https:\/\/yolcu360.com\/blog\/wp-content\/uploads\/2018\/05\/efes-deneyim-muzesi-768x440.webp 768w, https:\/\/yolcu360.com\/blog\/wp-content\/uploads\/2018\/05\/efes-deneyim-muzesi-370x212.webp 370w, https:\/\/yolcu360.com\/blog\/wp-content\/uploads\/2018\/05\/efes-deneyim-muzesi-865x495.webp 865w, https:\/\/yolcu360.com\/blog\/wp-content\/uploads\/2018\/05\/efes-deneyim-muzesi-642x368.webp 642w, https:\/\/yolcu360.com\/blog\/wp-content\/uploads\/2018\/05\/efes-deneyim-muzesi.webp 1048w\" sizes=\"(max-width: 1024px) 100vw, 1024px\" \/><\/figure>\n\n\n\n<p>Geleneksel m\u00fczecilik anlay\u0131\u015f\u0131n\u0131 teknolojiyle birle\u015ftiren bu yeni nesil m\u00fcze, Efes\u2019in ihti\u015faml\u0131 d\u00f6nemlerini dijital bir \u015f\u00f6lenle ya\u015fat\u0131yor. Sel\u00e7uk&#8217;ta ne yap\u0131l\u0131r diye merak edenler i\u00e7in en heyecan verici se\u00e7eneklerden biri olan bu merkezde, antik kentin alt\u0131n \u00e7a\u011f\u0131n\u0131 \u00fc\u00e7 boyutlu sim\u00fclasyonlarla g\u00f6rebilirsiniz. Ses, \u0131\u015f\u0131k ve g\u00f6rsel efektlerle desteklenen sergiler, kendinizi o d\u00f6nemin pazar yerinde ya da k\u00fct\u00fcphanesinde hissetmenizi sa\u011fl\u0131yor. Tarihi sadece okumak de\u011fil, bizzat i\u00e7inde ya\u015famak isteyen teknoloji merakl\u0131s\u0131 gezginler i\u00e7in kusursuz bir durak.<\/p>\n\n\n\n<ul class=\"wp-block-list\">\n<li><a href=\"https:\/\/maps.app.goo.gl\/3hHANJ9qVB2iSSCi8\" target=\"_blank\" rel=\"noreferrer noopener\">Efes Deneyim M\u00fczesini haritada g\u00f6ster<\/a><\/li>\n\n\n\n<li><strong>Giri\u015f \u00dccreti ve Saatleri:<\/strong> 8 ya\u015f \u00fczeri ki\u015filer i\u00e7in 600 TL, 65 ya\u015f \u00fczerine \u00fccretsiz. Yabanc\u0131lar EUR \u00fczerinden \u00fccretleniyor. 08:00 &#8211; 17:30.<\/li>\n\n\n\n<li><strong>\u00d6ne \u00c7\u0131kanlar:<\/strong> S\u00fcr\u00fckleyici g\u00f6rsel sunumlar, y\u00fcksek kaliteli ses sistemleri ve interaktif tarih yolculu\u011fu.<\/li>\n\n\n\n<li><strong>Olanaklar:<\/strong> Klimal\u0131 kapal\u0131 alan, \u00e7ocuklu aileler i\u00e7in e\u011fitici i\u00e7erikler ve modern tasar\u0131m.<\/li>\n<\/ul>\n\n\n\n<h2 class=\"wp-block-heading\"><span class=\"ez-toc-section\" id=\"14_Selcuk_Merkez_Parki\"><\/span>14. Sel\u00e7uk Merkez Park\u0131<span class=\"ez-toc-section-end\"><\/span><\/h2>\n\n\n\n<figure class=\"wp-block-image size-full\"><img loading=\"lazy\" decoding=\"async\" width=\"969\" height=\"600\" src=\"https:\/\/yolcu360.com\/blog\/wp-content\/uploads\/2018\/05\/selcuk-merkez-parki.webp\" alt=\"Sel\u00e7uk Merkez Park\u0131\" class=\"wp-image-75710\" srcset=\"https:\/\/yolcu360.com\/blog\/wp-content\/uploads\/2018\/05\/selcuk-merkez-parki.webp 969w, https:\/\/yolcu360.com\/blog\/wp-content\/uploads\/2018\/05\/selcuk-merkez-parki-500x310.webp 500w, https:\/\/yolcu360.com\/blog\/wp-content\/uploads\/2018\/05\/selcuk-merkez-parki-150x93.webp 150w, https:\/\/yolcu360.com\/blog\/wp-content\/uploads\/2018\/05\/selcuk-merkez-parki-768x476.webp 768w, https:\/\/yolcu360.com\/blog\/wp-content\/uploads\/2018\/05\/selcuk-merkez-parki-370x229.webp 370w, https:\/\/yolcu360.com\/blog\/wp-content\/uploads\/2018\/05\/selcuk-merkez-parki-865x536.webp 865w, https:\/\/yolcu360.com\/blog\/wp-content\/uploads\/2018\/05\/selcuk-merkez-parki-642x398.webp 642w\" sizes=\"(max-width: 969px) 100vw, 969px\" \/><\/figure>\n\n\n\n<p>\u0130l\u00e7enin tam kalbinde yer alan bu park, yo\u011fun gezi rotan\u0131z\u0131n aras\u0131nda nefes alabilece\u011finiz en ye\u015fil ve en huzurlu k\u00f6\u015fedir. \u0130zmir Sel\u00e7uk nas\u0131l bir yer sorusunun cevab\u0131n\u0131, yerel halk\u0131n \u00e7\u0131nar a\u011fa\u00e7lar\u0131 alt\u0131nda vakit ge\u00e7irdi\u011fi bu samimi atmosferde bulabilirsiniz. \u00c7evresindeki heykel ve an\u0131tlarla sanatsal bir dokuya da sahip olan park, \u00f6zellikle s\u0131cak yaz g\u00fcnlerinde serin g\u00f6lgesiyle ziyaret\u00e7ileri kendine \u00e7eker. \u015eehrin temposuna k\u0131sa bir mola verip bir banka oturarak Sel\u00e7uk\u2019un sakin ritmini g\u00f6zlemlemek i\u00e7in ideal bir noktad\u0131r.<\/p>\n\n\n\n<ul class=\"wp-block-list\">\n<li><a href=\"https:\/\/maps.app.goo.gl\/5nXde91w16PxHM4s7\" target=\"_blank\" rel=\"noreferrer noopener\">Sel\u00e7uk Merkez Park\u0131 haritada g\u00f6ster<\/a><\/li>\n<\/ul>\n\n\n\n<h2 class=\"wp-block-heading\"><span class=\"ez-toc-section\" id=\"15_Selcuk_Hamami\"><\/span>15. Sel\u00e7uk Hamam\u0131<span class=\"ez-toc-section-end\"><\/span><\/h2>\n\n\n\n<figure class=\"wp-block-image size-full\"><img loading=\"lazy\" decoding=\"async\" width=\"907\" height=\"600\" src=\"https:\/\/yolcu360.com\/blog\/wp-content\/uploads\/2018\/05\/selcuk-hamami.webp\" alt=\"sel\u00e7uk hamam\u0131\" class=\"wp-image-75711\" srcset=\"https:\/\/yolcu360.com\/blog\/wp-content\/uploads\/2018\/05\/selcuk-hamami.webp 907w, https:\/\/yolcu360.com\/blog\/wp-content\/uploads\/2018\/05\/selcuk-hamami-500x331.webp 500w, https:\/\/yolcu360.com\/blog\/wp-content\/uploads\/2018\/05\/selcuk-hamami-150x99.webp 150w, https:\/\/yolcu360.com\/blog\/wp-content\/uploads\/2018\/05\/selcuk-hamami-768x508.webp 768w, https:\/\/yolcu360.com\/blog\/wp-content\/uploads\/2018\/05\/selcuk-hamami-370x245.webp 370w, https:\/\/yolcu360.com\/blog\/wp-content\/uploads\/2018\/05\/selcuk-hamami-865x572.webp 865w, https:\/\/yolcu360.com\/blog\/wp-content\/uploads\/2018\/05\/selcuk-hamami-642x425.webp 642w\" sizes=\"(max-width: 907px) 100vw, 907px\" \/><\/figure>\n\n\n\n<p>Sel\u00e7uk merkezinde yer alan bu tarihi hamam, Osmanl\u0131 d\u00f6neminin temizlik ve sosyal ya\u015fam k\u00fclt\u00fcr\u00fcn\u00fc g\u00fcn\u00fcm\u00fcze kadar ula\u015ft\u0131rmay\u0131 ba\u015farm\u0131\u015f yap\u0131lardan biridir. Pamucak gezilecek yerler rotas\u0131na ge\u00e7meden \u00f6nce, g\u00fcn\u00fcn yorgunlu\u011funu atmak ve geleneksel bir T\u00fcrk hamam\u0131 deneyimi ya\u015famak isterseniz buray\u0131 tercih edebilirsiniz. Kubbeli yap\u0131s\u0131 ve g\u00f6bek ta\u015f\u0131yla klasik mimariyi yans\u0131tan hamam, hala aktif olarak kullan\u0131lmas\u0131yla ya\u015fayan bir tarih niteli\u011fi ta\u015f\u0131yor. Kemerli giri\u015fleri ve ta\u015f i\u015f\u00e7ili\u011fi ile hem g\u00f6rsel bir ziyafet sunuyor hem de bedeninizi dinlendirme imkan\u0131 veriyor.<\/p>\n\n\n\n<ul class=\"wp-block-list\">\n<li><a href=\"https:\/\/maps.app.goo.gl\/vkMdLmQXd1j3r5eY7\" target=\"_blank\" rel=\"noreferrer noopener\">Sel\u00e7uk Hamam\u0131&#8217;n\u0131 haritada g\u00f6ster<\/a><\/li>\n\n\n\n<li><strong>\u00d6ne \u00c7\u0131kanlar:<\/strong> Geleneksel kubbeli mimari, mermer i\u015f\u00e7ili\u011fi ve tarihi atmosfer.<\/li>\n\n\n\n<li><strong>Olanaklar:<\/strong> Kese, k\u00f6p\u00fck masaj\u0131 ve dinlenme alanlar\u0131 mevcuttur.<\/li>\n<\/ul>\n\n\n\n<h2 class=\"wp-block-heading\"><span class=\"ez-toc-section\" id=\"16_Selcuk_Koftecisi\"><\/span>16. Sel\u00e7uk K\u00f6ftecisi<span class=\"ez-toc-section-end\"><\/span><\/h2>\n\n\n\n<figure class=\"wp-block-image size-full\"><img loading=\"lazy\" decoding=\"async\" width=\"991\" height=\"600\" src=\"https:\/\/yolcu360.com\/blog\/wp-content\/uploads\/2018\/05\/selcuk-koftecisi-1.webp\" alt=\"Sel\u00e7uk K\u00f6ftecisi, sel\u00e7uk gezilecek yerler\" class=\"wp-image-75712\" srcset=\"https:\/\/yolcu360.com\/blog\/wp-content\/uploads\/2018\/05\/selcuk-koftecisi-1.webp 991w, https:\/\/yolcu360.com\/blog\/wp-content\/uploads\/2018\/05\/selcuk-koftecisi-1-500x303.webp 500w, https:\/\/yolcu360.com\/blog\/wp-content\/uploads\/2018\/05\/selcuk-koftecisi-1-150x91.webp 150w, https:\/\/yolcu360.com\/blog\/wp-content\/uploads\/2018\/05\/selcuk-koftecisi-1-768x465.webp 768w, https:\/\/yolcu360.com\/blog\/wp-content\/uploads\/2018\/05\/selcuk-koftecisi-1-370x224.webp 370w, https:\/\/yolcu360.com\/blog\/wp-content\/uploads\/2018\/05\/selcuk-koftecisi-1-865x524.webp 865w, https:\/\/yolcu360.com\/blog\/wp-content\/uploads\/2018\/05\/selcuk-koftecisi-1-642x389.webp 642w\" sizes=\"(max-width: 991px) 100vw, 991px\" \/><\/figure>\n\n\n\n<p>Sel\u00e7uk merkezinde yer alan bu lezzet dura\u011f\u0131, y\u0131llard\u0131r de\u011fi\u015fmeyen tarifleriyle hem yerel halk\u0131n hem de turistlerin vazge\u00e7ilmezi konumunda. Sel\u00e7uk&#8217;un samimi esnaf lokantas\u0131 k\u00fclt\u00fcr\u00fcn\u00fc yans\u0131tan i\u015fletmede, \u00f6zellikle odun ate\u015finde pi\u015fen ve b\u00f6lgeye has baharatlarla haz\u0131rlanan k\u00f6fteler \u00f6n plana \u00e7\u0131k\u0131yor. Tarihi yap\u0131lar\u0131n aras\u0131nda verdi\u011finiz bir mola s\u0131ras\u0131nda, h\u0131zl\u0131, doyurucu ve geleneksel bir Ege \u00f6\u011fle yeme\u011fi ar\u0131yorsan\u0131z buras\u0131 en do\u011fru adreslerden biri olacakt\u0131r.<\/p>\n\n\n\n<ul class=\"wp-block-list\">\n<li><a href=\"https:\/\/maps.app.goo.gl\/ubvev51XQ819236e6\" target=\"_blank\" rel=\"noreferrer noopener\">Sel\u00e7uk K\u00f6ftecisi&#8217;ni haritada g\u00f6ster<\/a><\/li>\n\n\n\n<li><strong>\u00d6ne \u00c7\u0131kanlar:<\/strong> Izgara k\u00f6fte, piyaz ve ev yap\u0131m\u0131 ayran.<\/li>\n\n\n\n<li><strong>Olanaklar:<\/strong> \u015eehir merkezinde kolay ula\u015f\u0131labilir konum, d\u0131\u015f mekan oturma alan\u0131.<\/li>\n\n\n\n<li><strong>Not:<\/strong> \u00d6\u011fle saatlerinde olduk\u00e7a pop\u00fcler oldu\u011fu i\u00e7in k\u0131sa bir s\u00fcre s\u0131ra beklemeniz gerekebilir.<\/li>\n<\/ul>\n\n\n\n<h2 class=\"wp-block-heading\"><span class=\"ez-toc-section\" id=\"17_Ejder_Restaurant\"><\/span>17. Ejder Restaurant<span class=\"ez-toc-section-end\"><\/span><\/h2>\n\n\n\n<figure class=\"wp-block-image size-full\"><img loading=\"lazy\" decoding=\"async\" width=\"924\" height=\"600\" src=\"https:\/\/yolcu360.com\/blog\/wp-content\/uploads\/2018\/05\/ejder-restaurant.webp\" alt=\"Ejder Restaurant\" class=\"wp-image-75713\" srcset=\"https:\/\/yolcu360.com\/blog\/wp-content\/uploads\/2018\/05\/ejder-restaurant.webp 924w, https:\/\/yolcu360.com\/blog\/wp-content\/uploads\/2018\/05\/ejder-restaurant-500x325.webp 500w, https:\/\/yolcu360.com\/blog\/wp-content\/uploads\/2018\/05\/ejder-restaurant-150x97.webp 150w, https:\/\/yolcu360.com\/blog\/wp-content\/uploads\/2018\/05\/ejder-restaurant-768x499.webp 768w, https:\/\/yolcu360.com\/blog\/wp-content\/uploads\/2018\/05\/ejder-restaurant-370x240.webp 370w, https:\/\/yolcu360.com\/blog\/wp-content\/uploads\/2018\/05\/ejder-restaurant-865x562.webp 865w, https:\/\/yolcu360.com\/blog\/wp-content\/uploads\/2018\/05\/ejder-restaurant-642x417.webp 642w\" sizes=\"(max-width: 924px) 100vw, 924px\" \/><\/figure>\n\n\n\n<p>\u0130sa Bey Camii ve St. John Bazilikas\u0131 manzaras\u0131na kar\u015f\u0131 konumlanan Ejder Restaurant, Sel\u00e7uk\u2019un en k\u00f6kl\u00fc ve kaliteli i\u015fletmelerinden biridir. Geleneksel T\u00fcrk mutfa\u011f\u0131n\u0131n se\u00e7kin \u00f6rneklerini sunan restoran, \u00f6zellikle taze yerel malzemelerle haz\u0131rlanan zeytinya\u011fl\u0131lar\u0131 ve et yemekleriyle tan\u0131n\u0131yor. Tarihi dokunun tam ortas\u0131nda, y\u00fcksek tavanl\u0131 ve otantik bir atmosferde ak\u015fam yeme\u011fi yemek isteyenler i\u00e7in b\u00fcy\u00fcleyici bir ambiyans sunuyor.<\/p>\n\n\n\n<ul class=\"wp-block-list\">\n<li><a href=\"https:\/\/maps.app.goo.gl\/fvU6X5BqGLBL4w58A\" target=\"_blank\" rel=\"noreferrer noopener\">Ejder Restaurant&#8217;\u0131 haritada g\u00f6ster<\/a><\/li>\n\n\n\n<li><strong>\u00d6ne \u00c7\u0131kanlar:<\/strong> Manzaral\u0131 teras, kuzu tand\u0131r ve geni\u015f meze se\u00e7enekleri.<\/li>\n\n\n\n<li><strong>Olanaklar:<\/strong> Geni\u015f gruplar i\u00e7in uygun.<\/li>\n<\/ul>\n\n\n\n<h2 class=\"wp-block-heading\"><span class=\"ez-toc-section\" id=\"18_Eski_Ev_Restaurant\"><\/span>18. Eski Ev Restaurant<span class=\"ez-toc-section-end\"><\/span><\/h2>\n\n\n\n<figure class=\"wp-block-image size-large\"><img loading=\"lazy\" decoding=\"async\" width=\"1024\" height=\"597\" src=\"https:\/\/yolcu360.com\/blog\/wp-content\/uploads\/2018\/05\/eski-ev-restaurant-1024x597.webp\" alt=\"Eski Ev Restaurant, sel\u00e7uk yemek yenecek yerler\" class=\"wp-image-75714\" srcset=\"https:\/\/yolcu360.com\/blog\/wp-content\/uploads\/2018\/05\/eski-ev-restaurant-1024x597.webp 1024w, https:\/\/yolcu360.com\/blog\/wp-content\/uploads\/2018\/05\/eski-ev-restaurant-500x291.webp 500w, https:\/\/yolcu360.com\/blog\/wp-content\/uploads\/2018\/05\/eski-ev-restaurant-150x87.webp 150w, https:\/\/yolcu360.com\/blog\/wp-content\/uploads\/2018\/05\/eski-ev-restaurant-768x447.webp 768w, https:\/\/yolcu360.com\/blog\/wp-content\/uploads\/2018\/05\/eski-ev-restaurant-370x216.webp 370w, https:\/\/yolcu360.com\/blog\/wp-content\/uploads\/2018\/05\/eski-ev-restaurant-865x504.webp 865w, https:\/\/yolcu360.com\/blog\/wp-content\/uploads\/2018\/05\/eski-ev-restaurant-642x374.webp 642w, https:\/\/yolcu360.com\/blog\/wp-content\/uploads\/2018\/05\/eski-ev-restaurant.webp 1030w\" sizes=\"(max-width: 1024px) 100vw, 1024px\" \/><\/figure>\n\n\n\n<p>Ad\u0131ndan da anla\u015f\u0131laca\u011f\u0131 \u00fczere restore edilmi\u015f eski bir Rum evinde hizmet veren bu restoran, Sel\u00e7uk\u2019un en estetik gastronomi duraklar\u0131ndan biri. Bah\u00e7esindeki as\u0131rl\u0131k a\u011fa\u00e7lar\u0131n g\u00f6lgesinde huzur dolu bir yemek deneyimi vadeden i\u015fletme, &#8220;\u00e7iftlikten sofraya&#8221; konseptini ba\u015far\u0131yla uyguluyor. Ev yap\u0131m\u0131 mant\u0131lar\u0131, taze Ege otlar\u0131 ve samimi servisiyle kendinizi bir dostunuzun bah\u00e7esinde ak\u015fam yeme\u011fine davetliymi\u015f gibi hissetmenizi sa\u011fl\u0131yor.<\/p>\n\n\n\n<ul class=\"wp-block-list\">\n<li><a href=\"https:\/\/maps.app.goo.gl\/Qw3h2ADnaAzQTb4Q6\" target=\"_blank\" rel=\"noreferrer noopener\">Eski Ev Restaurant&#8217;\u0131 haritada g\u00f6ster<\/a><\/li>\n\n\n\n<li><strong>\u00d6ne \u00c7\u0131kanlar:<\/strong> Otantik i\u00e7 mekan tasar\u0131m\u0131, Ege otlar\u0131 taba\u011f\u0131 ve kiremitte haz\u0131rlanan spesiyaller.<\/li>\n\n\n\n<li><strong>Olanaklar:<\/strong> \u00c7ocuk dostu bah\u00e7e alan\u0131, butik atmosfer ve yerel \u00fcretim i\u00e7ecekler.<\/li>\n\n\n\n<li><strong>Not:<\/strong> Romantik bir ak\u015fam yeme\u011fi ya da sessiz bir aile yeme\u011fi i\u00e7in Sel\u00e7uk\u2019taki en iyi tercihlerden biridir.<\/li>\n<\/ul>\n\n\n\n<h2 class=\"wp-block-heading\"><span class=\"ez-toc-section\" id=\"19_Cittantica_Ephesus_Park\"><\/span>19. Cittantica Ephesus Park<span class=\"ez-toc-section-end\"><\/span><\/h2>\n\n\n\n<figure class=\"wp-block-image size-large\"><img loading=\"lazy\" decoding=\"async\" width=\"1024\" height=\"445\" src=\"https:\/\/yolcu360.com\/blog\/wp-content\/uploads\/2018\/05\/cittantica-ephesus-park-1024x445.webp\" alt=\"Cittantica Ephesus Park\" class=\"wp-image-75715\" srcset=\"https:\/\/yolcu360.com\/blog\/wp-content\/uploads\/2018\/05\/cittantica-ephesus-park-1024x445.webp 1024w, https:\/\/yolcu360.com\/blog\/wp-content\/uploads\/2018\/05\/cittantica-ephesus-park-500x217.webp 500w, https:\/\/yolcu360.com\/blog\/wp-content\/uploads\/2018\/05\/cittantica-ephesus-park-150x65.webp 150w, https:\/\/yolcu360.com\/blog\/wp-content\/uploads\/2018\/05\/cittantica-ephesus-park-768x334.webp 768w, https:\/\/yolcu360.com\/blog\/wp-content\/uploads\/2018\/05\/cittantica-ephesus-park-370x161.webp 370w, https:\/\/yolcu360.com\/blog\/wp-content\/uploads\/2018\/05\/cittantica-ephesus-park-1290x560.webp 1290w, https:\/\/yolcu360.com\/blog\/wp-content\/uploads\/2018\/05\/cittantica-ephesus-park-1080x469.webp 1080w, https:\/\/yolcu360.com\/blog\/wp-content\/uploads\/2018\/05\/cittantica-ephesus-park-865x376.webp 865w, https:\/\/yolcu360.com\/blog\/wp-content\/uploads\/2018\/05\/cittantica-ephesus-park-642x279.webp 642w, https:\/\/yolcu360.com\/blog\/wp-content\/uploads\/2018\/05\/cittantica-ephesus-park.webp 1381w\" sizes=\"(max-width: 1024px) 100vw, 1024px\" \/><\/figure>\n\n\n\n<p>Efes Antik Kenti\u2019nin hemen yan\u0131 ba\u015f\u0131nda bulunan bu tema park\u0131, antik d\u00fcnyay\u0131 modern e\u011flence anlay\u0131\u015f\u0131yla birle\u015ftiriyor. Roma d\u00f6nemindeki g\u00fcnl\u00fck ya\u015fam\u0131 interaktif bir \u015fekilde deneyimleyebilece\u011finiz parkta, gladyat\u00f6r g\u00f6sterileri ve antik d\u00f6nem at\u00f6lyeleri d\u00fczenleniyor. \u00d6zellikle \u00e7ocuklu aileler i\u00e7in tarihin s\u0131k\u0131c\u0131 bir ders olmaktan \u00e7\u0131k\u0131p e\u011flenceli bir maceraya d\u00f6n\u00fc\u015ft\u00fc\u011f\u00fc bu nokta, Sel\u00e7uk gezisine renkli bir mola vermek isteyenler i\u00e7in harika bir alternatif.<\/p>\n\n\n\n<ul class=\"wp-block-list\">\n<li><a href=\"https:\/\/maps.app.goo.gl\/9D9ghyUVVxCAy7G49\" target=\"_blank\" rel=\"noreferrer noopener\">Cittantica Ephesus Park&#8217;\u0131 haritada g\u00f6ster<\/a><\/li>\n<\/ul>\n\n\n\n<h2 class=\"wp-block-heading\"><span class=\"ez-toc-section\" id=\"20_Cetin_Koy_Kulturu_Muzesi_Maketkoy\"><\/span>20. \u00c7etin K\u00f6y K\u00fclt\u00fcr\u00fc M\u00fczesi: Maketk\u00f6y<span class=\"ez-toc-section-end\"><\/span><\/h2>\n\n\n\n<figure class=\"wp-block-image size-full\"><img loading=\"lazy\" decoding=\"async\" width=\"915\" height=\"600\" src=\"https:\/\/yolcu360.com\/blog\/wp-content\/uploads\/2018\/05\/cetin-koy-kulturu-muzesi-selcuk.webp\" alt=\"\u00c7etin K\u00f6y K\u00fclt\u00fcr\u00fc M\u00fczesi\" class=\"wp-image-75716\" srcset=\"https:\/\/yolcu360.com\/blog\/wp-content\/uploads\/2018\/05\/cetin-koy-kulturu-muzesi-selcuk.webp 915w, https:\/\/yolcu360.com\/blog\/wp-content\/uploads\/2018\/05\/cetin-koy-kulturu-muzesi-selcuk-500x328.webp 500w, https:\/\/yolcu360.com\/blog\/wp-content\/uploads\/2018\/05\/cetin-koy-kulturu-muzesi-selcuk-150x98.webp 150w, https:\/\/yolcu360.com\/blog\/wp-content\/uploads\/2018\/05\/cetin-koy-kulturu-muzesi-selcuk-768x504.webp 768w, https:\/\/yolcu360.com\/blog\/wp-content\/uploads\/2018\/05\/cetin-koy-kulturu-muzesi-selcuk-370x243.webp 370w, https:\/\/yolcu360.com\/blog\/wp-content\/uploads\/2018\/05\/cetin-koy-kulturu-muzesi-selcuk-865x567.webp 865w, https:\/\/yolcu360.com\/blog\/wp-content\/uploads\/2018\/05\/cetin-koy-kulturu-muzesi-selcuk-642x421.webp 642w, https:\/\/yolcu360.com\/blog\/wp-content\/uploads\/2018\/05\/cetin-koy-kulturu-muzesi-selcuk-883x580.webp 883w, https:\/\/yolcu360.com\/blog\/wp-content\/uploads\/2018\/05\/cetin-koy-kulturu-muzesi-selcuk-344x225.webp 344w\" sizes=\"(max-width: 915px) 100vw, 915px\" \/><\/figure>\n\n\n\n<p>Sel\u00e7uk\u2019tan Ku\u015fadas\u0131 y\u00f6n\u00fcne do\u011fru giderken kar\u015f\u0131n\u0131za \u00e7\u0131kan bu benzersiz a\u00e7\u0131k hava m\u00fczesi, Anadolu\u2019nun kaybolmaya y\u00fcz tutmu\u015f k\u00f6y ya\u015fam\u0131n\u0131 minyat\u00fcrlerle ya\u015fat\u0131yor. Ayhan \u00c7etin\u2019in uzun y\u0131llar s\u00fcren eme\u011fiyle ortaya \u00e7\u0131kan bu k\u00f6yde, hareketli maketler arac\u0131l\u0131\u011f\u0131yla de\u011firmenden demirci at\u00f6lyesine kadar her \u015fey en ince ayr\u0131nt\u0131s\u0131na kadar d\u00fc\u015f\u00fcn\u00fclm\u00fc\u015f. Ge\u00e7mi\u015fin masals\u0131 ve sade ya\u015fam\u0131na bir sayg\u0131 duru\u015fu niteli\u011findeki bu k\u00f6y, her ya\u015ftan ziyaret\u00e7iyi nostaljik bir yolculu\u011fa \u00e7\u0131kar\u0131yor.<\/p>\n\n\n\n<ul class=\"wp-block-list\">\n<li><a href=\"https:\/\/maps.app.goo.gl\/Tn13pL9in7Rcek1B6\" target=\"_blank\" rel=\"noreferrer noopener\">\u00c7etin Maket K\u00f6y&#8217;\u00fc haritada g\u00f6ster<\/a><\/li>\n\n\n\n<li><strong>\u00d6ne \u00c7\u0131kanlar:<\/strong> Hareketli fig\u00fcrler, otantik k\u00f6y canland\u0131rmalar\u0131 ve el eme\u011fi sanat eserleri.<\/li>\n\n\n\n<li><strong>Olanaklar:<\/strong> G\u00f6zleme ve \u00e7ay i\u00e7ebilece\u011finiz dinlenme alan\u0131, yerel \u00fcr\u00fcn sat\u0131\u015f noktas\u0131.<\/li>\n<\/ul>\n\n\n\n<h2 class=\"wp-block-heading\"><span class=\"ez-toc-section\" id=\"21_Pamucak_Plaji\"><\/span>21. Pamucak Plaj\u0131<span class=\"ez-toc-section-end\"><\/span><\/h2>\n\n\n\n<figure class=\"wp-block-image size-large\"><img loading=\"lazy\" decoding=\"async\" width=\"1024\" height=\"582\" src=\"https:\/\/yolcu360.com\/blog\/wp-content\/uploads\/2018\/05\/pamucak-plaji-1024x582.webp\" alt=\"Pamucak Plaj\u0131, sel\u00e7uk denize girilecek yerler\" class=\"wp-image-75717\" srcset=\"https:\/\/yolcu360.com\/blog\/wp-content\/uploads\/2018\/05\/pamucak-plaji-1024x582.webp 1024w, https:\/\/yolcu360.com\/blog\/wp-content\/uploads\/2018\/05\/pamucak-plaji-500x284.webp 500w, https:\/\/yolcu360.com\/blog\/wp-content\/uploads\/2018\/05\/pamucak-plaji-150x85.webp 150w, https:\/\/yolcu360.com\/blog\/wp-content\/uploads\/2018\/05\/pamucak-plaji-768x436.webp 768w, https:\/\/yolcu360.com\/blog\/wp-content\/uploads\/2018\/05\/pamucak-plaji-370x210.webp 370w, https:\/\/yolcu360.com\/blog\/wp-content\/uploads\/2018\/05\/pamucak-plaji-865x491.webp 865w, https:\/\/yolcu360.com\/blog\/wp-content\/uploads\/2018\/05\/pamucak-plaji-642x365.webp 642w, https:\/\/yolcu360.com\/blog\/wp-content\/uploads\/2018\/05\/pamucak-plaji-270x152.webp 270w, https:\/\/yolcu360.com\/blog\/wp-content\/uploads\/2018\/05\/pamucak-plaji.webp 1056w\" sizes=\"(max-width: 1024px) 100vw, 1024px\" \/><\/figure>\n\n\n\n<p>Sel\u00e7uk\u2019un denize a\u00e7\u0131lan kap\u0131s\u0131 olan Pamucak, yakla\u015f\u0131k 11 kilometre uzunlu\u011fundaki geni\u015f ve kumlu sahiliyle Ege\u2019nin en do\u011fal plajlar\u0131ndan biridir. Denizin s\u0131\u011f olmas\u0131 ve sahilin tamamen ince kumdan olu\u015fmas\u0131, buray\u0131 hem y\u00fczmek hem de uzun kumsal y\u00fcr\u00fcy\u00fc\u015fleri yapmak i\u00e7in ideal k\u0131l\u0131yor. Ayn\u0131 zamanda kum zambaklar\u0131n\u0131n do\u011fal yeti\u015fme alan\u0131 olan plaj, g\u00fcn bat\u0131m\u0131n\u0131 izlemek i\u00e7in Sel\u00e7uk\u2019taki en romantik ve huzurlu noktalar\u0131n ba\u015f\u0131nda geliyor.<\/p>\n\n\n\n<ul class=\"wp-block-list\">\n<li><a href=\"https:\/\/maps.app.goo.gl\/Ae5xZVLPvEjofGNR6\" target=\"_blank\" rel=\"noreferrer noopener\">Pamucak Plaj\u0131&#8217;n\u0131 haritada g\u00f6ster<\/a><\/li>\n\n\n\n<li><strong>\u00d6ne \u00c7\u0131kanlar:<\/strong> Mavi Bayrakl\u0131 geni\u015f sahil, s\u0131\u011f deniz ve kum zambaklar\u0131.<\/li>\n\n\n\n<li><strong>Aktivite:<\/strong> Atl\u0131 safari turlar\u0131, kamp\u00e7\u0131l\u0131k ve su sporlar\u0131 imkanlar\u0131.<\/li>\n<\/ul>\n\n\n\n<h2 class=\"wp-block-heading\"><span class=\"ez-toc-section\" id=\"22_Keci_Kalesi\"><\/span>22. Ke\u00e7i Kalesi<span class=\"ez-toc-section-end\"><\/span><\/h2>\n\n\n\n<figure class=\"wp-block-image size-large\"><img loading=\"lazy\" decoding=\"async\" width=\"1024\" height=\"585\" src=\"https:\/\/yolcu360.com\/blog\/wp-content\/uploads\/2018\/05\/keci-kalesi-1024x585.webp\" alt=\"Ke\u00e7i Kalesi\" class=\"wp-image-75718\" srcset=\"https:\/\/yolcu360.com\/blog\/wp-content\/uploads\/2018\/05\/keci-kalesi-1024x585.webp 1024w, https:\/\/yolcu360.com\/blog\/wp-content\/uploads\/2018\/05\/keci-kalesi-500x285.webp 500w, https:\/\/yolcu360.com\/blog\/wp-content\/uploads\/2018\/05\/keci-kalesi-150x86.webp 150w, https:\/\/yolcu360.com\/blog\/wp-content\/uploads\/2018\/05\/keci-kalesi-768x438.webp 768w, https:\/\/yolcu360.com\/blog\/wp-content\/uploads\/2018\/05\/keci-kalesi-370x211.webp 370w, https:\/\/yolcu360.com\/blog\/wp-content\/uploads\/2018\/05\/keci-kalesi-865x494.webp 865w, https:\/\/yolcu360.com\/blog\/wp-content\/uploads\/2018\/05\/keci-kalesi-642x367.webp 642w, https:\/\/yolcu360.com\/blog\/wp-content\/uploads\/2018\/05\/keci-kalesi.webp 1051w\" sizes=\"(max-width: 1024px) 100vw, 1024px\" \/><\/figure>\n\n\n\n<p>Sel\u00e7uk ve Belevi aras\u0131nda, bir da\u011f\u0131n zirvesinde t\u00fcm heybetiyle duran Ke\u00e7i Kalesi, macera ve do\u011fa tutkunlar\u0131 i\u00e7in ke\u015ffedilmeyi bekleyen bir hazinedir. &#8220;K\u0131z\u0131lhisar&#8221; ad\u0131yla da bilinen bu kale, stratejik konumu sayesinde tarihte \u00f6nemli bir g\u00f6zetleme noktas\u0131 olmu\u015ftur. Kaleye ula\u015fmak i\u00e7in yap\u0131lan trekking rotas\u0131, zeytin a\u011fa\u00e7lar\u0131 ve makiler aras\u0131ndan ge\u00e7erken size e\u015fsiz bir manzara sunar. Zirveye ula\u015ft\u0131\u011f\u0131n\u0131zda ise Sel\u00e7uk Ovas\u0131 ve K\u00fc\u00e7\u00fck Menderes deltas\u0131 ayaklar\u0131n\u0131z\u0131n alt\u0131na serilir.<\/p>\n\n\n\n<ul class=\"wp-block-list\">\n<li><a href=\"https:\/\/maps.app.goo.gl\/4RGFjZQmrvU5hZ6Y6\" target=\"_blank\" rel=\"noreferrer noopener\">Ke\u00e7i Kalesi&#8217;ni haritada g\u00f6ster<\/a><\/li>\n\n\n\n<li><strong>\u00d6ne \u00c7\u0131kanlar:<\/strong> Panoramik Sel\u00e7uk manzaras\u0131 ve do\u011fa ile ba\u015f ba\u015fa y\u00fcr\u00fcy\u00fc\u015f parkuru.<\/li>\n\n\n\n<li><strong>Not:<\/strong> Kaleye \u00e7\u0131kan yol engebeli ve diktir; mutlaka profesyonel y\u00fcr\u00fcy\u00fc\u015f ayakkab\u0131s\u0131 ve yan\u0131n\u0131zda yeterli su bulundurmal\u0131s\u0131n\u0131z.<\/li>\n<\/ul>\n\n\n\n<h2 class=\"wp-block-heading\"><span class=\"ez-toc-section\" id=\"Izmir_Selcuk_Gezilecek_Yerlerle_Hizli_Bakis\"><\/span>\u0130zmir Sel\u00e7uk Gezilecek Yerlerle H\u0131zl\u0131 Bak\u0131\u015f<span class=\"ez-toc-section-end\"><\/span><\/h2>\n\n\n\n<figure class=\"wp-block-table\"><table class=\"has-fixed-layout\"><thead><tr><th class=\"has-text-align-center\" data-align=\"center\">Gezilecek Yer<\/th><th class=\"has-text-align-center\" data-align=\"center\">Google Puan\u0131<\/th><th class=\"has-text-align-center\" data-align=\"center\">\u00d6ne \u00c7\u0131kan<\/th><\/tr><\/thead><tbody><tr><td class=\"has-text-align-center\" data-align=\"center\"><strong>Efes Antik Kenti<\/strong><\/td><td class=\"has-text-align-center\" data-align=\"center\">4.8 \u2b50<\/td><td class=\"has-text-align-center\" data-align=\"center\">Tarihi<\/td><\/tr><tr><td class=\"has-text-align-center\" data-align=\"center\"><strong>Celsus K\u00fct\u00fcphanesi<\/strong><\/td><td class=\"has-text-align-center\" data-align=\"center\">4.8 \u2b50<\/td><td class=\"has-text-align-center\" data-align=\"center\">Tarihi<\/td><\/tr><tr><td class=\"has-text-align-center\" data-align=\"center\"><strong>Trajan \u00c7e\u015fmesi<\/strong><\/td><td class=\"has-text-align-center\" data-align=\"center\">4.8 \u2b50<\/td><td class=\"has-text-align-center\" data-align=\"center\">Tarihi<\/td><\/tr><tr><td class=\"has-text-align-center\" data-align=\"center\"><strong>Memmius An\u0131t\u0131<\/strong><\/td><td class=\"has-text-align-center\" data-align=\"center\">4.7 \u2b50<\/td><td class=\"has-text-align-center\" data-align=\"center\">Tarihi<\/td><\/tr><tr><td class=\"has-text-align-center\" data-align=\"center\"><strong>Meryem Ana Evi<\/strong><\/td><td class=\"has-text-align-center\" data-align=\"center\">4.5 \u2b50<\/td><td class=\"has-text-align-center\" data-align=\"center\">\u0130nan\u00e7<\/td><\/tr><tr><td class=\"has-text-align-center\" data-align=\"center\"><strong>Efes Arkeoloji M\u00fczesi<\/strong><\/td><td class=\"has-text-align-center\" data-align=\"center\">4.7 \u2b50<\/td><td class=\"has-text-align-center\" data-align=\"center\">M\u00fcze<\/td><\/tr><tr><td class=\"has-text-align-center\" data-align=\"center\"><strong>Artemis Heykeli<\/strong><\/td><td class=\"has-text-align-center\" data-align=\"center\">4.7 \u2b50<\/td><td class=\"has-text-align-center\" data-align=\"center\">M\u00fcze<\/td><\/tr><tr><td class=\"has-text-align-center\" data-align=\"center\"><strong>St. John Bazilikas\u0131<\/strong><\/td><td class=\"has-text-align-center\" data-align=\"center\">4.7 \u2b50<\/td><td class=\"has-text-align-center\" data-align=\"center\">\u0130nan\u00e7<\/td><\/tr><tr><td class=\"has-text-align-center\" data-align=\"center\"><strong>Ayasuluk Kalesi<\/strong><\/td><td class=\"has-text-align-center\" data-align=\"center\">4.6 \u2b50<\/td><td class=\"has-text-align-center\" data-align=\"center\">Tarihi<\/td><\/tr><tr><td class=\"has-text-align-center\" data-align=\"center\"><strong>\u0130sa Bey Camii<\/strong><\/td><td class=\"has-text-align-center\" data-align=\"center\">4.7 \u2b50<\/td><td class=\"has-text-align-center\" data-align=\"center\">Tarihi<\/td><\/tr><tr><td class=\"has-text-align-center\" data-align=\"center\"><strong>Artemis Tap\u0131na\u011f\u0131<\/strong><\/td><td class=\"has-text-align-center\" data-align=\"center\">4.2 \u2b50<\/td><td class=\"has-text-align-center\" data-align=\"center\">Tarihi<\/td><\/tr><tr><td class=\"has-text-align-center\" data-align=\"center\"><strong>Efes Su Kemerleri<\/strong><\/td><td class=\"has-text-align-center\" data-align=\"center\">4.6 \u2b50<\/td><td class=\"has-text-align-center\" data-align=\"center\">Tarihi<\/td><\/tr><tr><td class=\"has-text-align-center\" data-align=\"center\"><strong>Efes Deneyim M\u00fczesi<\/strong><\/td><td class=\"has-text-align-center\" data-align=\"center\">4.3 \u2b50<\/td><td class=\"has-text-align-center\" data-align=\"center\">M\u00fcze<\/td><\/tr><tr><td class=\"has-text-align-center\" data-align=\"center\"><strong>Sel\u00e7uk Merkez Park\u0131<\/strong><\/td><td class=\"has-text-align-center\" data-align=\"center\">4.2 \u2b50<\/td><td class=\"has-text-align-center\" data-align=\"center\">Do\u011fa<\/td><\/tr><tr><td class=\"has-text-align-center\" data-align=\"center\"><strong>Sel\u00e7uk Hamam\u0131<\/strong><\/td><td class=\"has-text-align-center\" data-align=\"center\">4 \u2b50<\/td><td class=\"has-text-align-center\" data-align=\"center\">Tarihi<\/td><\/tr><tr><td class=\"has-text-align-center\" data-align=\"center\"><strong>Sel\u00e7uk K\u00f6ftecisi<\/strong><\/td><td class=\"has-text-align-center\" data-align=\"center\">4.1 \u2b50<\/td><td class=\"has-text-align-center\" data-align=\"center\">Gastronomi<\/td><\/tr><tr><td class=\"has-text-align-center\" data-align=\"center\"><strong>Ejder Restaurant<\/strong><\/td><td class=\"has-text-align-center\" data-align=\"center\">4.6 \u2b50<\/td><td class=\"has-text-align-center\" data-align=\"center\">Gastronomi<\/td><\/tr><tr><td class=\"has-text-align-center\" data-align=\"center\"><strong>Eski Ev Restaurant<\/strong><\/td><td class=\"has-text-align-center\" data-align=\"center\">4.8 \u2b50<\/td><td class=\"has-text-align-center\" data-align=\"center\">Gastronomi<\/td><\/tr><tr><td class=\"has-text-align-center\" data-align=\"center\"><strong>Cittantica Ephesus Park<\/strong><\/td><td class=\"has-text-align-center\" data-align=\"center\">4.3 \u2b50<\/td><td class=\"has-text-align-center\" data-align=\"center\">E\u011flence<\/td><\/tr><tr><td class=\"has-text-align-center\" data-align=\"center\"><strong>\u00c7etin Maket K\u00f6y<\/strong><\/td><td class=\"has-text-align-center\" data-align=\"center\">4.6 \u2b50<\/td><td class=\"has-text-align-center\" data-align=\"center\">K\u00fclt\u00fcr<\/td><\/tr><tr><td class=\"has-text-align-center\" data-align=\"center\"><strong>Pamucak Plaj\u0131<\/strong><\/td><td class=\"has-text-align-center\" data-align=\"center\">4.1 \u2b50<\/td><td class=\"has-text-align-center\" data-align=\"center\">Deniz<\/td><\/tr><tr><td class=\"has-text-align-center\" data-align=\"center\"><strong>Ke\u00e7i Kalesi<\/strong><\/td><td class=\"has-text-align-center\" data-align=\"center\">4.6 \u2b50<\/td><td class=\"has-text-align-center\" data-align=\"center\">Do\u011fa<\/td><\/tr><\/tbody><\/table><\/figure>\n\n\n<style>.kb-row-layout-id1391_19dfbc-3b > .kt-row-column-wrap{align-content:start;}:where(.kb-row-layout-id1391_19dfbc-3b > .kt-row-column-wrap) > .wp-block-kadence-column{justify-content:start;}.kb-row-layout-id1391_19dfbc-3b > .kt-row-column-wrap{column-gap:var(--global-kb-gap-md, 2rem);row-gap:var(--global-kb-gap-md, 2rem);padding-top:var(--global-kb-spacing-sm, 1.5rem);padding-bottom:var(--global-kb-spacing-sm, 1.5rem);grid-template-columns:minmax(0, calc(50% - ((var(--global-kb-gap-md, 2rem) * 1 )\/2)))minmax(0, calc(50% - ((var(--global-kb-gap-md, 2rem) * 1 )\/2)));}.kb-row-layout-id1391_19dfbc-3b > .kt-row-layout-overlay{opacity:0.30;}@media all and (max-width: 1024px){.kb-row-layout-id1391_19dfbc-3b > .kt-row-column-wrap{grid-template-columns:repeat(2, minmax(0, 1fr));}}@media all and (max-width: 767px){.kb-row-layout-id1391_19dfbc-3b > .kt-row-column-wrap{grid-template-columns:minmax(0, 1fr);}}<\/style><div class=\"kb-row-layout-wrap kb-row-layout-id1391_19dfbc-3b alignnone wp-block-kadence-rowlayout\"><div class=\"kt-row-column-wrap kt-has-2-columns kt-row-layout-equal kt-tab-layout-inherit kt-mobile-layout-row kt-row-valign-top\">\n<style>.kadence-column1391_33917e-0f > .kt-inside-inner-col,.kadence-column1391_33917e-0f > .kt-inside-inner-col:before{border-top-left-radius:0px;border-top-right-radius:0px;border-bottom-right-radius:0px;border-bottom-left-radius:0px;}.kadence-column1391_33917e-0f > .kt-inside-inner-col{column-gap:var(--global-kb-gap-sm, 1rem);}.kadence-column1391_33917e-0f > .kt-inside-inner-col{flex-direction:column;}.kadence-column1391_33917e-0f > .kt-inside-inner-col > .aligncenter{width:100%;}.kadence-column1391_33917e-0f > .kt-inside-inner-col:before{opacity:0.3;}.kadence-column1391_33917e-0f{position:relative;}@media all and (max-width: 1024px){.kadence-column1391_33917e-0f > .kt-inside-inner-col{flex-direction:column;justify-content:center;}}@media all and (max-width: 767px){.kadence-column1391_33917e-0f > .kt-inside-inner-col{flex-direction:column;justify-content:center;}}<\/style>\n<div class=\"wp-block-kadence-column kadence-column1391_33917e-0f\"><div class=\"kt-inside-inner-col\"><style>.wp-block-kadence-column.kb-section-dir-horizontal > .kt-inside-inner-col > .kt-info-box1391_c14144-f8 .kt-blocks-info-box-link-wrap{max-width:unset;}.kt-info-box1391_c14144-f8 .kt-blocks-info-box-link-wrap{padding-top:var(--global-kb-spacing-xs, 1rem);padding-right:var(--global-kb-spacing-xs, 1rem);padding-bottom:var(--global-kb-spacing-xs, 1rem);padding-left:var(--global-kb-spacing-xs, 1rem);}.kt-info-box1391_c14144-f8 .kadence-info-box-icon-container .kt-info-svg-icon, .kt-info-box1391_c14144-f8 .kt-info-svg-icon-flip, .kt-info-box1391_c14144-f8 .kt-blocks-info-box-number{font-size:50px;}.kt-info-box1391_c14144-f8 .kt-blocks-info-box-media{border-top-width:0px;border-right-width:0px;border-bottom-width:0px;border-left-width:0px;padding-top:10px;padding-right:10px;padding-bottom:10px;padding-left:10px;}.kt-info-box1391_c14144-f8 .kt-blocks-info-box-media-container{margin-top:0px;margin-right:15px;margin-bottom:0px;margin-left:15px;}.kt-info-box1391_c14144-f8 .kt-blocks-info-box-learnmore{background:transparent;border-width:0px 0px 0px 0px;padding-top:4px;padding-right:8px;padding-bottom:4px;padding-left:8px;margin-top:10px;margin-right:0px;margin-bottom:10px;margin-left:0px;}<\/style>\n<div class=\"wp-block-kadence-infobox kt-info-box1391_c14144-f8\"><a class=\"kt-blocks-info-box-link-wrap info-box-link kt-blocks-info-box-media-align-top kt-info-halign-center\" target=\"_blank\" rel=\"noopener noreferrer\" href=\"https:\/\/yolcu360.com\/arac-kiralama\"><div class=\"kt-blocks-info-box-media-container\"><div class=\"kt-blocks-info-box-media kt-info-media-animate-none\"><div class=\"kadence-info-box-icon-container kt-info-icon-animate-none\"><div class=\"kadence-info-box-icon-inner-container\"><span class=\"kb-svg-icon-wrap kb-svg-icon-fas_car-side kt-info-svg-icon\"><svg viewBox=\"0 0 640 512\"  fill=\"currentColor\" xmlns=\"http:\/\/www.w3.org\/2000\/svg\"  aria-hidden=\"true\"><path d=\"M544 192h-16L419.22 56.02A64.025 64.025 0 0 0 369.24 32H155.33c-26.17 0-49.7 15.93-59.42 40.23L48 194.26C20.44 201.4 0 226.21 0 256v112c0 8.84 7.16 16 16 16h48c0 53.02 42.98 96 96 96s96-42.98 96-96h128c0 53.02 42.98 96 96 96s96-42.98 96-96h48c8.84 0 16-7.16 16-16v-80c0-53.02-42.98-96-96-96zM160 432c-26.47 0-48-21.53-48-48s21.53-48 48-48 48 21.53 48 48-21.53 48-48 48zm72-240H116.93l38.4-96H232v96zm48 0V96h89.24l76.8 96H280zm200 240c-26.47 0-48-21.53-48-48s21.53-48 48-48 48 21.53 48 48-21.53 48-48 48z\"\/><\/svg><\/span><\/div><\/div><\/div><\/div><div class=\"kt-infobox-textcontent\"><h2 class=\"kt-blocks-info-box-title\"><span class=\"ez-toc-section\" id=\"Ucuza_arac_kiralayin\"><\/span>Ucuza ara\u00e7 kiralay\u0131n<span class=\"ez-toc-section-end\"><\/span><\/h2><p class=\"kt-blocks-info-box-text\">Yolcu360 ile 180\u2019den fazla \u00fclkede y\u00fczlerce ara\u00e7 kiralama firmas\u0131n\u0131 kar\u015f\u0131la\u015ft\u0131rarak ko\u015fulsuz iade garantisiyle ucuz kiral\u0131k ara\u00e7 bulabilirsiniz.<\/p><\/div><\/a><\/div>\n<\/div><\/div>\n\n\n<style>.kadence-column1391_4e0a7e-56 > .kt-inside-inner-col,.kadence-column1391_4e0a7e-56 > .kt-inside-inner-col:before{border-top-left-radius:0px;border-top-right-radius:0px;border-bottom-right-radius:0px;border-bottom-left-radius:0px;}.kadence-column1391_4e0a7e-56 > .kt-inside-inner-col{column-gap:var(--global-kb-gap-sm, 1rem);}.kadence-column1391_4e0a7e-56 > .kt-inside-inner-col{flex-direction:column;}.kadence-column1391_4e0a7e-56 > .kt-inside-inner-col > .aligncenter{width:100%;}.kadence-column1391_4e0a7e-56 > .kt-inside-inner-col:before{opacity:0.3;}.kadence-column1391_4e0a7e-56{position:relative;}@media all and (max-width: 1024px){.kadence-column1391_4e0a7e-56 > .kt-inside-inner-col{flex-direction:column;justify-content:center;}}@media all and (max-width: 767px){.kadence-column1391_4e0a7e-56 > .kt-inside-inner-col{flex-direction:column;justify-content:center;}}<\/style>\n<div class=\"wp-block-kadence-column kadence-column1391_4e0a7e-56\"><div class=\"kt-inside-inner-col\"><style>.wp-block-kadence-column.kb-section-dir-horizontal > .kt-inside-inner-col > .kt-info-box1391_428f5f-22 .kt-blocks-info-box-link-wrap{max-width:unset;}.kt-info-box1391_428f5f-22 .kt-blocks-info-box-link-wrap{padding-top:var(--global-kb-spacing-xs, 1rem);padding-right:var(--global-kb-spacing-xs, 1rem);padding-bottom:var(--global-kb-spacing-xs, 1rem);padding-left:var(--global-kb-spacing-xs, 1rem);}.kt-info-box1391_428f5f-22 .kadence-info-box-icon-container .kt-info-svg-icon, .kt-info-box1391_428f5f-22 .kt-info-svg-icon-flip, .kt-info-box1391_428f5f-22 .kt-blocks-info-box-number{font-size:50px;}.kt-info-box1391_428f5f-22 .kt-blocks-info-box-media{border-top-width:0px;border-right-width:0px;border-bottom-width:0px;border-left-width:0px;padding-top:10px;padding-right:10px;padding-bottom:10px;padding-left:10px;}.kt-info-box1391_428f5f-22 .kt-blocks-info-box-media-container{margin-top:0px;margin-right:15px;margin-bottom:0px;margin-left:15px;}.kt-info-box1391_428f5f-22 .kt-blocks-info-box-learnmore{background:transparent;border-width:0px 0px 0px 0px;padding-top:4px;padding-right:8px;padding-bottom:4px;padding-left:8px;margin-top:10px;margin-right:0px;margin-bottom:10px;margin-left:0px;}<\/style>\n<div class=\"wp-block-kadence-infobox kt-info-box1391_428f5f-22\"><a class=\"kt-blocks-info-box-link-wrap info-box-link kt-blocks-info-box-media-align-top kt-info-halign-center\" target=\"_blank\" rel=\"noopener noreferrer\" href=\"https:\/\/yolcu360.com\/ucak-bileti\"><div class=\"kt-blocks-info-box-media-container\"><div class=\"kt-blocks-info-box-media kt-info-media-animate-none\"><div class=\"kadence-info-box-icon-container kt-info-icon-animate-none\"><div class=\"kadence-info-box-icon-inner-container\"><span class=\"kb-svg-icon-wrap kb-svg-icon-fas_plane kt-info-svg-icon\"><svg viewBox=\"0 0 576 512\"  fill=\"currentColor\" xmlns=\"http:\/\/www.w3.org\/2000\/svg\"  aria-hidden=\"true\"><path d=\"M480 192H365.71L260.61 8.06A16.014 16.014 0 0 0 246.71 0h-65.5c-10.63 0-18.3 10.17-15.38 20.39L214.86 192H112l-43.2-57.6c-3.02-4.03-7.77-6.4-12.8-6.4H16.01C5.6 128-2.04 137.78.49 147.88L32 256 .49 364.12C-2.04 374.22 5.6 384 16.01 384H56c5.04 0 9.78-2.37 12.8-6.4L112 320h102.86l-49.03 171.6c-2.92 10.22 4.75 20.4 15.38 20.4h65.5c5.74 0 11.04-3.08 13.89-8.06L365.71 320H480c35.35 0 96-28.65 96-64s-60.65-64-96-64z\"\/><\/svg><\/span><\/div><\/div><\/div><\/div><div class=\"kt-infobox-textcontent\"><h2 class=\"kt-blocks-info-box-title\"><span class=\"ez-toc-section\" id=\"Ekonomik_bilet_bulun\"><\/span>Ekonomik bilet bulun<span class=\"ez-toc-section-end\"><\/span><\/h2><p class=\"kt-blocks-info-box-text\">Yolcu360 ile 400&#8217;den fazla hava yolu \u015firketinin fiyatlar\u0131n\u0131 kar\u015f\u0131la\u015ft\u0131rarak uygun fiyatl\u0131 u\u00e7ak biletleri haftan\u0131n her g\u00fcn\u00fc 7\/24 m\u00fc\u015fteri deste\u011fiyle rezerve edebilirsiniz. <\/p><\/div><\/a><\/div>\n<\/div><\/div>\n\n<\/div><\/div>\n\n\n<p><a href=\"https:\/\/yolcu360.com\/blog\/izmir-gezilecek-yerler\/\" target=\"_blank\" rel=\"noreferrer noopener\">\u0130zmir&#8217;de gezilecek yerleri merak ediyorsan\u0131z bu yaz\u0131m\u0131za g\u00f6z at\u0131n.<\/a><\/p>\n\n\n\n<blockquote class=\"wp-block-quote is-layout-flow wp-block-quote-is-layout-flow\">\n<h2 class=\"wp-block-heading\"><span class=\"ez-toc-section\" id=\"Ekonomik_bir_Selcuk_gezisi_icin_Yolcu360_mobil_uygulamasini_indirin\"><\/span>Ekonomik bir Sel\u00e7uk gezisi i\u00e7in Yolcu360 mobil uygulamas\u0131n\u0131 indirin:<span class=\"ez-toc-section-end\"><\/span><\/h2>\n<\/blockquote>\n\n\n\n<div class=\"wp-block-group is-vertical is-layout-flex wp-container-core-group-is-layout-8cf370e7 wp-block-group-is-layout-flex\">\n<figure class=\"wp-block-image size-full is-resized\"><a href=\"https:\/\/apps.apple.com\/tr\/app\/yolcu360-car-rental\/id1331933613\" target=\"_blank\" rel=\" noreferrer noopener\"><img loading=\"lazy\" decoding=\"async\" width=\"606\" height=\"160\" src=\"https:\/\/yolcu360.com\/blog\/wp-content\/uploads\/2025\/10\/yolcu360-mobil-ios.png\" alt=\"ios yolcu360 mobil uygulama indirme butonu\" class=\"lazyload_inited wp-image-69904\" style=\"width:543px;height:auto\" srcset=\"https:\/\/yolcu360.com\/blog\/wp-content\/uploads\/2025\/10\/yolcu360-mobil-ios.png 606w, https:\/\/yolcu360.com\/blog\/wp-content\/uploads\/2025\/10\/yolcu360-mobil-ios-500x132.png 500w, https:\/\/yolcu360.com\/blog\/wp-content\/uploads\/2025\/10\/yolcu360-mobil-ios-150x40.png 150w, https:\/\/yolcu360.com\/blog\/wp-content\/uploads\/2025\/10\/yolcu360-mobil-ios-370x98.png 370w\" sizes=\"(max-width: 606px) 100vw, 606px\" \/><\/a><\/figure>\n\n\n\n<figure class=\"wp-block-image size-full\"><a href=\"https:\/\/play.google.com\/store\/apps\/details?id=com.yolcu360\" target=\"_blank\" rel=\" noreferrer noopener\"><img loading=\"lazy\" decoding=\"async\" width=\"541\" height=\"160\" src=\"https:\/\/yolcu360.com\/blog\/wp-content\/uploads\/2025\/10\/yolcu360-mobil-android.png\" alt=\"android yolcu360 mobil uygulama indirme butonu\" class=\"lazyload_inited wp-image-69906\" srcset=\"https:\/\/yolcu360.com\/blog\/wp-content\/uploads\/2025\/10\/yolcu360-mobil-android.png 541w, https:\/\/yolcu360.com\/blog\/wp-content\/uploads\/2025\/10\/yolcu360-mobil-android-500x148.png 500w, https:\/\/yolcu360.com\/blog\/wp-content\/uploads\/2025\/10\/yolcu360-mobil-android-150x44.png 150w, https:\/\/yolcu360.com\/blog\/wp-content\/uploads\/2025\/10\/yolcu360-mobil-android-370x109.png 370w\" sizes=\"(max-width: 600px) 100vw, 541px\" \/><\/a><\/figure>\n\n\n\n<figure class=\"wp-block-image size-full is-resized\"><a href=\"https:\/\/appgallery.huawei.com\/#\/app\/C102881793\" target=\"_blank\" rel=\" noreferrer noopener\"><img loading=\"lazy\" decoding=\"async\" width=\"534\" height=\"160\" src=\"https:\/\/yolcu360.com\/blog\/wp-content\/uploads\/2025\/10\/yolcu360-mobil-huawei.png\" alt=\"huawei yolcu360 mobil uygulama indirme butonu\" class=\"lazyload_inited wp-image-69908\" style=\"width:542px;height:auto\" srcset=\"https:\/\/yolcu360.com\/blog\/wp-content\/uploads\/2025\/10\/yolcu360-mobil-huawei.png 534w, https:\/\/yolcu360.com\/blog\/wp-content\/uploads\/2025\/10\/yolcu360-mobil-huawei-500x150.png 500w, https:\/\/yolcu360.com\/blog\/wp-content\/uploads\/2025\/10\/yolcu360-mobil-huawei-150x45.png 150w, https:\/\/yolcu360.com\/blog\/wp-content\/uploads\/2025\/10\/yolcu360-mobil-huawei-370x111.png 370w\" sizes=\"(max-width: 600px) 100vw, 534px\" \/><\/a><\/figure>\n\n\n\n<p>&nbsp;<\/p>\n<\/div>\n","protected":false},"excerpt":{"rendered":"<p>Ege\u2019nin tarih kokan sokaklar\u0131nda, ge\u00e7mi\u015fin izlerini bug\u00fcn\u00fcn enerjisiyle birle\u015ftiren e\u015fsiz bir yolculu\u011fa \u00e7\u0131k\u0131yoruz. Sel\u00e7uk gezilecek yerler listemizi ke\u015ffederken, kendinizi bir zaman makinesinde gibi hissetmeye haz\u0131r olun. Binlerce y\u0131ll\u0131k antik kentlerden huzur dolu sahillere kadar uzanan bu rota, size her ad\u0131mda farkl\u0131 bir hikaye f\u0131s\u0131ld\u0131yor. Yolcu360 ile arac\u0131n\u0131z\u0131 haz\u0131rlay\u0131n; \u00e7\u00fcnk\u00fc bu kadim topraklarda g\u00f6r\u00fclmesi gereken \u00e7ok&hellip;<\/p>\n","protected":false},"author":27,"featured_media":64992,"comment_status":"open","ping_status":"closed","sticky":false,"template":"","format":"standard","meta":{"_lmt_disableupdate":"","_lmt_disable":"","footnotes":""},"categories":[18,330],"tags":[7877,3575],"class_list":["post-1391","post","type-post","status-publish","format-standard","has-post-thumbnail","hentry","category-gezi-rehberleri","category-turkiye-gezi-rehberi","tag-gezilecek-yerler","tag-izmir"],"modified_by":"Yolcu360 Blog","_links":{"self":[{"href":"https:\/\/yolcu360.com\/blog\/wp-json\/wp\/v2\/posts\/1391","targetHints":{"allow":["GET"]}}],"collection":[{"href":"https:\/\/yolcu360.com\/blog\/wp-json\/wp\/v2\/posts"}],"about":[{"href":"https:\/\/yolcu360.com\/blog\/wp-json\/wp\/v2\/types\/post"}],"author":[{"embeddable":true,"href":"https:\/\/yolcu360.com\/blog\/wp-json\/wp\/v2\/users\/27"}],"replies":[{"embeddable":true,"href":"https:\/\/yolcu360.com\/blog\/wp-json\/wp\/v2\/comments?post=1391"}],"version-history":[{"count":2,"href":"https:\/\/yolcu360.com\/blog\/wp-json\/wp\/v2\/posts\/1391\/revisions"}],"predecessor-version":[{"id":75719,"href":"https:\/\/yolcu360.com\/blog\/wp-json\/wp\/v2\/posts\/1391\/revisions\/75719"}],"wp:featuredmedia":[{"embeddable":true,"href":"https:\/\/yolcu360.com\/blog\/wp-json\/wp\/v2\/media\/64992"}],"wp:attachment":[{"href":"https:\/\/yolcu360.com\/blog\/wp-json\/wp\/v2\/media?parent=1391"}],"wp:term":[{"taxonomy":"category","embeddable":true,"href":"https:\/\/yolcu360.com\/blog\/wp-json\/wp\/v2\/categories?post=1391"},{"taxonomy":"post_tag","embeddable":true,"href":"https:\/\/yolcu360.com\/blog\/wp-json\/wp\/v2\/tags?post=1391"}],"curies":[{"name":"wp","href":"https:\/\/api.w.org\/{rel}","templated":true}]}}