{"id":10424,"date":"2026-03-18T17:36:23","date_gmt":"2026-03-18T14:36:23","guid":{"rendered":"https:\/\/yolcu360.com\/blog\/?p=10424"},"modified":"2026-03-18T17:45:08","modified_gmt":"2026-03-18T14:45:08","slug":"gulhane-parki","status":"publish","type":"post","link":"https:\/\/yolcu360.com\/blog\/gulhane-parki\/","title":{"rendered":"G\u00fclhane Park\u0131 Gezi Rehberi"},"content":{"rendered":"\n<p>G\u00fclhane Park\u0131, \u0130stanbul\u2019un kalbinde, as\u0131rl\u0131k \u00e7\u0131nar a\u011fa\u00e7lar\u0131n\u0131n g\u00f6lgesinde tarihin ve do\u011fan\u0131n sessizce f\u0131s\u0131lda\u015ft\u0131\u011f\u0131 e\u015fsiz bir vahad\u0131r. Osmanl\u0131 \u0130mparatorlu\u011fu d\u00f6neminde Topkap\u0131 Saray\u0131\u2019n\u0131n d\u0131\u015f bah\u00e7esi (Hasbah\u00e7e) olarak kullan\u0131lan bu kadim alan, bug\u00fcn \u015fehrin g\u00fcr\u00fclt\u00fcs\u00fcnden ka\u00e7\u0131p nefes almak isteyen misafirlerine b\u00fcy\u00fcleyici bir deneyim sunuyor.<\/p>\n\n\n\n<p>Tanzimat Ferman\u0131\u2019n\u0131n okundu\u011fu topraklardan Sarayburnu\u2019nun iyot kokulu r\u00fczgarlar\u0131na kadar her k\u00f6\u015fesi ayr\u0131 bir hikaye bar\u0131nd\u0131ran bu parkta, hem imparatorluk miras\u0131n\u0131n izlerini s\u00fcrebilir hem de mevsimsel \u00e7i\u00e7eklerin yaratt\u0131\u011f\u0131 g\u00f6rsel \u015f\u00f6lenin tad\u0131n\u0131 \u00e7\u0131karabilirsiniz. Haz\u0131rlad\u0131\u011f\u0131m\u0131z bu rehberle, G\u00fclhane Park\u0131 gezi plan\u0131n\u0131z\u0131 en verimli \u015fekilde yapman\u0131z\u0131 sa\u011flarken, park\u0131n gizli kalm\u0131\u015f an\u0131tlar\u0131n\u0131 ve k\u00fclt\u00fcrel duraklar\u0131n\u0131 da g\u00fcn y\u00fcz\u00fcne \u00e7\u0131kar\u0131yoruz.<\/p>\n\n\n\n<div id=\"ez-toc-container\" class=\"ez-toc-v2_0_82_2 ez-toc-wrap-left counter-hierarchy ez-toc-counter ez-toc-grey ez-toc-container-direction\">\n<div class=\"ez-toc-title-container\">\n<p class=\"ez-toc-title\" style=\"cursor:inherit\">\u0130\u00e7indekiler<\/p>\n<span class=\"ez-toc-title-toggle\"><a href=\"#\" class=\"ez-toc-pull-right ez-toc-btn ez-toc-btn-xs ez-toc-btn-default ez-toc-toggle\" aria-label=\"\u0130\u00e7indekiler Tablosunu A\u00e7\/Kapat\"><span class=\"ez-toc-js-icon-con\"><span class=\"\"><span class=\"eztoc-hide\" style=\"display:none;\">Toggle<\/span><span class=\"ez-toc-icon-toggle-span\"><svg style=\"fill: #999;color:#999\" xmlns=\"http:\/\/www.w3.org\/2000\/svg\" class=\"list-377408\" width=\"20px\" height=\"20px\" viewBox=\"0 0 24 24\" fill=\"none\"><path d=\"M6 6H4v2h2V6zm14 0H8v2h12V6zM4 11h2v2H4v-2zm16 0H8v2h12v-2zM4 16h2v2H4v-2zm16 0H8v2h12v-2z\" fill=\"currentColor\"><\/path><\/svg><svg style=\"fill: #999;color:#999\" class=\"arrow-unsorted-368013\" xmlns=\"http:\/\/www.w3.org\/2000\/svg\" width=\"10px\" height=\"10px\" viewBox=\"0 0 24 24\" version=\"1.2\" baseProfile=\"tiny\"><path d=\"M18.2 9.3l-6.2-6.3-6.2 6.3c-.2.2-.3.4-.3.7s.1.5.3.7c.2.2.4.3.7.3h11c.3 0 .5-.1.7-.3.2-.2.3-.5.3-.7s-.1-.5-.3-.7zM5.8 14.7l6.2 6.3 6.2-6.3c.2-.2.3-.5.3-.7s-.1-.5-.3-.7c-.2-.2-.4-.3-.7-.3h-11c-.3 0-.5.1-.7.3-.2.2-.3.5-.3.7s.1.5.3.7z\"\/><\/svg><\/span><\/span><\/span><\/a><\/span><\/div>\n<nav><ul class='ez-toc-list ez-toc-list-level-1 ' ><li class='ez-toc-page-1 ez-toc-heading-level-2'><a class=\"ez-toc-link ez-toc-heading-1\" href=\"https:\/\/yolcu360.com\/blog\/gulhane-parki\/#Gulhane_Parkina_Gitmeden_Once_Bilmeniz_Gerekenler\" >G\u00fclhane Park\u0131&#8217;na Gitmeden \u00d6nce Bilmeniz Gerekenler<\/a><\/li><li class='ez-toc-page-1 ez-toc-heading-level-2'><a class=\"ez-toc-link ez-toc-heading-2\" href=\"https:\/\/yolcu360.com\/blog\/gulhane-parki\/#Gulhane_Parki_Nerede_ve_Nasil_Gidilir\" >G\u00fclhane Park\u0131 Nerede ve Nas\u0131l Gidilir?<\/a><\/li><li class='ez-toc-page-1 ez-toc-heading-level-2'><a class=\"ez-toc-link ez-toc-heading-3\" href=\"https:\/\/yolcu360.com\/blog\/gulhane-parki\/#Gulhane_Parkinin_Hikayesi\" >G\u00fclhane Park\u0131\u2019n\u0131n Hikayesi<\/a><\/li><li class='ez-toc-page-1 ez-toc-heading-level-2'><a class=\"ez-toc-link ez-toc-heading-4\" href=\"https:\/\/yolcu360.com\/blog\/gulhane-parki\/#Gulhane_Parki_Ziyaret_Bilgileri\" >G\u00fclhane Park\u0131 Ziyaret Bilgileri<\/a><\/li><li class='ez-toc-page-1 ez-toc-heading-level-2'><a class=\"ez-toc-link ez-toc-heading-5\" href=\"https:\/\/yolcu360.com\/blog\/gulhane-parki\/#Gulhane_Parkinda_Gezilecek_Yerler\" >G\u00fclhane Park\u0131\u2019nda Gezilecek Yerler<\/a><\/li><li class='ez-toc-page-1 ez-toc-heading-level-2'><a class=\"ez-toc-link ez-toc-heading-6\" href=\"https:\/\/yolcu360.com\/blog\/gulhane-parki\/#Gulhane_Parkinda_Yapilacak_Aktiviteler\" >G\u00fclhane Park\u0131\u2019nda Yap\u0131lacak Aktiviteler<\/a><\/li><li class='ez-toc-page-1 ez-toc-heading-level-2'><a class=\"ez-toc-link ez-toc-heading-7\" href=\"https:\/\/yolcu360.com\/blog\/gulhane-parki\/#Ekonomik_bir_Istanbul_gezisi_icin_Yolcu360_mobil_uygulamasini_indirin\" >Ekonomik bir \u0130stanbul gezisi i\u00e7in Yolcu360 mobil uygulamas\u0131n\u0131 indirin:<\/a><\/li><\/ul><\/nav><\/div>\n<h2 class=\"wp-block-heading\"><span class=\"ez-toc-section\" id=\"Gulhane_Parkina_Gitmeden_Once_Bilmeniz_Gerekenler\"><\/span>G\u00fclhane Park\u0131&#8217;na Gitmeden \u00d6nce Bilmeniz Gerekenler<span class=\"ez-toc-section-end\"><\/span><\/h2>\n\n\n\n<figure class=\"wp-block-image size-full\"><img fetchpriority=\"high\" decoding=\"async\" width=\"937\" height=\"596\" src=\"https:\/\/yolcu360.com\/blog\/wp-content\/uploads\/2023\/03\/gulhane-parki-istanbul-foto.webp\" alt=\"g\u00fclhane park\u0131\" class=\"wp-image-75075\" srcset=\"https:\/\/yolcu360.com\/blog\/wp-content\/uploads\/2023\/03\/gulhane-parki-istanbul-foto.webp 937w, https:\/\/yolcu360.com\/blog\/wp-content\/uploads\/2023\/03\/gulhane-parki-istanbul-foto-500x318.webp 500w, https:\/\/yolcu360.com\/blog\/wp-content\/uploads\/2023\/03\/gulhane-parki-istanbul-foto-150x95.webp 150w, https:\/\/yolcu360.com\/blog\/wp-content\/uploads\/2023\/03\/gulhane-parki-istanbul-foto-768x489.webp 768w, https:\/\/yolcu360.com\/blog\/wp-content\/uploads\/2023\/03\/gulhane-parki-istanbul-foto-370x235.webp 370w, https:\/\/yolcu360.com\/blog\/wp-content\/uploads\/2023\/03\/gulhane-parki-istanbul-foto-850x541.webp 850w, https:\/\/yolcu360.com\/blog\/wp-content\/uploads\/2023\/03\/gulhane-parki-istanbul-foto-865x550.webp 865w, https:\/\/yolcu360.com\/blog\/wp-content\/uploads\/2023\/03\/gulhane-parki-istanbul-foto-642x408.webp 642w\" sizes=\"(max-width: 937px) 100vw, 937px\" \/><\/figure>\n\n\n\n<figure class=\"wp-block-table\"><table class=\"has-fixed-layout\"><thead><tr><td class=\"has-text-align-center\" data-align=\"center\"><strong>Bilgi<\/strong><\/td><td class=\"has-text-align-center\" data-align=\"center\"><strong>Detaylar<\/strong><\/td><\/tr><\/thead><tbody><tr><td class=\"has-text-align-center\" data-align=\"center\"><strong>Konum<\/strong><\/td><td class=\"has-text-align-center\" data-align=\"center\">Fatih, Cankurtaran (Sultanahmet ve Sirkeci aras\u0131)<\/td><\/tr><tr><td class=\"has-text-align-center\" data-align=\"center\"><strong>Giri\u015f \u00dccreti<\/strong><\/td><td class=\"has-text-align-center\" data-align=\"center\">\u00dccretsiz (M\u00fczeler ayr\u0131ca \u00fccretlendirilir)<\/td><\/tr><tr><td class=\"has-text-align-center\" data-align=\"center\"><strong>Ziyaret Saatleri<\/strong><\/td><td class=\"has-text-align-center\" data-align=\"center\">06:00 \u2013 22:00 (Her g\u00fcn a\u00e7\u0131k)<\/td><\/tr><tr><td class=\"has-text-align-center\" data-align=\"center\"><strong>En Yak\u0131n Durak<\/strong><\/td><td class=\"has-text-align-center\" data-align=\"center\">T1 Tramvay Hatt\u0131 &#8211; G\u00fclhane \u0130stasyonu<\/td><\/tr><\/tbody><\/table><\/figure>\n\n\n\n<h2 class=\"wp-block-heading\"><span class=\"ez-toc-section\" id=\"Gulhane_Parki_Nerede_ve_Nasil_Gidilir\"><\/span>G\u00fclhane Park\u0131 Nerede ve Nas\u0131l Gidilir?<span class=\"ez-toc-section-end\"><\/span><\/h2>\n\n\n<style>.kb-google-maps-container10424_fd39be-a4{height:150px;}<\/style><div class=\"kb-google-maps-container kb-google-maps-container10424_fd39be-a4  wp-block-kadence-googlemaps\" data-mapid=\"10424_fd39bea4\"><iframe width=\"100%\" height=\"100%\"\n\t\t\t\t\t\t\tstyle=\"border:0\" loading=\"lazy\"\n\t\t\t\t\t\t\tsrc=\"https:\/\/www.google.com\/maps\/embed\/v1\/place?key=AIzaSyBAM2o7PiQqwk15LC1XRH2e_KJ-jUa7KYk&#038;zoom=15&#038;maptype=roadmap&#038;q=g%C3%BClhane+park%C4%B1\"\n\t\t\t\t\t\t\ttitle=\"Google map of g\u00fclhane park\u0131\"><\/iframe><\/div><script>function kb_google_map10424_fd39bea4() { let center = { lat: 37.8201, lng: -122.4781}; let map = new google.maps.Map(document.getElementById(\"kb-google-map10424_fd39bea4\"), {\n\t\t\t\t\t    zoom: 15,\n\t\t\t\t\t    center: center,});let marker = new google.maps.Marker({   position: { lat: 37.8201, lng: -122.4781},    map: map,  });}<\/script>\n\n\n<figure class=\"wp-block-table\"><table><thead><tr><th class=\"has-text-align-left\" data-align=\"left\">Ula\u015f\u0131m<\/th><th class=\"has-text-align-left\" data-align=\"left\">\u00d6nerimiz<\/th><\/tr><\/thead><tbody><tr><td class=\"has-text-align-left\" data-align=\"left\"><strong>Ara\u00e7 Kiralama<\/strong><\/td><td class=\"has-text-align-left\" data-align=\"left\"><a href=\"https:\/\/yolcu360.com\/arac-kiralama\/turkiye\/istanbul\" target=\"_blank\" rel=\"noreferrer noopener\">\u0130stanbul&#8217;da ara\u00e7 kiralama se\u00e7enekleri g\u00fcnl\u00fck 1000 TL&#8217;den* ba\u015fl\u0131yor.<\/a><\/td><\/tr><tr><td class=\"has-text-align-left\" data-align=\"left\"><strong>\u015eof\u00f6rl\u00fc Kiralama<\/strong><\/td><td class=\"has-text-align-left\" data-align=\"left\"><a href=\"https:\/\/yolcu360.com\/soforlu-arac-kiralama\" target=\"_blank\" rel=\"noreferrer noopener\">\u00d6zel \u015fof\u00f6rl\u00fc ara\u00e7 tutarak diledi\u011finiz noktadan kalabal\u0131k grupla G\u00fclhane Park\u0131&#8217;na ula\u015fabilirsiniz.<\/a><\/td><\/tr><\/tbody><\/table><\/figure>\n\n\n\n<p class=\"has-bd-color-background-color has-background has-small-font-size\">*<em>Fiyatlar genel bilgilendirme ama\u00e7l\u0131d\u0131r, net \u00fccretleri rezervasyon a\u015famas\u0131nda g\u00f6r\u00fcnt\u00fcleyebilirsiniz.<\/em><\/p>\n\n\n\n<p>G\u00fclhane Park\u0131, \u0130stanbul\u2019un Avrupa Yakas\u0131\u2019nda, tarihi yar\u0131madan\u0131n en u\u00e7 noktas\u0131nda yer alan Fatih il\u00e7esine ba\u011fl\u0131 Cankurtaran b\u00f6lgesindedir.<\/p>\n\n\n\n<h3 class=\"wp-block-heading\">G\u00fclhane Park\u0131 Yol Tarifi<\/h3>\n\n\n\n<p>Tarihin kalbine a\u00e7\u0131lan bu kap\u0131ya ula\u015fmak, \u0130stanbul\u2019un ula\u015f\u0131m a\u011f\u0131n\u0131n merkezinde olmas\u0131 sebebiyle olduk\u00e7a pratik.<\/p>\n\n\n\n<ul class=\"wp-block-list\">\n<li><strong>Emin\u00f6n\u00fc \u2013 G\u00fclhane:<\/strong> Yakla\u015f\u0131k 1 km (Y\u00fcr\u00fcyerek 10-12 dakika)<\/li>\n\n\n\n<li><strong>Sultanahmet \u2013 G\u00fclhane:<\/strong> Yakla\u015f\u0131k 500 m (Y\u00fcr\u00fcyerek 5-7 dakika)<\/li>\n\n\n\n<li><strong>Kad\u0131k\u00f6y \u2013 G\u00fclhane:<\/strong> Vapurla Emin\u00f6n\u00fc (20 dk) + 10 dakika y\u00fcr\u00fcy\u00fc\u015f veya Tramvay<\/li>\n\n\n\n<li><strong>\u00dcsk\u00fcdar \u2013 G\u00fclhane:<\/strong> Marmaray ile Sirkeci (4 dk) + 5 dakika y\u00fcr\u00fcy\u00fc\u015f<\/li>\n<\/ul>\n\n\n\n<p class=\"has-background\" style=\"background-color:#fffff6\"><strong>Rayl\u0131 Sistem ve Tramvay Hatt\u0131:<\/strong> \u0130stanbul\u2019un en i\u015flek hatlar\u0131ndan biri olan T1 Ba\u011fc\u0131lar-Kabata\u015f Tramvay\u0131, park\u0131n tam \u00f6n\u00fcnden ge\u00e7er. G\u00fclhane dura\u011f\u0131nda indi\u011finizde, park\u0131n ana giri\u015f kap\u0131s\u0131 tam kar\u015f\u0131n\u0131zda olacakt\u0131r. Ayr\u0131ca Marmaray kullanan misafirler Sirkeci \u0130stasyonu\u2019nda (Ca\u011falo\u011flu \u00e7\u0131k\u0131\u015f\u0131) inerek \u00e7ok k\u0131sa bir y\u00fcr\u00fcy\u00fc\u015fle parka ula\u015fabilirler.<\/p>\n\n\n\n<p class=\"has-background\" style=\"background-color:#f6fcff\"><strong>Deniz Yolu ve Anadolu Yakas\u0131\u2019ndan Ula\u015f\u0131m:<\/strong> Anadolu Yakas\u0131\u2019ndan gelenler i\u00e7in en keyifli y\u00f6ntem vapur kullan\u0131m\u0131d\u0131r. Kad\u0131k\u00f6y veya \u00dcsk\u00fcdar\u2019dan Emin\u00f6n\u00fc iskelesine ge\u00e7ip sahil boyunca y\u00fcr\u00fcyerek veya tramvaya binerek Emin\u00f6n\u00fc G\u00fclhane Park\u0131 hatt\u0131n\u0131 tamamlayabilirsiniz.<\/p>\n\n\n\n<p class=\"has-background\" style=\"background-color:#fffbfb\"><strong>Kara Yolu ve Otopark Durumu:<\/strong> Kendi arac\u0131n\u0131zla geliyorsan\u0131z, Sirkeci sahil yolunu (Kennedy Caddesi) kullanabilirsiniz. Ancak tarihi yar\u0131madan\u0131n trafi\u011fi ve dar sokaklar\u0131 nedeniyle arac\u0131n\u0131z\u0131 Sirkeci veya Emin\u00f6n\u00fc\u2019ndeki \u0130SPARK alanlar\u0131na b\u0131rak\u0131p park\u0131n i\u00e7ine y\u00fcr\u00fcyerek girmek \u00e7ok daha konforludur. Park i\u00e7ine ara\u00e7 giri\u015fi kesinlikle yasakt\u0131r.<\/p>\n\n\n\n<blockquote class=\"wp-block-quote is-layout-flow wp-block-quote-is-layout-flow\">\n<p><strong>Yolcu360 Notu:<\/strong> G\u00fclhane Park\u0131\u2019ndan ba\u015flay\u0131p Sultanahmet, Ayasofya ve Emin\u00f6n\u00fc \u00fc\u00e7genini ke\u015ffetmek i\u00e7in en ideal y\u00f6ntem y\u00fcr\u00fcmektir. Ancak bu tarihi turu Bo\u011faz hatt\u0131 boyunca Sar\u0131yer\u2019e veya Be\u015fikta\u015f\u2019a ta\u015f\u0131mak isterseniz, <a href=\"https:\/\/yolcu360.com\/arac-kiralama\" target=\"_blank\" rel=\"noreferrer noopener\">ara\u00e7 kiralama se\u00e7eneklerini de\u011ferlendirerek \u015fehrin t\u00fcm manzara noktalar\u0131n\u0131 \u00f6zg\u00fcrce gezebilirsiniz.<\/a><\/p>\n<\/blockquote>\n\n\n\n<h2 class=\"wp-block-heading\"><span class=\"ez-toc-section\" id=\"Gulhane_Parkinin_Hikayesi\"><\/span>G\u00fclhane Park\u0131\u2019n\u0131n Hikayesi<span class=\"ez-toc-section-end\"><\/span><\/h2>\n\n\n\n<figure class=\"wp-block-image size-full\"><img decoding=\"async\" width=\"947\" height=\"599\" src=\"https:\/\/yolcu360.com\/blog\/wp-content\/uploads\/2023\/03\/gulhane-parki-eski-foto.webp\" alt=\"g\u00fclhane park\u0131 eski foto\" class=\"wp-image-75076\" srcset=\"https:\/\/yolcu360.com\/blog\/wp-content\/uploads\/2023\/03\/gulhane-parki-eski-foto.webp 947w, https:\/\/yolcu360.com\/blog\/wp-content\/uploads\/2023\/03\/gulhane-parki-eski-foto-500x316.webp 500w, https:\/\/yolcu360.com\/blog\/wp-content\/uploads\/2023\/03\/gulhane-parki-eski-foto-150x95.webp 150w, https:\/\/yolcu360.com\/blog\/wp-content\/uploads\/2023\/03\/gulhane-parki-eski-foto-768x486.webp 768w, https:\/\/yolcu360.com\/blog\/wp-content\/uploads\/2023\/03\/gulhane-parki-eski-foto-370x234.webp 370w, https:\/\/yolcu360.com\/blog\/wp-content\/uploads\/2023\/03\/gulhane-parki-eski-foto-865x547.webp 865w, https:\/\/yolcu360.com\/blog\/wp-content\/uploads\/2023\/03\/gulhane-parki-eski-foto-642x406.webp 642w\" sizes=\"(max-width: 947px) 100vw, 947px\" \/><\/figure>\n\n\n\n<p>G\u00fclhane Park\u0131 asl\u0131nda sadece bir park de\u011fil; \u0130stanbul\u2019un imparatorluktan cumhuriyete ge\u00e7i\u015fine tan\u0131kl\u0131k eden dev bir haf\u0131za mekan\u0131. Ad\u0131n\u0131 bir zamanlar burada yeti\u015ftirilen mis kokulu g\u00fcl bah\u00e7elerinden (G\u00fcl-hane) alan bu b\u00f6lge, as\u0131rlar boyunca padi\u015fahlar\u0131n \u00f6zel ka\u00e7\u0131\u015f noktas\u0131yken, bug\u00fcn hepimizin en sevdi\u011fi huzur duraklar\u0131ndan biri.<\/p>\n\n\n\n<h3 class=\"wp-block-heading\">Tanzimat Ferman\u0131 ve G\u00fclhane\u2019nin Tarihi \u00d6nemi<\/h3>\n\n\n\n<p>Burada y\u00fcr\u00fcrken bast\u0131\u011f\u0131n\u0131z topra\u011f\u0131n T\u00fcrk demokrasi tarihi i\u00e7in ne kadar kritik oldu\u011funu bilmek, gezinize bamba\u015fka bir anlam kat\u0131yor. 3 Kas\u0131m 1839\u2019da, o me\u015fhur Tanzimat Ferman\u0131 tam da bu a\u011fa\u00e7lar\u0131n alt\u0131nda halka okundu. &#8220;G\u00fclhane Hatt-\u0131 H\u00fcmayunu&#8221; olarak da bildi\u011finiz bu belgeyle, Osmanl\u0131\u2019da modernle\u015fmenin ve hukukun \u00fcst\u00fcnl\u00fc\u011f\u00fcn\u00fcn ilk resmi ad\u0131m\u0131 at\u0131ld\u0131.<\/p>\n\n\n\n<h3 class=\"wp-block-heading\">Saray\u0131n D\u0131\u015f Bah\u00e7esi: Hasbah\u00e7e<\/h3>\n\n\n\n<p>Bug\u00fcn c\u0131v\u0131l c\u0131v\u0131l olan bu park, Osmanl\u0131 d\u00f6neminde Topkap\u0131 Saray\u0131\u2019n\u0131n &#8220;Hasbah\u00e7e&#8221; dedi\u011fimiz o mahrem d\u0131\u015f bah\u00e7esiydi. Yani \u00f6yle elinizi kolunuzu sallayarak giremezdiniz; buras\u0131 padi\u015fahlar\u0131n dinlendi\u011fi, cirit oyunlar\u0131n\u0131 izledi\u011fi ve saray e\u015fraf\u0131n\u0131n vakit ge\u00e7irdi\u011fi \u00e7ok \u00f6zel bir aland\u0131.<\/p>\n\n\n\n<p>1912 y\u0131l\u0131nda Belediye Ba\u015fkan\u0131 Cemil Pa\u015fa\u2019n\u0131n dokunu\u015fuyla park kap\u0131lar\u0131n\u0131 halka a\u00e7t\u0131. O g\u00fcnden beri de saray\u0131n o a\u011f\u0131rba\u015fl\u0131 havas\u0131n\u0131, \u0130stanbul\u2019un ne\u015feli ve hareketli ruhuyla birle\u015ftiriyor. Park\u0131n i\u00e7inde ba\u015f\u0131n\u0131z\u0131 yukar\u0131 kald\u0131rd\u0131\u011f\u0131n\u0131zda g\u00f6rece\u011finiz o devasa \u00e7\u0131nar a\u011fa\u00e7lar\u0131, asl\u0131nda padi\u015fahlardan bug\u00fcn\u00fcn gen\u00e7lerine kadar herkesi g\u00f6lgesinde a\u011f\u0131rlam\u0131\u015f as\u0131rl\u0131k dostlar\u0131n\u0131z.<\/p>\n\n\n\n<h2 class=\"wp-block-heading\"><span class=\"ez-toc-section\" id=\"Gulhane_Parki_Ziyaret_Bilgileri\"><\/span>G\u00fclhane Park\u0131 Ziyaret Bilgileri<span class=\"ez-toc-section-end\"><\/span><\/h2>\n\n\n\n<figure class=\"wp-block-image size-full\"><img decoding=\"async\" width=\"944\" height=\"600\" src=\"https:\/\/yolcu360.com\/blog\/wp-content\/uploads\/2023\/03\/gulhane-parki-surlar.webp\" alt=\"G\u00fclhane Park\u0131\" class=\"wp-image-75077\" srcset=\"https:\/\/yolcu360.com\/blog\/wp-content\/uploads\/2023\/03\/gulhane-parki-surlar.webp 944w, https:\/\/yolcu360.com\/blog\/wp-content\/uploads\/2023\/03\/gulhane-parki-surlar-500x318.webp 500w, https:\/\/yolcu360.com\/blog\/wp-content\/uploads\/2023\/03\/gulhane-parki-surlar-150x95.webp 150w, https:\/\/yolcu360.com\/blog\/wp-content\/uploads\/2023\/03\/gulhane-parki-surlar-768x488.webp 768w, https:\/\/yolcu360.com\/blog\/wp-content\/uploads\/2023\/03\/gulhane-parki-surlar-370x235.webp 370w, https:\/\/yolcu360.com\/blog\/wp-content\/uploads\/2023\/03\/gulhane-parki-surlar-850x541.webp 850w, https:\/\/yolcu360.com\/blog\/wp-content\/uploads\/2023\/03\/gulhane-parki-surlar-865x550.webp 865w, https:\/\/yolcu360.com\/blog\/wp-content\/uploads\/2023\/03\/gulhane-parki-surlar-642x408.webp 642w\" sizes=\"(max-width: 944px) 100vw, 944px\" \/><\/figure>\n\n\n\n<p>G\u00fclhane Park\u0131\u2019na gitmeyi planl\u0131yorsan\u0131z, kap\u0131da kalmamak veya b\u00fct\u00e7enizi ayarlamak i\u00e7in en taze bilgileri bilmenizde fayda var.<\/p>\n\n\n\n<h3 class=\"wp-block-heading\">G\u00fclhane Park\u0131 Ka\u00e7ta A\u00e7\u0131l\u0131yor, Ka\u00e7ta Kapan\u0131yor?<\/h3>\n\n\n\n<p>G\u00fcne erken ba\u015flamay\u0131 sevenlerdenseniz ya da i\u015f \u00e7\u0131k\u0131\u015f\u0131 bir hava almak istiyorsan\u0131z G\u00fclhane size geni\u015f bir zaman dilimi sunuyor. Park\u0131n kap\u0131lar\u0131 sabah 06:00\u2019da a\u00e7\u0131l\u0131yor ve gece 22:00\u2019ye kadar ziyaret\u00e7ilerini a\u011f\u0131rl\u0131yor. \u00d6zellikle bahar aylar\u0131nda ak\u015fam\u00fcst\u00fc y\u00fcr\u00fcy\u00fc\u015fleri i\u00e7in bu saatler olduk\u00e7a ideal. Ancak unutmay\u0131n; park\u0131n i\u00e7indeki m\u00fczelerin (\u0130slam Bilim ve Teknoloji Tarihi M\u00fczesi gibi) kapan\u0131\u015f saatleri parktan \u00e7ok daha erkendir, genellikle 17:00-18:00 civar\u0131nda son bulur.<\/p>\n\n\n\n<h3 class=\"wp-block-heading\">Giri\u015f \u00dccreti Var m\u0131?<\/h3>\n\n\n\n<p>En g\u00fczel haberi hemen verelim: G\u00fclhane Park\u0131 giri\u015fi tamamen \u00fccretsizdir. Herhangi bir bilet alman\u0131za veya M\u00fczekart kullanman\u0131za gerek kalmadan park\u0131n o dev \u00e7\u0131narlar\u0131 alt\u0131nda diledi\u011finizce vakit ge\u00e7irebilirsiniz. Sadece park i\u00e7indeki m\u00fczelere girmek isterseniz ayr\u0131ca bir \u00fccret \u00f6demeniz veya M\u00fczekart\u2019\u0131n\u0131z\u0131 okutman\u0131z gerekir.<\/p>\n\n\n\n<h3 class=\"wp-block-heading\">Park Resmi Tatillerde A\u00e7\u0131k m\u0131?<\/h3>\n\n\n\n<p>&#8220;Bug\u00fcn bayram, acaba kapal\u0131 m\u0131d\u0131r?&#8221; diye endi\u015fe etmenize gerek yok. G\u00fclhane Park\u0131, y\u0131l\u0131n 365 g\u00fcn\u00fc, resmi tatiller ve dini bayramlar dahil olmak \u00fczere her g\u00fcn a\u00e7\u0131kt\u0131r. 29 Ekim Cumhuriyet Bayram\u0131&#8217;ndan Ramazan Bayram\u0131&#8217;na kadar her \u00f6zel g\u00fcnde bu tarihi atmosferi soluyabilirsiniz. Hatta bayramlarda park\u0131n o ne\u015feli kalabal\u0131\u011f\u0131, size eski \u0130stanbul bayramlar\u0131n\u0131n ruhunu hat\u0131rlatabilir.<\/p>\n\n\n\n<h2 class=\"wp-block-heading\"><span class=\"ez-toc-section\" id=\"Gulhane_Parkinda_Gezilecek_Yerler\"><\/span>G\u00fclhane Park\u0131\u2019nda Gezilecek Yerler<span class=\"ez-toc-section-end\"><\/span><\/h2>\n\n\n\n<figure class=\"wp-block-image size-full\"><img loading=\"lazy\" decoding=\"async\" width=\"942\" height=\"599\" src=\"https:\/\/yolcu360.com\/blog\/wp-content\/uploads\/2023\/03\/gulhane-parki-gezilecek-yerler.webp\" alt=\"g\u00fclhane park\u0131 gezilecek yerler\" class=\"wp-image-75078\" srcset=\"https:\/\/yolcu360.com\/blog\/wp-content\/uploads\/2023\/03\/gulhane-parki-gezilecek-yerler.webp 942w, https:\/\/yolcu360.com\/blog\/wp-content\/uploads\/2023\/03\/gulhane-parki-gezilecek-yerler-500x318.webp 500w, https:\/\/yolcu360.com\/blog\/wp-content\/uploads\/2023\/03\/gulhane-parki-gezilecek-yerler-150x95.webp 150w, https:\/\/yolcu360.com\/blog\/wp-content\/uploads\/2023\/03\/gulhane-parki-gezilecek-yerler-768x488.webp 768w, https:\/\/yolcu360.com\/blog\/wp-content\/uploads\/2023\/03\/gulhane-parki-gezilecek-yerler-370x235.webp 370w, https:\/\/yolcu360.com\/blog\/wp-content\/uploads\/2023\/03\/gulhane-parki-gezilecek-yerler-850x541.webp 850w, https:\/\/yolcu360.com\/blog\/wp-content\/uploads\/2023\/03\/gulhane-parki-gezilecek-yerler-865x550.webp 865w, https:\/\/yolcu360.com\/blog\/wp-content\/uploads\/2023\/03\/gulhane-parki-gezilecek-yerler-642x408.webp 642w\" sizes=\"(max-width: 942px) 100vw, 942px\" \/><\/figure>\n\n\n\n<p>G\u00fclhane Park\u0131 sadece a\u011fa\u00e7lardan ve \u00e7i\u00e7eklerden ibaret bir ye\u015fil alan de\u011fil; i\u00e7inde Roma\u2019dan Osmanl\u0131\u2019ya, bilimden edebiyata kadar pek \u00e7ok hazineyi bar\u0131nd\u0131ran dev bir k\u00fclt\u00fcr kompleksi. Park\u0131n o me\u015fhur ana yolunda y\u00fcr\u00fcrken sa\u011fa sola sapmay\u0131 ihmal etmeyin, \u00e7\u00fcnk\u00fc as\u0131l s\u00fcrprizler o patikalarda gizli.<\/p>\n\n\n\n<h3 class=\"wp-block-heading\">1. \u0130slam Bilim ve Teknoloji Tarihi M\u00fczesi<\/h3>\n\n\n\n<p>Park\u0131n hemen giri\u015fine yak\u0131n, eski Has Ah\u0131rlar binas\u0131nda yer alan bu m\u00fcze, sizi bilimin alt\u0131n \u00e7a\u011f\u0131na g\u00f6t\u00fcr\u00fcyor. M\u00fcsl\u00fcman bilim insanlar\u0131n\u0131n y\u00fczy\u0131llar \u00f6nce astronomi, t\u0131p, kimya ve m\u00fchendislik alanlar\u0131nda yapt\u0131\u011f\u0131 icatlar\u0131n birebir kopyalar\u0131n\u0131 burada g\u00f6rebilirsiniz. \u00d6zellikle bah\u00e7esindeki devasa G\u00fcne\u015f Saati ve i\u00e7erideki usturlap koleksiyonu, teknolojinin k\u00f6klerini anlamak isteyenler i\u00e7in tam bir ke\u015fif noktas\u0131. M\u00fcze giri\u015finde M\u00fczekart ge\u00e7iyor, mutlaka u\u011framan\u0131z\u0131 \u00f6neririz. <\/p>\n\n\n\n<ul class=\"wp-block-list\">\n<li><a href=\"https:\/\/maps.app.goo.gl\/1xJEhLYLTearcCWn8\" target=\"_blank\" rel=\"noreferrer noopener\">\u0130stanbul Bilim ve Teknoloji Tarihi M\u00fczesi&#8217;ni haritada g\u00f6ster<\/a><\/li>\n<\/ul>\n\n\n\n<h3 class=\"wp-block-heading\">2. Gotlar S\u00fctunu: \u0130stanbul\u2019un En Eski An\u0131tlar\u0131ndan Biri<\/h3>\n\n\n\n<p>Park\u0131n deniz taraf\u0131na do\u011fru, a\u011fa\u00e7lar\u0131n aras\u0131na gizlenmi\u015f 15 metre boyunda tek par\u00e7a mermer bir s\u00fctun g\u00f6receksiniz. Bu, \u0130stanbul\u2019un g\u00fcn\u00fcm\u00fcze ula\u015fan en eski Roma an\u0131t\u0131 olan Gotlar S\u00fctunu. MS 3. veya 4. y\u00fczy\u0131lda Romal\u0131lar\u0131n Gotlara kar\u015f\u0131 kazand\u0131\u011f\u0131 zaferi kutlamak i\u00e7in dikildi\u011fi d\u00fc\u015f\u00fcn\u00fcl\u00fcyor. \u015eehrin binlerce y\u0131ll\u0131k tarihine sessizce tan\u0131kl\u0131k eden bu devasa s\u00fctun, park\u0131n en mistik ve en \u00e7ok foto\u011fraflanan noktalar\u0131ndan biri.<\/p>\n\n\n\n<ul class=\"wp-block-list\">\n<li><a href=\"https:\/\/maps.app.goo.gl\/MsBkbHMf9KXNSzWd8\" target=\"_blank\" rel=\"noreferrer noopener\">Gotlar S\u00fctunu&#8217;nu haritada g\u00f6ster<\/a><\/li>\n<\/ul>\n\n\n\n<h3 class=\"wp-block-heading\">3. Sarayburnu Park\u0131 ve Muazzam Bo\u011faz Manzaras\u0131<\/h3>\n\n\n\n<p>G\u00fclhane\u2019nin o uzun yolunu sonuna kadar y\u00fcr\u00fcd\u00fc\u011f\u00fcn\u00fczde kar\u015f\u0131n\u0131za masmavi bir sonsuzluk \u00e7\u0131k\u0131yor: Sarayburnu. Park\u0131n denizle bulu\u015ftu\u011fu bu noktada hem Bo\u011faz\u2019\u0131n giri\u015fini hem de Marmara Denizi\u2019ni ku\u015f bak\u0131\u015f\u0131 izleyebilirsiniz. \u00d6zellikle g\u00fcn bat\u0131m\u0131na yak\u0131n saatlerde vapur d\u00fcd\u00fckleri e\u015fli\u011finde denizi seyretmek, \u0130stanbul\u2019da oldu\u011funuzu size en derinden hissettirecek anlardan biri olacak.<\/p>\n\n\n\n<ul class=\"wp-block-list\">\n<li><a href=\"https:\/\/maps.app.goo.gl\/3JxXP4f1YYiujnkq8\" target=\"_blank\" rel=\"noreferrer noopener\">Sarayburnu Park\u0131&#8217;n\u0131 haritada g\u00f6ster<\/a><\/li>\n<\/ul>\n\n\n\n<h3 class=\"wp-block-heading\">4. Ahmet Hamdi Tanp\u0131nar Edebiyat M\u00fczesi ve K\u00fct\u00fcphanesi<\/h3>\n\n\n\n<p>Park\u0131n giri\u015f kap\u0131s\u0131n\u0131n hemen yan\u0131ndaki o zarif, tarihi k\u00f6\u015fk (Alay K\u00f6\u015fk\u00fc\u2019n\u00fcn hemen alt\u0131) asl\u0131nda edebiyat tutkunlar\u0131 i\u00e7in bir mabet. Ahmet Hamdi Tanp\u0131nar\u2019dan Yahya Kemal\u2019e kadar \u0130stanbul\u2019un ruhunu yazan yazarlar\u0131n ki\u015fisel e\u015fyalar\u0131n\u0131 ve eserlerini burada g\u00f6rebilirsiniz. Y\u00fcksek tavanl\u0131, kitap kokulu odalar\u0131nda oturup bir \u015feyler okumak ya da sadece o sessizli\u011fi solumak, park gezisine entelekt\u00fcel bir mola vermek isteyenler i\u00e7in harika bir se\u00e7enek.<\/p>\n\n\n\n<ul class=\"wp-block-list\">\n<li><a href=\"https:\/\/maps.app.goo.gl\/L9ugupeevZYqfp7S6\" target=\"_blank\" rel=\"noreferrer noopener\">Ahmet Hamdi Tamp\u0131nar Edebiyat M\u00fczesi ve K\u00fct\u00fcphanesi<\/a><\/li>\n<\/ul>\n\n\n\n<h2 class=\"wp-block-heading\"><span class=\"ez-toc-section\" id=\"Gulhane_Parkinda_Yapilacak_Aktiviteler\"><\/span>G\u00fclhane Park\u0131\u2019nda Yap\u0131lacak Aktiviteler<span class=\"ez-toc-section-end\"><\/span><\/h2>\n\n\n\n<figure class=\"wp-block-image size-large\"><img loading=\"lazy\" decoding=\"async\" width=\"1024\" height=\"576\" src=\"https:\/\/yolcu360.com\/blog\/wp-content\/uploads\/2023\/03\/gulhane-parki-lale-festivali-1024x576.webp\" alt=\"g\u00fclhane park\u0131'nda ne yap\u0131l\u0131r\" class=\"wp-image-75079\" srcset=\"https:\/\/yolcu360.com\/blog\/wp-content\/uploads\/2023\/03\/gulhane-parki-lale-festivali-1024x576.webp 1024w, https:\/\/yolcu360.com\/blog\/wp-content\/uploads\/2023\/03\/gulhane-parki-lale-festivali-500x281.webp 500w, https:\/\/yolcu360.com\/blog\/wp-content\/uploads\/2023\/03\/gulhane-parki-lale-festivali-150x84.webp 150w, https:\/\/yolcu360.com\/blog\/wp-content\/uploads\/2023\/03\/gulhane-parki-lale-festivali-768x432.webp 768w, https:\/\/yolcu360.com\/blog\/wp-content\/uploads\/2023\/03\/gulhane-parki-lale-festivali-370x208.webp 370w, https:\/\/yolcu360.com\/blog\/wp-content\/uploads\/2023\/03\/gulhane-parki-lale-festivali-865x486.webp 865w, https:\/\/yolcu360.com\/blog\/wp-content\/uploads\/2023\/03\/gulhane-parki-lale-festivali-642x361.webp 642w, https:\/\/yolcu360.com\/blog\/wp-content\/uploads\/2023\/03\/gulhane-parki-lale-festivali-270x152.webp 270w, https:\/\/yolcu360.com\/blog\/wp-content\/uploads\/2023\/03\/gulhane-parki-lale-festivali.webp 1067w\" sizes=\"(max-width: 1024px) 100vw, 1024px\" \/><\/figure>\n\n\n\n<p>G\u00fclhane Park\u0131&#8217;na sadece &#8220;bir park\u0131 gezmeye&#8221; gitmiyorsunuz; asl\u0131nda \u0130stanbul\u2019un en zarif zaman dilimlerinden birine misafir oluyorsunuz. E\u011fer yolunuz buraya d\u00fc\u015ft\u00fcyse, bu tarihi atmosferi tam anlam\u0131yla ya\u015faman\u0131z i\u00e7in yapman\u0131z gereken birka\u00e7 &#8220;olmazsa olmaz&#8221; aktivite var.<\/p>\n\n\n\n<h3 class=\"wp-block-heading\">1. Lale Festivali Zaman\u0131: G\u00fclhane\u2019de Renk C\u00fcmb\u00fc\u015f\u00fc<\/h3>\n\n\n\n<p>E\u011fer ziyaretiniz Nisan ay\u0131na denk geliyorsa, kendinizi bir renk karnaval\u0131n\u0131n ortas\u0131nda bulmaya haz\u0131r olun! \u0130stanbul\u2019un me\u015fhur Lale Festivali s\u0131ras\u0131nda G\u00fclhane, binlerce lalenin olu\u015fturdu\u011fu devasa bir \u00e7i\u00e7ek hal\u0131s\u0131na d\u00f6n\u00fc\u015f\u00fcyor. Park\u0131n her k\u00f6\u015fesinde farkl\u0131 desenlerle dikilen laleler, as\u0131rl\u0131k a\u011fa\u00e7lar\u0131n ye\u015filiyle birle\u015fince ortaya \u00e7\u0131kan G\u00fclhane Park\u0131 resimleri kelimenin tam anlam\u0131yla b\u00fcy\u00fcleyici oluyor. Bu d\u00f6nemde foto\u011fraf makinenizi yan\u0131n\u0131za almay\u0131 sak\u0131n unutmay\u0131n; \u00e7\u00fcnk\u00fc \u015fehrin en iyi &#8220;bahar geldi&#8221; kareleri tam burada \u00e7ekiliyor.<\/p>\n\n\n\n<h3 class=\"wp-block-heading\">2. Bo\u011faz\u2019a Kar\u015f\u0131 Bir Yorgunluk \u00c7ay\u0131<\/h3>\n\n\n\n<p>Park\u0131n i\u00e7inde, deniz taraf\u0131na do\u011fru en uca kadar y\u00fcr\u00fcd\u00fc\u011f\u00fcn\u00fczde kar\u015f\u0131n\u0131za \u00e7\u0131kan \u00e7ay bah\u00e7eleri, \u0130stanbul\u2019un en ikonik mola noktalar\u0131ndan biridir. Buras\u0131 \u00f6yle l\u00fcks bir mekan de\u011fil; ama sundu\u011fu manzara paha bi\u00e7ilemez! Masan\u0131za oturdu\u011funuzda bir yan\u0131n\u0131zda Topkap\u0131 Saray\u0131\u2019n\u0131n surlar\u0131, tam kar\u015f\u0131n\u0131zda ise Bo\u011faz\u2019\u0131n giri\u015fini, K\u0131z Kulesi\u2019ni ve vapur trafi\u011fini izleyebilirsiniz. \u015eehrin karma\u015fas\u0131ndan sadece bir ad\u0131m uzakta, hafif bir esinti e\u015fli\u011finde i\u00e7ece\u011finiz demli bir \u00e7ay, t\u00fcm yorgunlu\u011funuzu bir anda al\u0131p g\u00f6t\u00fcrecek.<\/p>\n\n\n\n<h3 class=\"wp-block-heading\">3. Tarihi \u00c7\u0131narlar Alt\u0131nda Do\u011fa ve Foto\u011fraf Y\u00fcr\u00fcy\u00fc\u015f\u00fc<\/h3>\n\n\n\n<p>G\u00fclhane\u2019nin alametifarikas\u0131, park\u0131n ana yolunu bir t\u00fcnel gibi saran o devasa, as\u0131rl\u0131k \u00e7\u0131nar a\u011fa\u00e7lar\u0131d\u0131r. Bu a\u011fa\u00e7lar\u0131n alt\u0131nda y\u00fcr\u00fcrken kendinizi bir d\u00f6nem filminin setinde gibi hissedebilirsiniz.<\/p>\n\n\n\n<ul class=\"wp-block-list\">\n<li><strong>Foto\u011fraf Tutkunlar\u0131 \u0130\u00e7in:<\/strong> I\u015f\u0131\u011f\u0131n a\u011fa\u00e7 dallar\u0131 aras\u0131ndan s\u00fcz\u00fcld\u00fc\u011f\u00fc sabah saatleri, derinlikli sokak foto\u011fraflar\u0131 yakalamak i\u00e7in e\u015fsizdir.<\/li>\n\n\n\n<li><strong>Huzur Arayanlar \u0130\u00e7in:<\/strong> Ana kalabal\u0131ktan uzakla\u015f\u0131p yan patikalara saparsan\u0131z, ku\u015f sesleri e\u015fli\u011finde sessiz bir y\u00fcr\u00fcy\u00fc\u015f yapabilir, park\u0131n gizli kalm\u0131\u015f heykellerini ve s\u00fcs havuzlar\u0131n\u0131 ke\u015ffedebilirsiniz.<\/li>\n<\/ul>\n\n\n\n<p><a href=\"https:\/\/yolcu360.com\/blog\/istanbul-gezilecek-yerler\/\" target=\"_blank\" rel=\"noreferrer noopener\">\u0130stanbul&#8217;da gezilecek yerleri merak ediyorsan\u0131z bu yaz\u0131m\u0131za g\u00f6z at\u0131n.<\/a><\/p>\n\n\n\n<blockquote class=\"wp-block-quote is-layout-flow wp-block-quote-is-layout-flow\">\n<h2 class=\"wp-block-heading\"><span class=\"ez-toc-section\" id=\"Ekonomik_bir_Istanbul_gezisi_icin_Yolcu360_mobil_uygulamasini_indirin\"><\/span>Ekonomik bir \u0130stanbul gezisi i\u00e7in Yolcu360 mobil uygulamas\u0131n\u0131 indirin:<span class=\"ez-toc-section-end\"><\/span><\/h2>\n<\/blockquote>\n\n\n\n<div class=\"wp-block-group is-vertical is-layout-flex wp-container-core-group-is-layout-8cf370e7 wp-block-group-is-layout-flex\">\n<figure class=\"wp-block-image size-full is-resized\"><a href=\"https:\/\/apps.apple.com\/tr\/app\/yolcu360-car-rental\/id1331933613\" target=\"_blank\" rel=\" noreferrer noopener\"><img loading=\"lazy\" decoding=\"async\" width=\"606\" height=\"160\" src=\"https:\/\/yolcu360.com\/blog\/wp-content\/uploads\/2025\/10\/yolcu360-mobil-ios.png\" alt=\"ios yolcu360 mobil uygulama indirme butonu\" class=\"lazyload_inited wp-image-69904\" style=\"width:543px;height:auto\" srcset=\"https:\/\/yolcu360.com\/blog\/wp-content\/uploads\/2025\/10\/yolcu360-mobil-ios.png 606w, https:\/\/yolcu360.com\/blog\/wp-content\/uploads\/2025\/10\/yolcu360-mobil-ios-500x132.png 500w, https:\/\/yolcu360.com\/blog\/wp-content\/uploads\/2025\/10\/yolcu360-mobil-ios-150x40.png 150w, https:\/\/yolcu360.com\/blog\/wp-content\/uploads\/2025\/10\/yolcu360-mobil-ios-370x98.png 370w\" sizes=\"(max-width: 606px) 100vw, 606px\" \/><\/a><\/figure>\n\n\n\n<figure class=\"wp-block-image size-full\"><a href=\"https:\/\/play.google.com\/store\/apps\/details?id=com.yolcu360\" target=\"_blank\" rel=\" noreferrer noopener\"><img loading=\"lazy\" decoding=\"async\" width=\"541\" height=\"160\" src=\"https:\/\/yolcu360.com\/blog\/wp-content\/uploads\/2025\/10\/yolcu360-mobil-android.png\" alt=\"android yolcu360 mobil uygulama indirme butonu\" class=\"lazyload_inited wp-image-69906\" srcset=\"https:\/\/yolcu360.com\/blog\/wp-content\/uploads\/2025\/10\/yolcu360-mobil-android.png 541w, https:\/\/yolcu360.com\/blog\/wp-content\/uploads\/2025\/10\/yolcu360-mobil-android-500x148.png 500w, https:\/\/yolcu360.com\/blog\/wp-content\/uploads\/2025\/10\/yolcu360-mobil-android-150x44.png 150w, https:\/\/yolcu360.com\/blog\/wp-content\/uploads\/2025\/10\/yolcu360-mobil-android-370x109.png 370w\" sizes=\"(max-width: 600px) 100vw, 541px\" \/><\/a><\/figure>\n\n\n\n<figure class=\"wp-block-image size-full is-resized\"><a href=\"https:\/\/appgallery.huawei.com\/#\/app\/C102881793\" target=\"_blank\" rel=\" noreferrer noopener\"><img loading=\"lazy\" decoding=\"async\" width=\"534\" height=\"160\" src=\"https:\/\/yolcu360.com\/blog\/wp-content\/uploads\/2025\/10\/yolcu360-mobil-huawei.png\" alt=\"huawei yolcu360 mobil uygulama indirme butonu\" class=\"lazyload_inited wp-image-69908\" style=\"width:542px;height:auto\" srcset=\"https:\/\/yolcu360.com\/blog\/wp-content\/uploads\/2025\/10\/yolcu360-mobil-huawei.png 534w, https:\/\/yolcu360.com\/blog\/wp-content\/uploads\/2025\/10\/yolcu360-mobil-huawei-500x150.png 500w, https:\/\/yolcu360.com\/blog\/wp-content\/uploads\/2025\/10\/yolcu360-mobil-huawei-150x45.png 150w, https:\/\/yolcu360.com\/blog\/wp-content\/uploads\/2025\/10\/yolcu360-mobil-huawei-370x111.png 370w\" sizes=\"(max-width: 600px) 100vw, 534px\" \/><\/a><\/figure>\n<\/div>\n\n\n<div id=\"rank-math-faq\" class=\"rank-math-block\">\n<div class=\"rank-math-list \">\n<div id=\"faq-question-1773842591703\" class=\"rank-math-list-item\">\n<h3 class=\"rank-math-question \">G\u00fclhane Park\u0131 ka\u00e7ta kapan\u0131yor?<\/h3>\n<div class=\"rank-math-answer \">\n\n<p>Park, her g\u00fcn sabah <strong>06:00<\/strong>\u2019da kap\u0131lar\u0131n\u0131 a\u00e7\u0131yor ve gece <strong>22:00<\/strong>\u2019de kapan\u0131yor. Ak\u015fam y\u00fcr\u00fcy\u00fc\u015fleri i\u00e7in olduk\u00e7a geni\u015f bir zaman dilimi sunuyor.<\/p>\n\n<\/div>\n<\/div>\n<div id=\"faq-question-1773842615723\" class=\"rank-math-list-item\">\n<h3 class=\"rank-math-question \">G\u00fclhane Park\u0131&#8217;nda ceviz a\u011fac\u0131 nerede?<\/h3>\n<div class=\"rank-math-answer \">\n\n<p>Asl\u0131nda parkta ger\u00e7ek bir &#8220;me\u015fhur&#8221; ceviz a\u011fac\u0131 ar\u0131yorsan, fiziksel bir a\u011fa\u00e7tan ziyade Naz\u0131m Hikmet\u2019in o \u00f6l\u00fcms\u00fcz &#8220;Ceviz A\u011fac\u0131&#8221; \u015fiirini hat\u0131rlamal\u0131s\u0131n. \u015eiirde ge\u00e7en &#8220;Ben bir ceviz a\u011fac\u0131y\u0131m G\u00fclhane Park\u0131&#8217;nda&#8221; dizesi buray\u0131 simgele\u015ftirmi\u015ftir; ancak park\u0131n her k\u00f6\u015fesindeki ulu \u00e7\u0131narlar bu efsanevi ruhu ya\u015fat\u0131yor.<\/p>\n\n<\/div>\n<\/div>\n<div id=\"faq-question-1773842634122\" class=\"rank-math-list-item\">\n<h3 class=\"rank-math-question \">G\u00fclhane Park\u0131 hangi yakada?<\/h3>\n<div class=\"rank-math-answer \">\n\n<p>G\u00fclhane Park\u0131, \u0130stanbul\u2019un <strong>Avrupa Yakas\u0131<\/strong>\u2019ndad\u0131r. Tarihi Yar\u0131mada\u2019n\u0131n tam ucunda, Fatih il\u00e7esi s\u0131n\u0131rlar\u0131 i\u00e7erisinde yer al\u0131r.<\/p>\n\n<\/div>\n<\/div>\n<div id=\"faq-question-1773842686616\" class=\"rank-math-list-item\">\n<h3 class=\"rank-math-question \">G\u00fclhane Park\u0131&#8217;na giri\u015f \u00fccretli mi?<\/h3>\n<div class=\"rank-math-answer \">\n\n<p>Hay\u0131r, park\u0131n kendisine giri\u015f tamamen <strong>\u00fccretsizdir.<\/strong> Sadece i\u00e7erisindeki m\u00fczeleri gezmek isterseniz bilet alman\u0131z veya M\u00fczekart kullanman\u0131z gerekir.<\/p>\n\n<\/div>\n<\/div>\n<div id=\"faq-question-1773844769344\" class=\"rank-math-list-item\">\n<h3 class=\"rank-math-question \">G\u00fclhane Park\u0131 kimin eseri?<\/h3>\n<div class=\"rank-math-answer \">\n\n<p>Park\u0131n ge\u00e7mi\u015fi Bizans ve Osmanl\u0131 saray bah\u00e7elerine (Hasbah\u00e7e) dayan\u0131r. Ancak modern bir halk park\u0131 olarak d\u00fczenlenip 1912&#8217;de a\u00e7\u0131lmas\u0131n\u0131 sa\u011flayan d\u00f6nemin \u0130stanbul Belediye Ba\u015fkan\u0131 Operat\u00f6r Cemil Pa\u015fa&#8217;d\u0131r (Cemil Topuzlu).<\/p>\n\n<\/div>\n<\/div>\n<\/div>\n<\/div>","protected":false},"excerpt":{"rendered":"<p>G\u00fclhane Park\u0131, \u0130stanbul\u2019un kalbinde, as\u0131rl\u0131k \u00e7\u0131nar a\u011fa\u00e7lar\u0131n\u0131n g\u00f6lgesinde tarihin ve do\u011fan\u0131n sessizce f\u0131s\u0131lda\u015ft\u0131\u011f\u0131 e\u015fsiz bir vahad\u0131r. Osmanl\u0131 \u0130mparatorlu\u011fu d\u00f6neminde Topkap\u0131 Saray\u0131\u2019n\u0131n d\u0131\u015f bah\u00e7esi (Hasbah\u00e7e) olarak kullan\u0131lan bu kadim alan, bug\u00fcn \u015fehrin g\u00fcr\u00fclt\u00fcs\u00fcnden ka\u00e7\u0131p nefes almak isteyen misafirlerine b\u00fcy\u00fcleyici bir deneyim sunuyor. Tanzimat Ferman\u0131\u2019n\u0131n okundu\u011fu topraklardan Sarayburnu\u2019nun iyot kokulu r\u00fczgarlar\u0131na kadar her k\u00f6\u015fesi ayr\u0131 bir hikaye&hellip;<\/p>\n","protected":false},"author":27,"featured_media":59449,"comment_status":"open","ping_status":"closed","sticky":false,"template":"","format":"standard","meta":{"_lmt_disableupdate":"","_lmt_disable":"","footnotes":""},"categories":[18,548],"tags":[3475],"class_list":["post-10424","post","type-post","status-publish","format-standard","has-post-thumbnail","hentry","category-gezi-rehberleri","category-yasam","tag-istanbul"],"modified_by":"Yolcu360 Blog","_links":{"self":[{"href":"https:\/\/yolcu360.com\/blog\/wp-json\/wp\/v2\/posts\/10424","targetHints":{"allow":["GET"]}}],"collection":[{"href":"https:\/\/yolcu360.com\/blog\/wp-json\/wp\/v2\/posts"}],"about":[{"href":"https:\/\/yolcu360.com\/blog\/wp-json\/wp\/v2\/types\/post"}],"author":[{"embeddable":true,"href":"https:\/\/yolcu360.com\/blog\/wp-json\/wp\/v2\/users\/27"}],"replies":[{"embeddable":true,"href":"https:\/\/yolcu360.com\/blog\/wp-json\/wp\/v2\/comments?post=10424"}],"version-history":[{"count":7,"href":"https:\/\/yolcu360.com\/blog\/wp-json\/wp\/v2\/posts\/10424\/revisions"}],"predecessor-version":[{"id":75088,"href":"https:\/\/yolcu360.com\/blog\/wp-json\/wp\/v2\/posts\/10424\/revisions\/75088"}],"wp:featuredmedia":[{"embeddable":true,"href":"https:\/\/yolcu360.com\/blog\/wp-json\/wp\/v2\/media\/59449"}],"wp:attachment":[{"href":"https:\/\/yolcu360.com\/blog\/wp-json\/wp\/v2\/media?parent=10424"}],"wp:term":[{"taxonomy":"category","embeddable":true,"href":"https:\/\/yolcu360.com\/blog\/wp-json\/wp\/v2\/categories?post=10424"},{"taxonomy":"post_tag","embeddable":true,"href":"https:\/\/yolcu360.com\/blog\/wp-json\/wp\/v2\/tags?post=10424"}],"curies":[{"name":"wp","href":"https:\/\/api.w.org\/{rel}","templated":true}]}}